{"id":22944,"date":"2026-09-03T13:02:02","date_gmt":"2026-09-03T17:02:02","guid":{"rendered":"https:\/\/ifa.uv.cl\/?p=22944"},"modified":"2026-09-03T14:22:11","modified_gmt":"2026-09-03T18:22:11","slug":"astronomo-uv-alerta-sobre-la-contaminacion-luminica-proteger-nuestros-cielos-es-proteger-un-patrimonio-unico","status":"publish","type":"post","link":"https:\/\/ifa.uv.cl\/en\/astronomo-uv-alerta-sobre-la-contaminacion-luminica-proteger-nuestros-cielos-es-proteger-un-patrimonio-unico\/","title":{"rendered":"Astr\u00f3nomo UV alerta sobre la contaminaci\u00f3n lum\u00ednica: \u201cProteger nuestros cielos es proteger un patrimonio \u00fanico\u201d"},"content":{"rendered":"\t\t<div data-elementor-type=\"wp-post\" data-elementor-id=\"22944\" class=\"elementor elementor-22944\">\n\t\t\t\t\t\t\t\t\t<section class=\"elementor-section elementor-top-section elementor-element elementor-element-7c7f122 elementor-section-boxed elementor-section-height-default elementor-section-height-default qodef-elementor-content-no\" data-id=\"7c7f122\" data-element_type=\"section\">\n\t\t\t\t\t\t<div class=\"elementor-container elementor-column-gap-default\">\n\t\t\t\t\t<div class=\"elementor-column elementor-col-100 elementor-top-column elementor-element elementor-element-aa8a5ae\" data-id=\"aa8a5ae\" data-element_type=\"column\">\n\t\t\t<div class=\"elementor-widget-wrap elementor-element-populated\">\n\t\t\t\t\t\t\t\t<div class=\"elementor-element elementor-element-d3cf318 elementor-widget elementor-widget-text-editor\" data-id=\"d3cf318\" data-element_type=\"widget\" data-widget_type=\"text-editor.default\">\n\t\t\t\t<div class=\"elementor-widget-container\">\n\t\t\t<style>\/*! elementor - v3.6.7 - 03-07-2022 *\/\n.elementor-widget-text-editor.elementor-drop-cap-view-stacked .elementor-drop-cap{background-color:#818a91;color:#fff}.elementor-widget-text-editor.elementor-drop-cap-view-framed .elementor-drop-cap{color:#818a91;border:3px solid;background-color:transparent}.elementor-widget-text-editor:not(.elementor-drop-cap-view-default) .elementor-drop-cap{margin-top:8px}.elementor-widget-text-editor:not(.elementor-drop-cap-view-default) .elementor-drop-cap-letter{width:1em;height:1em}.elementor-widget-text-editor .elementor-drop-cap{float:left;text-align:center;line-height:1;font-size:50px}.elementor-widget-text-editor .elementor-drop-cap-letter{display:inline-block}<\/style>\t\t\t\t<p>3 septiembre 2026<\/p><p>El acad\u00e9mico del Instituto de F\u00edsica y Astronom\u00eda de la Universidad de Valpara\u00edso e investigador del N\u00facleo Milenio de Galaxias MINGAL, Eduardo Ibar, advierte sobre la importancia de mantener altos est\u00e1ndares frente a la contaminaci\u00f3n lum\u00ednica y resguardar no solo la astronom\u00eda, sino tambi\u00e9n la biodiversidad, la salud humana y el patrimonio cultural asociado a los cielos oscuros.<\/p><blockquote><p>El Ministerio del Medio Ambiente (MMA) inici\u00f3 durante agosto un nuevo proceso de revisi\u00f3n de la Norma Lum\u00ednica vigente en Chile, en un contexto marcado por la necesidad de compatibilizar su implementaci\u00f3n con los procesos de recambio de luminarias que deben realizar las municipalidades del pa\u00eds. El proceso permite que personas e instituciones interesadas hagan llegar sus observaciones hasta el pr\u00f3ximo 22 de octubre.<\/p><\/blockquote><p>Para Eduardo Ibar Plasser, acad\u00e9mico del Instituto de F\u00edsica y Astronom\u00eda de la Universidad de Valpara\u00edso (IFA UV), la discusi\u00f3n resulta especialmente relevante debido a las m\u00faltiples consecuencias que tiene el exceso y el uso inadecuado de la iluminaci\u00f3n artificial durante la noche.<\/p><p>\u201cLa contaminaci\u00f3n lum\u00ednica no es solamente un problema para quienes hacemos astronom\u00eda. Estamos hablando de una alteraci\u00f3n de la oscuridad natural de la noche que tiene consecuencias sobre los ecosistemas, la salud de las personas, nuestro patrimonio cultural y tambi\u00e9n sobre la posibilidad de seguir observando el Universo desde Chile\u201d, explica Eduardo Ibar.<\/p><p>De acuerdo con la definici\u00f3n del Ministerio del Medio Ambiente recogida por el acad\u00e9mico, la contaminaci\u00f3n lum\u00ednica corresponde a la alteraci\u00f3n de la oscuridad natural de la noche provocada por luz desaprovechada, innecesaria o inadecuada proveniente del alumbrado exterior, fen\u00f3meno que genera impactos tanto en la salud como en los seres vivos.<\/p><p><strong>Un patrimonio cient\u00edfico que requiere protecci\u00f3n<\/strong><\/p><p>Chile posee condiciones excepcionales para la observaci\u00f3n astron\u00f3mica. Sin embargo, el crecimiento de las ciudades, carreteras y otras infraestructuras puede aumentar considerablemente el brillo artificial del cielo.<\/p><p>Uno de los antecedentes presentados por Ibar permite dimensionar este fen\u00f3meno: la iluminaci\u00f3n de la carretera entre Vallenar y La Serena signific\u00f3 un incremento de la contaminaci\u00f3n lum\u00ednica de un factor dos en el Observatorio Las Campanas.<\/p><div id=\"attachment_22954\" style=\"width: 310px\" class=\"wp-caption alignleft\"><img loading=\"lazy\" decoding=\"async\" aria-describedby=\"caption-attachment-22954\" class=\"wp-image-22954 size-medium\" src=\"https:\/\/ifa.uv.cl\/wp-content\/uploads\/2026\/09\/Dr-Ibar-1-300x207.jpg\" alt=\"Dr Eduardo Ibar\" width=\"300\" height=\"207\" srcset=\"https:\/\/ifa.uv.cl\/wp-content\/uploads\/2026\/09\/Dr-Ibar-1-300x207.jpg 300w, https:\/\/ifa.uv.cl\/wp-content\/uploads\/2026\/09\/Dr-Ibar-1-1024x706.jpg 1024w, https:\/\/ifa.uv.cl\/wp-content\/uploads\/2026\/09\/Dr-Ibar-1-768x529.jpg 768w, https:\/\/ifa.uv.cl\/wp-content\/uploads\/2026\/09\/Dr-Ibar-1-1536x1058.jpg 1536w, https:\/\/ifa.uv.cl\/wp-content\/uploads\/2026\/09\/Dr-Ibar-1-2048x1411.jpg 2048w\" sizes=\"auto, (max-width: 300px) 100vw, 300px\" \/><p id=\"caption-attachment-22954\" class=\"wp-caption-text\">Dr Eduardo Ibar<\/p><\/div><p>\u201cMuchas veces pensamos que una luminaria individual no puede producir un impacto importante, pero cuando sumamos miles de fuentes de iluminaci\u00f3n y estas no est\u00e1n correctamente dise\u00f1adas, el efecto acumulativo puede ser enorme. Para la astronom\u00eda, aumentar el brillo del cielo significa perder contraste y, con ello, dejar de detectar los objetos m\u00e1s d\u00e9biles del Universo\u201d, se\u00f1ala Ibar.<\/p><p>Precisamente, una de las consecuencias directas de la contaminaci\u00f3n lum\u00ednica para la observaci\u00f3n astron\u00f3mica es la p\u00e9rdida de capacidad de contraste del cielo nocturno, lo que dificulta o incluso imposibilita observar los objetos astron\u00f3micos m\u00e1s d\u00e9biles.<\/p><p>El problema, adem\u00e1s, tiene una dimensi\u00f3n mundial. Los antecedentes recopilados por Ibar se\u00f1alan que la V\u00eda L\u00e1ctea ya se encuentra oculta para m\u00e1s de un tercio de la humanidad debido a la iluminaci\u00f3n artificial. Actualmente, una de las principales herramientas para monitorear el fen\u00f3meno a escala global son las observaciones satelitales, particularmente mediante el instrumento VIIRS-DNB a bordo del sat\u00e9lite Suomi NPP.<\/p><p><strong>El problema de la luz azul<\/strong><\/p><p>Uno de los aspectos especialmente relevantes de la regulaci\u00f3n es el tipo de luz utilizada. La luz azulada se dispersa en la atm\u00f3sfera mucho m\u00e1s que la luz \u00e1mbar, por lo que la proliferaci\u00f3n de iluminaci\u00f3n LED blanca en las ciudades requiere especial atenci\u00f3n. El problema, destaca Ibar, trasciende la astronom\u00eda y constituye tambi\u00e9n una materia ambiental y de salud p\u00fablica.<\/p><p>\u201cLa discusi\u00f3n no consiste en elegir entre tener ciudades iluminadas o proteger el cielo. Podemos iluminar bien y, al mismo tiempo, reducir los efectos negativos. Lo importante es utilizar la cantidad de luz necesaria, dirigirla hacia donde realmente se necesita y controlar adecuadamente su espectro, especialmente la componente azul\u201d, sostiene el acad\u00e9mico.<\/p><p>La contaminaci\u00f3n lum\u00ednica puede tener consecuencias en diferentes \u00e1mbitos. Entre ellas se encuentran la alteraci\u00f3n de aves migratorias y otros impactos sobre la biodiversidad, efectos sobre la producci\u00f3n de melatonina en las personas, p\u00e9rdida de eficiencia energ\u00e9tica, afectaci\u00f3n del astroturismo y deterioro del patrimonio cultural vinculado a la observaci\u00f3n del cielo y las cosmovisiones ancestrales.<\/p><p><strong>Una norma para todo Chile<\/strong><\/p><p>La regulaci\u00f3n chilena experiment\u00f3 un cambio significativo con el Decreto Supremo N.\u00ba 1 de 2022 del Ministerio del Medio Ambiente, que estableci\u00f3 una nueva Norma Lum\u00ednica en reemplazo de la regulaci\u00f3n contenida en el Decreto Supremo N.\u00ba 43 de 2012.<\/p><p>Entre sus principales modificaciones se encuentra la incorporaci\u00f3n de la biodiversidad y la salud humana entre sus objetivos de protecci\u00f3n y la extensi\u00f3n de la normativa a todo el territorio nacional. Asimismo, la norma disminuy\u00f3 el l\u00edmite de emisi\u00f3n de luz azul desde un 15% a un 7% en el territorio nacional y estableci\u00f3 una restricci\u00f3n especial de 1% para las denominadas \u00c1reas de Protecci\u00f3n Especial, entre ellas zonas astron\u00f3micas, parques nacionales, reservas y \u00e1reas de reproducci\u00f3n de especies amenazadas. Tambi\u00e9n contempla el fortalecimiento del control preventivo por parte de la Superintendencia de Electricidad y Combustibles (SEC).<\/p><p>La normativa establece adem\u00e1s condiciones sobre tres aspectos fundamentales de las luminarias: su intensidad, la direcci\u00f3n en que se proyecta la luz y su espectro de radiaci\u00f3n.<\/p><p>\u201cChile tiene una responsabilidad especial en esta materia. Nuestros cielos constituyen un laboratorio natural \u00fanico en el mundo y han permitido instalar algunos de los observatorios astron\u00f3micos m\u00e1s importantes del planeta. Protegerlos significa proteger una capacidad cient\u00edfica estrat\u00e9gica para el pa\u00eds y tambi\u00e9n un patrimonio que pertenece a toda la sociedad\u201d, enfatiza Ibar.<\/p><p><strong>Nueva consulta y participaci\u00f3n de la comunidad astron\u00f3mica<\/strong><\/p><p>La revisi\u00f3n impulsada por el Ministerio del Medio Ambiente en agosto de 2026 se centra, seg\u00fan los antecedentes presentados por el acad\u00e9mico, en facilitar que las municipalidades puedan adaptarse a los recambios de luminarias requeridos por la normativa. Las observaciones al proceso pueden ser enviadas al MMA hasta el 22 de octubre.<\/p><p>En paralelo, la Sociedad Chilena de Astronom\u00eda (SOCHIAS) se encuentra preparando lineamientos t\u00e9cnicos destinados a orientar a la comunidad astron\u00f3mica frente a este proceso.<\/p><p>\u201cEs muy importante que la comunidad cient\u00edfica est\u00e9 atenta y participe de esta discusi\u00f3n. La implementaci\u00f3n de la norma debe considerar las necesidades de las ciudades, pero sin retroceder en la protecci\u00f3n que Chile ha construido para sus cielos oscuros. Las decisiones que tomemos hoy respecto de c\u00f3mo iluminamos nuestras ciudades tendr\u00e1n efectos durante muchos a\u00f1os\u201d, concluye Eduardo Ibar.<\/p><div id=\"thread-bottom-container\" class=\"sticky bottom-0 group\/thread-bottom-container relative isolate z-10 w-full basis-auto has-data-has-thread-error:pt-2 has-data-has-thread-error:[box-shadow:var(--sharp-edge-bottom-shadow)] md:border-transparent md:pt-0 dark:border-white\/20 md:dark:border-transparent print:hidden content-fade single-line flex flex-col\"><div id=\"thread-bottom\"><div class=\"text-base mx-auto [--thread-content-margin:--spacing(4)] @w-sm\/main:[--thread-content-margin:--spacing(6)] @w-lg\/main:[--thread-content-margin:--spacing(16)] px-(--thread-content-margin)\"><div class=\"[--thread-content-max-width:40rem] @w-lg\/main:[--thread-content-max-width:48rem] mx-auto max-w-(--thread-content-max-width) flex-1 mb-4\"><div class=\"pointer-events-auto relative z-1 flex h-(--composer-container-height,100%) max-w-full flex-(--composer-container-flex,1) flex-col\"><form class=\"group\/composer w-full\" data-type=\"unified-composer\"><div class=\"\"><div class=\"bg-token-bg-primary corner-superellipse\/1.1 cursor-text overflow-clip bg-clip-padding p-2.5 contain-inline-size motion-safe:transition-colors motion-safe:duration-200 motion-safe:ease-in-out dark:bg-[#303030] grid grid-cols-[auto_1fr_auto] [grid-template-areas:'header_header_header'_'leading_primary_trailing'_'._footer_.'] group-data-expanded\/composer:[grid-template-areas:'header_header_header'_'primary_primary_primary'_'leading_footer_trailing'] shadow-short\" data-composer-surface=\"true\"><div class=\"-my-2.5 flex min-h-14 items-center overflow-x-hidden px-1.5 [grid-area:primary] group-data-expanded\/composer:mb-0 group-data-expanded\/composer:px-2.5\"><p>\u00a0<\/p><\/div><\/div><\/div><\/form><\/div><\/div><\/div><\/div><\/div>\t\t\t\t\t\t<\/div>\n\t\t\t\t<\/div>\n\t\t\t\t\t<\/div>\n\t\t<\/div>\n\t\t\t\t\t\t\t<\/div>\n\t\t<\/section>\n\t\t\t\t\t\t\t<\/div>\n\t\t","protected":false},"excerpt":{"rendered":"<p>El astr\u00f3nomo UV Eduardo Ibar advierte sobre la importancia de proteger los cielos oscuros ante la nueva revisi\u00f3n de la Norma Lum\u00ednica impulsada por el Ministerio del Medio Ambiente. El acad\u00e9mico profundizar\u00e1 sobre sus alcances en una entrevista este lunes 7 de septiembre, a las 12:30 horas, en Radio Valent\u00edn Letelier.<\/p>\n","protected":false},"author":6,"featured_media":22943,"comment_status":"closed","ping_status":"open","sticky":false,"template":"","format":"standard","meta":{"footnotes":""},"categories":[163,107],"tags":[138,138,181,181,139,139,143,143],"class_list":["post-22944","post","type-post","status-publish","format-standard","has-post-thumbnail","hentry","category-noticias-en","category-uncategorized","tag-astronomia-en","tag-astronomia-ifa-ciencia-cosmologia-existencialismo-filosofia-extraterrestres-en","tag-ciencia-en","tag-ifa-en"],"_links":{"self":[{"href":"https:\/\/ifa.uv.cl\/en\/wp-json\/wp\/v2\/posts\/22944","targetHints":{"allow":["GET"]}}],"collection":[{"href":"https:\/\/ifa.uv.cl\/en\/wp-json\/wp\/v2\/posts"}],"about":[{"href":"https:\/\/ifa.uv.cl\/en\/wp-json\/wp\/v2\/types\/post"}],"author":[{"embeddable":true,"href":"https:\/\/ifa.uv.cl\/en\/wp-json\/wp\/v2\/users\/6"}],"replies":[{"embeddable":true,"href":"https:\/\/ifa.uv.cl\/en\/wp-json\/wp\/v2\/comments?post=22944"}],"version-history":[{"count":23,"href":"https:\/\/ifa.uv.cl\/en\/wp-json\/wp\/v2\/posts\/22944\/revisions"}],"predecessor-version":[{"id":22990,"href":"https:\/\/ifa.uv.cl\/en\/wp-json\/wp\/v2\/posts\/22944\/revisions\/22990"}],"wp:featuredmedia":[{"embeddable":true,"href":"https:\/\/ifa.uv.cl\/en\/wp-json\/wp\/v2\/media\/22943"}],"wp:attachment":[{"href":"https:\/\/ifa.uv.cl\/en\/wp-json\/wp\/v2\/media?parent=22944"}],"wp:term":[{"taxonomy":"category","embeddable":true,"href":"https:\/\/ifa.uv.cl\/en\/wp-json\/wp\/v2\/categories?post=22944"},{"taxonomy":"post_tag","embeddable":true,"href":"https:\/\/ifa.uv.cl\/en\/wp-json\/wp\/v2\/tags?post=22944"}],"curies":[{"name":"wp","href":"https:\/\/api.w.org\/{rel}","templated":true}]}}