{"id":21875,"date":"2025-10-27T17:31:17","date_gmt":"2025-10-27T20:31:17","guid":{"rendered":"https:\/\/ifa.uv.cl\/?p=21875"},"modified":"2025-10-27T17:31:30","modified_gmt":"2025-10-27T20:31:30","slug":"fragmentos-del-cosmos-el-viaje-de-los-meteoritos-hasta-la-tierra","status":"publish","type":"post","link":"https:\/\/ifa.uv.cl\/en\/fragmentos-del-cosmos-el-viaje-de-los-meteoritos-hasta-la-tierra\/","title":{"rendered":"Fragmentos del cosmos: el viaje de los meteoritos hasta la Tierra"},"content":{"rendered":"\t\t<div data-elementor-type=\"wp-post\" data-elementor-id=\"21875\" class=\"elementor elementor-21875\">\n\t\t\t\t\t\t\t\t\t<section class=\"elementor-section elementor-top-section elementor-element elementor-element-7c7f122 elementor-section-boxed elementor-section-height-default elementor-section-height-default qodef-elementor-content-no\" data-id=\"7c7f122\" data-element_type=\"section\">\n\t\t\t\t\t\t<div class=\"elementor-container elementor-column-gap-default\">\n\t\t\t\t\t<div class=\"elementor-column elementor-col-100 elementor-top-column elementor-element elementor-element-aa8a5ae\" data-id=\"aa8a5ae\" data-element_type=\"column\">\n\t\t\t<div class=\"elementor-widget-wrap elementor-element-populated\">\n\t\t\t\t\t\t\t\t<div class=\"elementor-element elementor-element-d3cf318 elementor-widget elementor-widget-text-editor\" data-id=\"d3cf318\" data-element_type=\"widget\" data-widget_type=\"text-editor.default\">\n\t\t\t\t<div class=\"elementor-widget-container\">\n\t\t\t<style>\/*! elementor - v3.6.7 - 03-07-2022 *\/\n.elementor-widget-text-editor.elementor-drop-cap-view-stacked .elementor-drop-cap{background-color:#818a91;color:#fff}.elementor-widget-text-editor.elementor-drop-cap-view-framed .elementor-drop-cap{color:#818a91;border:3px solid;background-color:transparent}.elementor-widget-text-editor:not(.elementor-drop-cap-view-default) .elementor-drop-cap{margin-top:8px}.elementor-widget-text-editor:not(.elementor-drop-cap-view-default) .elementor-drop-cap-letter{width:1em;height:1em}.elementor-widget-text-editor .elementor-drop-cap{float:left;text-align:center;line-height:1;font-size:50px}.elementor-widget-text-editor .elementor-drop-cap-letter{display:inline-block}<\/style>\t\t\t\t<p>27 de octubre 2025<\/p><p>\u00a0<\/p><p>Desde los confines del Sistema Solar hasta la superficie de nuestro planeta, millones de fragmentos viajan a trav\u00e9s del espacio trayendo consigo la historia m\u00e1s antigua del cosmos. En la nueva charla p\u00fablica del Instituto de F\u00edsica y Astronom\u00eda de la Universidad de Valpara\u00edso (IFA-UV), el estudiante de Doctorado en Astrof\u00edsica **Eduardo Arancibia** invitar\u00e1 a descubrir el recorrido de los meteoritos, su origen y su importancia cient\u00edfica.<\/p><p>En esta presentaci\u00f3n, se abordar\u00e1n los distintos tipos de cuerpos que orbitan alrededor del Sol -cometas, asteroides y meteoritos- explicando sus caracter\u00edsticas y diferencias fundamentales. Adem\u00e1s, se revisar\u00e1n algunos de los grandes impactos que han marcado la historia de la Tierra, desde los cr\u00e1teres prehist\u00f3ricos hasta los eventos observados en tiempos recientes.<\/p><p>La actividad incluir\u00e1 tambi\u00e9n un relato sobre la Red FRIPON, un proyecto internacional que permite detectar meteoros en tiempo real y que recientemente particip\u00f3 en una expedici\u00f3n para buscar meteoritos en el norte de Chile, experiencia en la que el expositor form\u00f3 parte del equipo de b\u00fasqueda. A trav\u00e9s de esta experiencia, se dar\u00e1 a conocer c\u00f3mo se desarrolla una expedici\u00f3n de campo, qu\u00e9 t\u00e9cnicas se utilizan y qu\u00e9 se puede aprender de estos fragmentos que nos conectan directamente con el origen del Sistema Solar.<\/p><p>Charla P\u00fablica de Astronom\u00eda UV<br \/>Fragmentos del cosmos: el viaje de los meteoritos hasta la Tierra<br \/>Expositor: Eduardo Arancibia, estudiante de Doctorado en Astrof\u00edsica, IFA-UV<br \/>Fecha: Lunes 3 de noviembre, 17:30 hrs.<br \/>Lugar: Sala Rub\u00e9n Dar\u00edo, Centro de Extensi\u00f3n UV, Err\u00e1zuriz 1108, Valpara\u00edso.<br \/>Actividad gratuita y abierta a todo p\u00fablico.<\/p><p>Organiza:Instituto de F\u00edsica y Astronom\u00eda de la Universidad de Valpara\u00edso<\/p>\t\t\t\t\t\t<\/div>\n\t\t\t\t<\/div>\n\t\t\t\t\t<\/div>\n\t\t<\/div>\n\t\t\t\t\t\t\t<\/div>\n\t\t<\/section>\n\t\t\t\t\t\t\t<\/div>\n\t\t","protected":false},"excerpt":{"rendered":"<p>\u00bfC\u00f3mo llegan a nuestro planeta esos fragmentos que alguna vez formaron parte de asteroides o incluso de otros cuerpos planetarios? En esta charla conoceremos el recorrido de los meteoritos desde su origen en el espacio hasta su llegada a la Tierra, y lo que estos visitantes c\u00f3smicos pueden revelarnos sobre la historia del Sistema Solar. Adem\u00e1s, el expositor se referir\u00e1 a la Red FRIPON, iniciativa internacional que permite detectar meteoros en tiempo real y que recientemente particip\u00f3 en una expedici\u00f3n para buscar meteoritos en el norte de Chile.<\/p>\n","protected":false},"author":6,"featured_media":21873,"comment_status":"closed","ping_status":"open","sticky":false,"template":"","format":"standard","meta":{"footnotes":""},"categories":[163,107],"tags":[138,138,181,181,139,139,143,143],"class_list":{"0":"post-21875","1":"post","2":"type-post","3":"status-publish","4":"format-standard","5":"has-post-thumbnail","6":"hentry","7":"category-noticias-en","8":"category-uncategorized","9":"tag-astronomia-en","11":"tag-astronomia-ifa-ciencia-cosmologia-existencialismo-filosofia-extraterrestres-en","13":"tag-ciencia-en","15":"tag-ifa-en"},"_links":{"self":[{"href":"https:\/\/ifa.uv.cl\/en\/wp-json\/wp\/v2\/posts\/21875","targetHints":{"allow":["GET"]}}],"collection":[{"href":"https:\/\/ifa.uv.cl\/en\/wp-json\/wp\/v2\/posts"}],"about":[{"href":"https:\/\/ifa.uv.cl\/en\/wp-json\/wp\/v2\/types\/post"}],"author":[{"embeddable":true,"href":"https:\/\/ifa.uv.cl\/en\/wp-json\/wp\/v2\/users\/6"}],"replies":[{"embeddable":true,"href":"https:\/\/ifa.uv.cl\/en\/wp-json\/wp\/v2\/comments?post=21875"}],"version-history":[{"count":4,"href":"https:\/\/ifa.uv.cl\/en\/wp-json\/wp\/v2\/posts\/21875\/revisions"}],"predecessor-version":[{"id":21881,"href":"https:\/\/ifa.uv.cl\/en\/wp-json\/wp\/v2\/posts\/21875\/revisions\/21881"}],"wp:featuredmedia":[{"embeddable":true,"href":"https:\/\/ifa.uv.cl\/en\/wp-json\/wp\/v2\/media\/21873"}],"wp:attachment":[{"href":"https:\/\/ifa.uv.cl\/en\/wp-json\/wp\/v2\/media?parent=21875"}],"wp:term":[{"taxonomy":"category","embeddable":true,"href":"https:\/\/ifa.uv.cl\/en\/wp-json\/wp\/v2\/categories?post=21875"},{"taxonomy":"post_tag","embeddable":true,"href":"https:\/\/ifa.uv.cl\/en\/wp-json\/wp\/v2\/tags?post=21875"}],"curies":[{"name":"wp","href":"https:\/\/api.w.org\/{rel}","templated":true}]}}