{"id":21831,"date":"2025-10-23T17:19:52","date_gmt":"2025-10-23T20:19:52","guid":{"rendered":"https:\/\/ifa.uv.cl\/?p=21831"},"modified":"2025-10-23T17:34:50","modified_gmt":"2025-10-23T20:34:50","slug":"destacada-participacion-del-instituto-de-fisica-y-astronomia-uv-en-la-xx-reunion-anual-de-sochias","status":"publish","type":"post","link":"https:\/\/ifa.uv.cl\/en\/destacada-participacion-del-instituto-de-fisica-y-astronomia-uv-en-la-xx-reunion-anual-de-sochias\/","title":{"rendered":"Destacada participaci\u00f3n del Instituto de F\u00edsica y Astronom\u00eda UV en la XX Reuni\u00f3n Anual de SOCHIAS"},"content":{"rendered":"\t\t<div data-elementor-type=\"wp-post\" data-elementor-id=\"21831\" class=\"elementor elementor-21831\">\n\t\t\t\t\t\t\t\t\t<section class=\"elementor-section elementor-top-section elementor-element elementor-element-7c7f122 elementor-section-boxed elementor-section-height-default elementor-section-height-default qodef-elementor-content-no\" data-id=\"7c7f122\" data-element_type=\"section\">\n\t\t\t\t\t\t<div class=\"elementor-container elementor-column-gap-default\">\n\t\t\t\t\t<div class=\"elementor-column elementor-col-100 elementor-top-column elementor-element elementor-element-aa8a5ae\" data-id=\"aa8a5ae\" data-element_type=\"column\">\n\t\t\t<div class=\"elementor-widget-wrap elementor-element-populated\">\n\t\t\t\t\t\t\t\t<div class=\"elementor-element elementor-element-d3cf318 elementor-widget elementor-widget-text-editor\" data-id=\"d3cf318\" data-element_type=\"widget\" data-widget_type=\"text-editor.default\">\n\t\t\t\t<div class=\"elementor-widget-container\">\n\t\t\t<style>\/*! elementor - v3.6.7 - 03-07-2022 *\/\n.elementor-widget-text-editor.elementor-drop-cap-view-stacked .elementor-drop-cap{background-color:#818a91;color:#fff}.elementor-widget-text-editor.elementor-drop-cap-view-framed .elementor-drop-cap{color:#818a91;border:3px solid;background-color:transparent}.elementor-widget-text-editor:not(.elementor-drop-cap-view-default) .elementor-drop-cap{margin-top:8px}.elementor-widget-text-editor:not(.elementor-drop-cap-view-default) .elementor-drop-cap-letter{width:1em;height:1em}.elementor-widget-text-editor .elementor-drop-cap{float:left;text-align:center;line-height:1;font-size:50px}.elementor-widget-text-editor .elementor-drop-cap-letter{display:inline-block}<\/style>\t\t\t\t<p>23 de octubre 2025<\/p><p data-start=\"274\" data-end=\"700\">La sede Puerto Montt de la Universidad Austral de Chile fue el escenario de la XX Reuni\u00f3n Anual de la Sociedad Chilena de Astronom\u00eda (SOCHIAS), que reuni\u00f3 a m\u00e1s de 250 participantes entre investigadores, acad\u00e9micos y estudiantes. La semana concluy\u00f3 con una ceremonia de clausura en el Aula Magna, dando cierre oficial a una intensa jornada dedicada a la ciencia, la divulgaci\u00f3n y el fortalecimiento de redes de colaboraci\u00f3n.<\/p><blockquote><p data-start=\"702\" data-end=\"910\">Esta edici\u00f3n marc\u00f3 un hito al realizarse por primera vez en el sur austral del pa\u00eds.<\/p><\/blockquote><p data-start=\"912\" data-end=\"1325\">Durante los cinco d\u00edas de encuentro se presentaron 161 charlas y 73 p\u00f3sters, abarcando tem\u00e1ticas que fueron desde la formaci\u00f3n estelar y los exoplanetas hasta galaxias lejanas, cosmolog\u00eda y f\u00edsica te\u00f3rica. Paralelamente, se desarrollaron talleres, observaciones nocturnas y conversatorios en distintas comunas e islas de la Regi\u00f3n de Los Lagos, acercando la astronom\u00eda a estudiantes, docentes y p\u00fablico general.<\/p><p data-start=\"1327\" data-end=\"1864\">El Instituto de F\u00edsica y Astronom\u00eda de la Universidad de Valpara\u00edso (IFA-UV) tuvo una participaci\u00f3n activa en esta versi\u00f3n, con una veintena de presentaciones a cargo de sus investigadoras, investigadores y estudiantes de postgrado, quienes compartieron los avances de sus l\u00edneas de trabajo en astrof\u00edsica observacional, te\u00f3rica y experimental. Asimismo, representantes del IFA-UV formaron parte de las actividades de divulgaci\u00f3n desarrolladas durante la semana, contribuyendo a acercar el conocimiento cient\u00edfico a la comunidad local.<\/p><p data-start=\"1327\" data-end=\"1864\">Un hito importante fue el conversatorio sobre contaminaci\u00f3n lum\u00ednica con un panel destacado en que particip\u00f3 la Premio Nacional de Ciencias Dra. M\u00f3nica Rubio, el astr\u00f3nomo Dr. Eduardo Unda-Sanzana de la Universidad de Antofagasta y la directora de la Fundaci\u00f3n Cielos de Chile Daniela Gonz\u00e1lez, todos ellos moderados por el astr\u00f3nomo Dr. Eduardo Ibar del IFA UV. En dicha instancia se dieron a conocer las principales amenazas que el exceso de iluminaci\u00f3n est\u00e1 generando en nuestras comunidades cient\u00edficas y ecosistemas, en particular el megaproyecto industrial INNA que afectar\u00eda de forma irremediable la calidad de los cielos del cerro Paranal donde operan los telescopios m\u00e1s poderosos de la ESO en Chile.<\/p><p data-start=\"1866\" data-end=\"2177\">Finalmente, desde el Instituto destacan la oportunidad de fortalecer la colaboraci\u00f3n entre grupos de investigaci\u00f3n del pa\u00eds y de compartir los resultados m\u00e1s recientes obtenidos gracias a observatorios internacionales como ALMA, VLT, Vera Rubin y el Telescopio Espacial James Webb, donde la participaci\u00f3n chilena ha sido fundamental.<\/p><p data-start=\"2179\" data-end=\"2373\" data-is-last-node=\"\" data-is-only-node=\"\">Se puede revisar un registro audiovisual de la participaci\u00f3n del IFA-UV en el siguiente enlace:<br data-start=\"2274\" data-end=\"2277\" \/><a class=\"decorated-link\" href=\"https:\/\/www.instagram.com\/reel\/DQKYKqjAFJO\/?utm_source=ig_web_copy_link\" target=\"_new\" rel=\"noopener\" data-start=\"2277\" data-end=\"2373\" data-is-last-node=\"\">Ver reel en Instagram<\/a><\/p>\t\t\t\t\t\t<\/div>\n\t\t\t\t<\/div>\n\t\t\t\t\t<\/div>\n\t\t<\/div>\n\t\t\t\t\t\t\t<\/div>\n\t\t<\/section>\n\t\t\t\t\t\t\t<\/div>\n\t\t","protected":false},"excerpt":{"rendered":"<p>La sede Puerto Montt de la Universidad Austral de Chile fue el escenario de la XX Reuni\u00f3n Anual de la Sociedad Chilena de Astronom\u00eda (SOCHIAS), que reuni\u00f3 a m\u00e1s de 250 participantes entre investigadores, acad\u00e9micos y estudiantes. La semana concluy\u00f3 con una ceremonia de clausura en el Aula Magna, dando cierre oficial a una intensa jornada dedicada a la ciencia, la divulgaci\u00f3n y el fortalecimiento de redes de colaboraci\u00f3n.<\/p>\n","protected":false},"author":6,"featured_media":21829,"comment_status":"closed","ping_status":"open","sticky":false,"template":"","format":"standard","meta":{"footnotes":""},"categories":[163,107],"tags":[138,181,139,143],"class_list":["post-21831","post","type-post","status-publish","format-standard","has-post-thumbnail","hentry","category-noticias-en","category-uncategorized","tag-astronomia-en","tag-astronomia-ifa-ciencia-cosmologia-existencialismo-filosofia-extraterrestres-en","tag-ciencia-en","tag-ifa-en"],"_links":{"self":[{"href":"https:\/\/ifa.uv.cl\/en\/wp-json\/wp\/v2\/posts\/21831","targetHints":{"allow":["GET"]}}],"collection":[{"href":"https:\/\/ifa.uv.cl\/en\/wp-json\/wp\/v2\/posts"}],"about":[{"href":"https:\/\/ifa.uv.cl\/en\/wp-json\/wp\/v2\/types\/post"}],"author":[{"embeddable":true,"href":"https:\/\/ifa.uv.cl\/en\/wp-json\/wp\/v2\/users\/6"}],"replies":[{"embeddable":true,"href":"https:\/\/ifa.uv.cl\/en\/wp-json\/wp\/v2\/comments?post=21831"}],"version-history":[{"count":18,"href":"https:\/\/ifa.uv.cl\/en\/wp-json\/wp\/v2\/posts\/21831\/revisions"}],"predecessor-version":[{"id":21866,"href":"https:\/\/ifa.uv.cl\/en\/wp-json\/wp\/v2\/posts\/21831\/revisions\/21866"}],"wp:featuredmedia":[{"embeddable":true,"href":"https:\/\/ifa.uv.cl\/en\/wp-json\/wp\/v2\/media\/21829"}],"wp:attachment":[{"href":"https:\/\/ifa.uv.cl\/en\/wp-json\/wp\/v2\/media?parent=21831"}],"wp:term":[{"taxonomy":"category","embeddable":true,"href":"https:\/\/ifa.uv.cl\/en\/wp-json\/wp\/v2\/categories?post=21831"},{"taxonomy":"post_tag","embeddable":true,"href":"https:\/\/ifa.uv.cl\/en\/wp-json\/wp\/v2\/tags?post=21831"}],"curies":[{"name":"wp","href":"https:\/\/api.w.org\/{rel}","templated":true}]}}