{"id":21630,"date":"2025-09-30T17:21:47","date_gmt":"2025-09-30T20:21:47","guid":{"rendered":"https:\/\/ifa.uv.cl\/?p=21630"},"modified":"2025-10-02T13:03:31","modified_gmt":"2025-10-02T16:03:31","slug":"festival-de-las-ciencias-2025-en-valparaiso-astronomia-talleres-y-experiencias-cientificas-gratuitas-para-toda-la-familia","status":"publish","type":"post","link":"https:\/\/ifa.uv.cl\/en\/festival-de-las-ciencias-2025-en-valparaiso-astronomia-talleres-y-experiencias-cientificas-gratuitas-para-toda-la-familia\/","title":{"rendered":"Festival de las Ciencias 2025 en Valpara\u00edso: astronom\u00eda, talleres y experiencias cient\u00edficas gratuitas para toda la familia"},"content":{"rendered":"\t\t<div data-elementor-type=\"wp-post\" data-elementor-id=\"21630\" class=\"elementor elementor-21630\">\n\t\t\t\t\t\t\t\t\t<section class=\"elementor-section elementor-top-section elementor-element elementor-element-7c7f122 elementor-section-boxed elementor-section-height-default elementor-section-height-default qodef-elementor-content-no\" data-id=\"7c7f122\" data-element_type=\"section\">\n\t\t\t\t\t\t<div class=\"elementor-container elementor-column-gap-default\">\n\t\t\t\t\t<div class=\"elementor-column elementor-col-100 elementor-top-column elementor-element elementor-element-aa8a5ae\" data-id=\"aa8a5ae\" data-element_type=\"column\">\n\t\t\t<div class=\"elementor-widget-wrap elementor-element-populated\">\n\t\t\t\t\t\t\t\t<div class=\"elementor-element elementor-element-d3cf318 elementor-widget elementor-widget-text-editor\" data-id=\"d3cf318\" data-element_type=\"widget\" data-widget_type=\"text-editor.default\">\n\t\t\t\t<div class=\"elementor-widget-container\">\n\t\t\t<style>\/*! elementor - v3.6.7 - 03-07-2022 *\/\n.elementor-widget-text-editor.elementor-drop-cap-view-stacked .elementor-drop-cap{background-color:#818a91;color:#fff}.elementor-widget-text-editor.elementor-drop-cap-view-framed .elementor-drop-cap{color:#818a91;border:3px solid;background-color:transparent}.elementor-widget-text-editor:not(.elementor-drop-cap-view-default) .elementor-drop-cap{margin-top:8px}.elementor-widget-text-editor:not(.elementor-drop-cap-view-default) .elementor-drop-cap-letter{width:1em;height:1em}.elementor-widget-text-editor .elementor-drop-cap{float:left;text-align:center;line-height:1;font-size:50px}.elementor-widget-text-editor .elementor-drop-cap-letter{display:inline-block}<\/style>\t\t\t\t<p>29 de septiembre 2025<\/p><p>El pr\u00f3ximo s\u00e1bado 4 de octubre, la Plaza Victoria de Valpara\u00edso ser\u00e1 el escenario del Festival de las Ciencias 2025 (FECI), una jornada gratuita organizada por la Seremi de Ciencia, Tecnolog\u00eda, Conocimiento e Innovaci\u00f3n de la Regi\u00f3n de Valpara\u00edso en colaboraci\u00f3n con Instituto de F\u00edsica y Astronom\u00eda de la Universidad de Valpara\u00edso (IFA UV) y de los N\u00facleos Milenio TITANS y MINGAL.<br \/>El FECI, impulsado por el Ministerio de Ciencia, Tecnolog\u00eda, Conocimiento e Innovaci\u00f3n (MinCiencia), tiene como objetivo acercar el conocimiento a la ciudadan\u00eda y destacar la importancia de la ciencia en la vida diaria. En su s\u00e9ptima versi\u00f3n, el festival se desarrolla bajo el lema \u201cConocimiento contra la desinformaci\u00f3n\u201d, subrayando la necesidad de fortalecer una sociedad que toma decisiones basadas en evidencia.<\/p><p><strong>Stands de divulgaci\u00f3n cient\u00edfica<\/strong><br \/>El Instituto de F\u00edsica y Astronom\u00eda de la Universidad de Valpara\u00edso (IFA UV) contar\u00e1 con un espacio interactivo en el que, durante la ma\u00f1ana (10:00 a 13:30), se ofrecer\u00e1n actividades como un juego de evoluci\u00f3n estelar, la exploraci\u00f3n de diagramas HR, la observaci\u00f3n solar con telescopio sunspotter \u2013disponible durante toda la jornada\u2013 y la entrega de material educativo. Todas estas experiencias estar\u00e1n guiadas directamente por astr\u00f3nomos y astr\u00f3nomas. En la tarde (13:30 a 17:30), se sumar\u00e1 una actividad que une ciencia y cultura: escribir los nombres de los planetas del Sistema Solar en idioma chino guiado por el astr\u00f3nomo chino Dr. Zhen Guo.<br \/>Por su parte, el N\u00facleo Milenio de Galaxias MINGAL y el N\u00facleo Milenio TITANS de Agujeros Negros invitar\u00e1n al p\u00fablico, entre las 10:00 y 13:30 horas, a participar en una actividad interactiva para experimentar c\u00f3mo los agujeros negros supermasivos influyen en la evoluci\u00f3n de las galaxias. La experiencia incluir\u00e1 material t\u00e1ctil especialmente dise\u00f1ado. El N\u00facleo Milenio MINGAL ofrecer\u00e1 el juego que consiste en un memorice de galaxias y un Doble XL astron\u00f3mico para toda la familia. Durante la tarde (13:30 a 17:30), estas din\u00e1micas se repetir\u00e1n, con la participaci\u00f3n del colectivo M\u00e1s Espacio, que promueve la inclusi\u00f3n de mujeres en la astronom\u00eda.<\/p><p><strong>Taller de astro-acuarela<\/strong><br \/>A las 14:30 horas se realizar\u00e1 el taller \u201cAstro-acuarela\u201d, dictado por la Magister en astrof\u00edsica y artista Catalina Zamora. La actividad contempla una presentaci\u00f3n sobre objetos astron\u00f3micos, seguido de una experiencia creativa en la que los participantes podr\u00e1n representarlos con acuarelas. La actividad tiene un cupo disponible para 20 personas (menores de 12 a\u00f1os acompa\u00f1ados por un adulto) y se realizar\u00e1 en el Museo de Historia Natural de Valpara\u00edso. Inscripciones aqu\u00ed https:\/\/forms.gle\/rbmLGH9uUiQDCx268<\/p><p><strong>Charla astron\u00f3mica<\/strong><br \/>La jornada comenzar\u00e1 con la charla del astr\u00f3nomo Dr. Juan Molina (IFA UV \u2013 MINGAL) titulada \u201cLos primeros faros c\u00f3smicos: Galaxias del Universo Primitivo\u201d, a las 10:00 horas en el Museo de Historia Natural. La presentaci\u00f3n explorar\u00e1 c\u00f3mo se formaron y evolucionaron las primeras galaxias del Universo y qu\u00e9 informaci\u00f3n aportan sobre nuestros or\u00edgenes c\u00f3smicos.<\/p><p><strong>M\u00fasica en vivo<\/strong><br \/>A las 14:30 horas, en el escenario dispuesto en calle Condell, se presentar\u00e1 la banda de rock astrof\u00edsico Cosmic Strings, integrada por acad\u00e9micos del Instituto de F\u00edsica y Astronom\u00eda de la Universidad de Valpara\u00edso (IFA UV). Su propuesta combina m\u00fasica y ciencia en un mismo escenario, con un repertorio de temas originales inspirados en sus investigaciones, entre ellos \u201cBlack Hole\u201d, \u201cDark Matter\u201d y otras composiciones vinculadas al contenido cient\u00edfico de sus estudios.<br \/>El vocalista y director del IFA UV, Dr. Jos\u00e9 Villanueva, adelant\u00f3 que estos hits ser\u00e1n parte de la presentaci\u00f3n. La agrupaci\u00f3n est\u00e1 formada por f\u00edsicos y astr\u00f3nomos de la instituci\u00f3n: en guitarra y voz se presentan el f\u00edsico escoc\u00e9s Graeme Candlish y el astrof\u00edsico alem\u00e1n Claus Tappert; en bater\u00eda participa el f\u00edsico chileno V\u00edctor C\u00e1rdenas; mientras que Jos\u00e9 Villanueva aporta en guitarra y voz. El conjunto se completa con el meteor\u00f3logo Omar Cuevas, encargado del bajo y voz.<\/p><p><strong>Invitaci\u00f3n abierta<\/strong><br \/>El Festival de las Ciencias 2025 en Valpara\u00edso se desarrollar\u00e1 el s\u00e1bado 4 de octubre, desde las 10:00 hasta las 17:30 horas, en calle Condell (entre Pudeto y Molina), con actividades en la Plaza Victoria y el Museo de Historia Natural de Valpara\u00edso.<br \/>La actividad es abierta a toda la comunidad, con entrada gratuita, y busca convertirse en un espacio de encuentro donde ni\u00f1as, ni\u00f1os, j\u00f3venes, adultos y familias puedan acercarse a la ciencia de manera participativa, entretenida y significativa.<\/p>\t\t\t\t\t\t<\/div>\n\t\t\t\t<\/div>\n\t\t\t\t\t<\/div>\n\t\t<\/div>\n\t\t\t\t\t\t\t<\/div>\n\t\t<\/section>\n\t\t\t\t\t\t\t<\/div>\n\t\t","protected":false},"excerpt":{"rendered":"<p>El pr\u00f3ximo s\u00e1bado 4 de octubre, la Plaza Victoria de Valpara\u00edso ser\u00e1 el escenario del Festival de las Ciencias 2025 (FECI), una jornada gratuita organizada por la Seremi de Ciencia, Tecnolog\u00eda, Conocimiento e Innovaci\u00f3n de la Macrozona Centro en colaboraci\u00f3n con Instituto de F\u00edsica y Astronom\u00eda de la Universidad de Valpara\u00edso (IFA UV) y de los N\u00facleos Milenio TITANS y MINGAL.<\/p>\n","protected":false},"author":6,"featured_media":21652,"comment_status":"closed","ping_status":"open","sticky":false,"template":"","format":"standard","meta":{"footnotes":""},"categories":[163,107],"tags":[138,138,143,143],"class_list":{"0":"post-21630","1":"post","2":"type-post","3":"status-publish","4":"format-standard","5":"has-post-thumbnail","6":"hentry","7":"category-noticias-en","8":"category-uncategorized","9":"tag-astronomia-en","11":"tag-ifa-en"},"_links":{"self":[{"href":"https:\/\/ifa.uv.cl\/en\/wp-json\/wp\/v2\/posts\/21630","targetHints":{"allow":["GET"]}}],"collection":[{"href":"https:\/\/ifa.uv.cl\/en\/wp-json\/wp\/v2\/posts"}],"about":[{"href":"https:\/\/ifa.uv.cl\/en\/wp-json\/wp\/v2\/types\/post"}],"author":[{"embeddable":true,"href":"https:\/\/ifa.uv.cl\/en\/wp-json\/wp\/v2\/users\/6"}],"replies":[{"embeddable":true,"href":"https:\/\/ifa.uv.cl\/en\/wp-json\/wp\/v2\/comments?post=21630"}],"version-history":[{"count":25,"href":"https:\/\/ifa.uv.cl\/en\/wp-json\/wp\/v2\/posts\/21630\/revisions"}],"predecessor-version":[{"id":21727,"href":"https:\/\/ifa.uv.cl\/en\/wp-json\/wp\/v2\/posts\/21630\/revisions\/21727"}],"wp:featuredmedia":[{"embeddable":true,"href":"https:\/\/ifa.uv.cl\/en\/wp-json\/wp\/v2\/media\/21652"}],"wp:attachment":[{"href":"https:\/\/ifa.uv.cl\/en\/wp-json\/wp\/v2\/media?parent=21630"}],"wp:term":[{"taxonomy":"category","embeddable":true,"href":"https:\/\/ifa.uv.cl\/en\/wp-json\/wp\/v2\/categories?post=21630"},{"taxonomy":"post_tag","embeddable":true,"href":"https:\/\/ifa.uv.cl\/en\/wp-json\/wp\/v2\/tags?post=21630"}],"curies":[{"name":"wp","href":"https:\/\/api.w.org\/{rel}","templated":true}]}}