{"id":21590,"date":"2025-09-23T17:27:20","date_gmt":"2025-09-23T20:27:20","guid":{"rendered":"https:\/\/ifa.uv.cl\/?p=21590"},"modified":"2025-09-23T17:31:47","modified_gmt":"2025-09-23T20:31:47","slug":"astronomos-de-la-uv-descubren-molecula-de-oxido-de-aluminio-nunca-antes-registrada-en-explosiones-de-estrellas-bebe","status":"publish","type":"post","link":"https:\/\/ifa.uv.cl\/en\/astronomos-de-la-uv-descubren-molecula-de-oxido-de-aluminio-nunca-antes-registrada-en-explosiones-de-estrellas-bebe\/","title":{"rendered":"Astr\u00f3nomos de la UV descubren mol\u00e9cula de \u00f3xido de aluminio nunca antes registrada en explosiones de estrellas beb\u00e9"},"content":{"rendered":"\t\t<div data-elementor-type=\"wp-post\" data-elementor-id=\"21590\" class=\"elementor elementor-21590\">\n\t\t\t\t\t\t\t\t\t<section class=\"elementor-section elementor-top-section elementor-element elementor-element-7c7f122 elementor-section-boxed elementor-section-height-default elementor-section-height-default qodef-elementor-content-no\" data-id=\"7c7f122\" data-element_type=\"section\">\n\t\t\t\t\t\t<div class=\"elementor-container elementor-column-gap-default\">\n\t\t\t\t\t<div class=\"elementor-column elementor-col-100 elementor-top-column elementor-element elementor-element-aa8a5ae\" data-id=\"aa8a5ae\" data-element_type=\"column\">\n\t\t\t<div class=\"elementor-widget-wrap elementor-element-populated\">\n\t\t\t\t\t\t\t\t<div class=\"elementor-element elementor-element-d3cf318 elementor-widget elementor-widget-text-editor\" data-id=\"d3cf318\" data-element_type=\"widget\" data-widget_type=\"text-editor.default\">\n\t\t\t\t<div class=\"elementor-widget-container\">\n\t\t\t<style>\/*! elementor - v3.6.7 - 03-07-2022 *\/\n.elementor-widget-text-editor.elementor-drop-cap-view-stacked .elementor-drop-cap{background-color:#818a91;color:#fff}.elementor-widget-text-editor.elementor-drop-cap-view-framed .elementor-drop-cap{color:#818a91;border:3px solid;background-color:transparent}.elementor-widget-text-editor:not(.elementor-drop-cap-view-default) .elementor-drop-cap{margin-top:8px}.elementor-widget-text-editor:not(.elementor-drop-cap-view-default) .elementor-drop-cap-letter{width:1em;height:1em}.elementor-widget-text-editor .elementor-drop-cap{float:left;text-align:center;line-height:1;font-size:50px}.elementor-widget-text-editor .elementor-drop-cap-letter{display:inline-block}<\/style>\t\t\t\t<p>23 de septiembre 2025<\/p><p><span style=\"font-weight: 400;\">Las estrellas j\u00f3venes suelen mostrar cambios de brillo asociados a su proceso de crecimiento. Igual que los beb\u00e9s humanos que a veces lloran con fuerza, estas \u201cestrellas beb\u00e9\u201d experimentan explosiones repentinas que las hacen brillar mucho m\u00e1s de lo habitual. Utilizando telescopios en Chile, un equipo de astr\u00f3nomos del Instituto de F\u00edsica y Astronom\u00eda de la Universidad de Valpara\u00edso (IFA UV), junto a una amplia red internacional de colaboradores en Chile (UV, USM, UNAB y UA), Reino Unido, Polonia, Alemania, China, Brasil, Italia, Corea, Estados Unidos y Armenia, descubri\u00f3 una nueva estrella joven que se ilumin\u00f3 hasta 100 veces m\u00e1s que su brillo normal y logr\u00f3 mantener esa intensidad durante casi una d\u00e9cada.<\/span><\/p><p><span style=\"font-weight: 400;\">La estrella en estudio, bautizada como <\/span><b>\u201cVVV-WIT-13\u201d<\/b><span style=\"font-weight: 400;\">, se localiza dentro de una nube oscura a unos 7.000 a\u00f1os luz de nuestro sistema solar. El hallazgo, liderado por el Dr. Zhen Guo, astr\u00f3nomo y acad\u00e9mico del IFA UV, ser\u00e1 pr\u00f3ximamente publicado en la revista <\/span><i><span style=\"font-weight: 400;\">Astronomy &amp; Astrophysics<\/span><\/i><span style=\"font-weight: 400;\">. En la investigaci\u00f3n participan tambi\u00e9n del IFA UV, la acad\u00e9mica Dra. Jura Borissova, el Dr. Radostin Kurtev, el investigador postdoctoral Dr. Calum Morris y los estudiantes de postgrado en Astrof\u00edsica Javier Osses (mag\u00edster) y Diego Ben\u00edtez (doctorado).<\/span><\/p><p>\u00a0<\/p><p>\n\t\t<style type=\"text\/css\">\n\t\t\t#gallery-1 {\n\t\t\t\tmargin: auto;\n\t\t\t}\n\t\t\t#gallery-1 .gallery-item {\n\t\t\t\tfloat: left;\n\t\t\t\tmargin-top: 10px;\n\t\t\t\ttext-align: center;\n\t\t\t\twidth: 33%;\n\t\t\t}\n\t\t\t#gallery-1 img {\n\t\t\t\tborder: 2px solid #cfcfcf;\n\t\t\t}\n\t\t\t#gallery-1 .gallery-caption {\n\t\t\t\tmargin-left: 0;\n\t\t\t}\n\t\t\t\/* see gallery_shortcode() in wp-includes\/media.php *\/\n\t\t<\/style>\n\t\t<div id='gallery-1' class='gallery galleryid-21590 gallery-columns-3 gallery-size-medium'><dl class='gallery-item'>\n\t\t\t<dt class='gallery-icon landscape'>\n\t\t\t\t<a href='https:\/\/ifa.uv.cl\/en\/whatsapp-image-2025-09-23-at-11-17-29-2\/'><img loading=\"lazy\" decoding=\"async\" width=\"300\" height=\"294\" src=\"https:\/\/ifa.uv.cl\/wp-content\/uploads\/2025\/09\/WhatsApp-Image-2025-09-23-at-11.17.29-300x294.jpeg\" class=\"attachment-medium size-medium\" alt=\"\" aria-describedby=\"gallery-1-21597\" srcset=\"https:\/\/ifa.uv.cl\/wp-content\/uploads\/2025\/09\/WhatsApp-Image-2025-09-23-at-11.17.29-300x294.jpeg 300w, https:\/\/ifa.uv.cl\/wp-content\/uploads\/2025\/09\/WhatsApp-Image-2025-09-23-at-11.17.29-1024x1005.jpeg 1024w, https:\/\/ifa.uv.cl\/wp-content\/uploads\/2025\/09\/WhatsApp-Image-2025-09-23-at-11.17.29-768x754.jpeg 768w, https:\/\/ifa.uv.cl\/wp-content\/uploads\/2025\/09\/WhatsApp-Image-2025-09-23-at-11.17.29.jpeg 1446w\" sizes=\"auto, (max-width: 300px) 100vw, 300px\" \/><\/a>\n\t\t\t<\/dt>\n\t\t\t\t<dd class='wp-caption-text gallery-caption' id='gallery-1-21597'>\n\t\t\t\tDe ozq. a dere.: Dr. Zhen Guo, Dr. Radostin Kurtev, Dra. Jura Borissova y Dr. Moris \n\t\t\t\t<\/dd><\/dl><dl class='gallery-item'>\n\t\t\t<dt class='gallery-icon portrait'>\n\t\t\t\t<a href='https:\/\/ifa.uv.cl\/en\/javier-osses-2\/'><img loading=\"lazy\" decoding=\"async\" width=\"225\" height=\"300\" src=\"https:\/\/ifa.uv.cl\/wp-content\/uploads\/2025\/09\/Javier-Osses-225x300.jpg\" class=\"attachment-medium size-medium\" alt=\"\" aria-describedby=\"gallery-1-21593\" srcset=\"https:\/\/ifa.uv.cl\/wp-content\/uploads\/2025\/09\/Javier-Osses-225x300.jpg 225w, https:\/\/ifa.uv.cl\/wp-content\/uploads\/2025\/09\/Javier-Osses-768x1024.jpg 768w, https:\/\/ifa.uv.cl\/wp-content\/uploads\/2025\/09\/Javier-Osses-1152x1536.jpg 1152w, https:\/\/ifa.uv.cl\/wp-content\/uploads\/2025\/09\/Javier-Osses-1536x2048.jpg 1536w, https:\/\/ifa.uv.cl\/wp-content\/uploads\/2025\/09\/Javier-Osses-scaled.jpg 1920w\" sizes=\"auto, (max-width: 225px) 100vw, 225px\" \/><\/a>\n\t\t\t<\/dt>\n\t\t\t\t<dd class='wp-caption-text gallery-caption' id='gallery-1-21593'>\n\t\t\t\tDiego Osses\n\t\t\t\t<\/dd><\/dl><dl class='gallery-item'>\n\t\t\t<dt class='gallery-icon portrait'>\n\t\t\t\t<a href='https:\/\/ifa.uv.cl\/en\/whatsapp-image-2024-11-13-at-10-07-57-am-2\/'><img loading=\"lazy\" decoding=\"async\" width=\"225\" height=\"300\" src=\"https:\/\/ifa.uv.cl\/wp-content\/uploads\/2025\/09\/WhatsApp-Image-2024-11-13-at-10.07.57-AM-225x300.jpeg\" class=\"attachment-medium size-medium\" alt=\"\" aria-describedby=\"gallery-1-21599\" srcset=\"https:\/\/ifa.uv.cl\/wp-content\/uploads\/2025\/09\/WhatsApp-Image-2024-11-13-at-10.07.57-AM-225x300.jpeg 225w, https:\/\/ifa.uv.cl\/wp-content\/uploads\/2025\/09\/WhatsApp-Image-2024-11-13-at-10.07.57-AM-768x1024.jpeg 768w, https:\/\/ifa.uv.cl\/wp-content\/uploads\/2025\/09\/WhatsApp-Image-2024-11-13-at-10.07.57-AM-1152x1536.jpeg 1152w, https:\/\/ifa.uv.cl\/wp-content\/uploads\/2025\/09\/WhatsApp-Image-2024-11-13-at-10.07.57-AM.jpeg 1200w\" sizes=\"auto, (max-width: 225px) 100vw, 225px\" \/><\/a>\n\t\t\t<\/dt>\n\t\t\t\t<dd class='wp-caption-text gallery-caption' id='gallery-1-21599'>\n\t\t\t\tDiego Benitez\n\t\t\t\t<\/dd><\/dl><br style=\"clear: both\" \/>\n\t\t<\/div>\n<\/p><p>\u00a0<\/p><p>\u00a0<\/p><p><span style=\"font-weight: 400;\">El hallazgo fue posible gracias al trabajo del proyecto Vista Variables en la V\u00eda L\u00e1ctea (VVV), usando grandes telescopios en Chile, como el Very Large Telescope (VLT) del Observatorio de Cerro Paranal (ESO) y el telescopio Magallanes en el Observatorio Las Campanas. El investigador Dr. Calum Morris (IFA UV), explic\u00f3: \u201cCon los datos infrarrojos obtenidos durante una d\u00e9cada en el proyecto VVV, pudimos construir un modelo detallado de la posici\u00f3n de esta curiosa estrella\u201d.<\/span><\/p><p><span style=\"font-weight: 400;\">Adem\u00e1s, los astr\u00f3nomos detectaron \u00f3xido de aluminio, nunca antes observado en estrellas j\u00f3venes en luz infrarroja. Esta mol\u00e9cula dura muy poco y normalmente aparece en explosiones, tanto en la Tierra como en el espacio. El profesor Zhen Guo, autor principal del estudio, se\u00f1al\u00f3:<\/span><\/p><p><span style=\"font-weight: 400;\">\u201cDescubrimos que esta mol\u00e9cula se forma en un viento muy r\u00e1pido, de 100 km\/s, impulsado por la explosi\u00f3n. Este hallazgo convierte a VVV-WIT-13 en una nueva categor\u00eda de estrellas j\u00f3venes con explosiones de duraci\u00f3n intermedia\u201d.<\/span><\/p><p><span style=\"font-weight: 400;\">Complementa que la mol\u00e9cula de \u00f3xido de aluminio (AlO) es extremadamente dif\u00edcil de observar, ya que es muy refractaria y suele condensarse r\u00e1pidamente en polvo (bauxita). Este descubrimiento confirm\u00f3 que el AlO puede sobrevivir en entornos extremos, como el flujo de salida y el viento de alta velocidad de una estrella m\u00e1s evolucionada. Su presencia en un estrella joven (o beb\u00e9) de estas caracter\u00edsticas indica salidas inusualmente vigorosas o c\u00famulos\/planetesimales interrumpidos durante episodios de acreci\u00f3n de varios a\u00f1os.<\/span><\/p><p><span style=\"font-weight: 400;\">Paralelamente, este estudio sobre la evoluci\u00f3n qu\u00edmica de las estrellas puede arrojar nuevos datos en c\u00f3mo afecta la formaci\u00f3n de polvo y, eventualmente, la formaci\u00f3n de planetas j\u00f3venes.<\/span><\/p><p><span style=\"font-weight: 400;\">SIMULACI\u00d3N de la EXPLOSI\u00d3N<\/span><\/p><p><span style=\"font-weight: 400;\">Para explicar de mejor forma este fen\u00f3meno, el profesor Dr. Mat\u00edas Montesinos de la Universidad T\u00e9cnica Federico Santa Mar\u00eda, en colaboraci\u00f3n con los investigadores mencionados desarrollaron un modelo que comprueba la hip\u00f3tesis. Montesinos subray\u00f3:<\/span><\/p><p><span style=\"font-weight: 400;\">\u201cSimulamos un gran c\u00famulo de gas en el disco de esta estrella joven, como un planeta que nunca lleg\u00f3 a formarse. Esto gener\u00f3 una explosi\u00f3n con una evoluci\u00f3n de brillo muy parecida a la observada\u201d.<\/span><\/p><p><span style=\"font-weight: 400;\">Cabe se\u00f1alar que esta investigaci\u00f3n ya fue aceptada para su publicaci\u00f3n en la revista Astronomy and Astrophysics. <\/span><a href=\"https:\/\/arxiv.org\/pdf\/2509.15334\"><span style=\"font-weight: 400;\">arXiv:2509.15334<\/span><\/a><\/p>\t\t\t\t\t\t<\/div>\n\t\t\t\t<\/div>\n\t\t\t\t\t<\/div>\n\t\t<\/div>\n\t\t\t\t\t\t\t<\/div>\n\t\t<\/section>\n\t\t\t\t\t\t\t<\/div>\n\t\t","protected":false},"excerpt":{"rendered":"<p>Las estrellas j\u00f3venes suelen mostrar cambios de brillo asociados a su proceso de crecimiento. Igual que los beb\u00e9s humanos que a veces lloran con fuerza, estas \u201cestrellas beb\u00e9\u201d experimentan explosiones repentinas que las hacen brillar mucho m\u00e1s de lo habitual. Utilizando telescopios en Chile, un equipo de astr\u00f3nomos del Instituto de F\u00edsica y Astronom\u00eda de la Universidad de Valpara\u00edso (IFA UV), junto a una amplia red internacional de colaboradores en Chile (UV, USM, UNAB y UA), Reino Unido, Polonia, Alemania, China, Brasil, Italia, Corea, Estados Unidos y Armenia, descubri\u00f3 una nueva estrella joven que se ilumin\u00f3 hasta 100 veces m\u00e1s que su brillo normal y logr\u00f3 mantener esa intensidad durante casi una d\u00e9cada.<\/p>\n","protected":false},"author":6,"featured_media":21588,"comment_status":"closed","ping_status":"open","sticky":false,"template":"","format":"standard","meta":{"footnotes":""},"categories":[163,107],"tags":[138,138,143,143],"class_list":{"0":"post-21590","1":"post","2":"type-post","3":"status-publish","4":"format-standard","5":"has-post-thumbnail","6":"hentry","7":"category-noticias-en","8":"category-uncategorized","9":"tag-astronomia-en","11":"tag-ifa-en"},"_links":{"self":[{"href":"https:\/\/ifa.uv.cl\/en\/wp-json\/wp\/v2\/posts\/21590","targetHints":{"allow":["GET"]}}],"collection":[{"href":"https:\/\/ifa.uv.cl\/en\/wp-json\/wp\/v2\/posts"}],"about":[{"href":"https:\/\/ifa.uv.cl\/en\/wp-json\/wp\/v2\/types\/post"}],"author":[{"embeddable":true,"href":"https:\/\/ifa.uv.cl\/en\/wp-json\/wp\/v2\/users\/6"}],"replies":[{"embeddable":true,"href":"https:\/\/ifa.uv.cl\/en\/wp-json\/wp\/v2\/comments?post=21590"}],"version-history":[{"count":7,"href":"https:\/\/ifa.uv.cl\/en\/wp-json\/wp\/v2\/posts\/21590\/revisions"}],"predecessor-version":[{"id":21610,"href":"https:\/\/ifa.uv.cl\/en\/wp-json\/wp\/v2\/posts\/21590\/revisions\/21610"}],"wp:featuredmedia":[{"embeddable":true,"href":"https:\/\/ifa.uv.cl\/en\/wp-json\/wp\/v2\/media\/21588"}],"wp:attachment":[{"href":"https:\/\/ifa.uv.cl\/en\/wp-json\/wp\/v2\/media?parent=21590"}],"wp:term":[{"taxonomy":"category","embeddable":true,"href":"https:\/\/ifa.uv.cl\/en\/wp-json\/wp\/v2\/categories?post=21590"},{"taxonomy":"post_tag","embeddable":true,"href":"https:\/\/ifa.uv.cl\/en\/wp-json\/wp\/v2\/tags?post=21590"}],"curies":[{"name":"wp","href":"https:\/\/api.w.org\/{rel}","templated":true}]}}