{"id":21516,"date":"2025-08-19T13:46:26","date_gmt":"2025-08-19T17:46:26","guid":{"rendered":"https:\/\/ifa.uv.cl\/?p=21516"},"modified":"2025-08-19T13:51:33","modified_gmt":"2025-08-19T17:51:33","slug":"los-mensajeros-de-los-astros-astronomia-usando-algo-mas-que-fotones","status":"publish","type":"post","link":"https:\/\/ifa.uv.cl\/en\/los-mensajeros-de-los-astros-astronomia-usando-algo-mas-que-fotones\/","title":{"rendered":"Los Mensajeros de los Astros: Astronom\u00eda usando algo m\u00e1s que fotones"},"content":{"rendered":"\t\t<div data-elementor-type=\"wp-post\" data-elementor-id=\"21516\" class=\"elementor elementor-21516\">\n\t\t\t\t\t\t\t\t\t<section class=\"elementor-section elementor-top-section elementor-element elementor-element-7c7f122 elementor-section-boxed elementor-section-height-default elementor-section-height-default qodef-elementor-content-no\" data-id=\"7c7f122\" data-element_type=\"section\">\n\t\t\t\t\t\t<div class=\"elementor-container elementor-column-gap-default\">\n\t\t\t\t\t<div class=\"elementor-column elementor-col-100 elementor-top-column elementor-element elementor-element-aa8a5ae\" data-id=\"aa8a5ae\" data-element_type=\"column\">\n\t\t\t<div class=\"elementor-widget-wrap elementor-element-populated\">\n\t\t\t\t\t\t\t\t<div class=\"elementor-element elementor-element-d3cf318 elementor-widget elementor-widget-text-editor\" data-id=\"d3cf318\" data-element_type=\"widget\" data-widget_type=\"text-editor.default\">\n\t\t\t\t<div class=\"elementor-widget-container\">\n\t\t\t<style>\/*! elementor - v3.6.7 - 03-07-2022 *\/\n.elementor-widget-text-editor.elementor-drop-cap-view-stacked .elementor-drop-cap{background-color:#818a91;color:#fff}.elementor-widget-text-editor.elementor-drop-cap-view-framed .elementor-drop-cap{color:#818a91;border:3px solid;background-color:transparent}.elementor-widget-text-editor:not(.elementor-drop-cap-view-default) .elementor-drop-cap{margin-top:8px}.elementor-widget-text-editor:not(.elementor-drop-cap-view-default) .elementor-drop-cap-letter{width:1em;height:1em}.elementor-widget-text-editor .elementor-drop-cap{float:left;text-align:center;line-height:1;font-size:50px}.elementor-widget-text-editor .elementor-drop-cap-letter{display:inline-block}<\/style>\t\t\t\t<p>19 de agosto 2025<\/p><p><span style=\"font-weight: 400;\">El estudio de los objetos que habitan el Universo requiere observar m\u00e1s all\u00e1 de la luz visible. Para comprender qu\u00e9 ocurre en las regiones m\u00e1s lejanas y extremas del cosmos, los astr\u00f3nomos recurren a la detecci\u00f3n de part\u00edculas que viajan millones de a\u00f1os hasta llegar a la Tierra.<\/span><\/p><p><span style=\"font-weight: 400;\">De manera constante, nuestro planeta recibe fotones, protones y neutrinos: part\u00edculas de origen c\u00f3smico que transportan informaci\u00f3n invaluable sobre procesos que tienen lugar en agujeros negros, supernovas o galaxias distantes. Sin embargo, sus propiedades tan dispares obligan a dise\u00f1ar detectores especializados y complementarios, lo que ha abierto la puerta a nuevas formas de hacer astronom\u00eda.<\/span><\/p><div id=\"attachment_21527\" style=\"width: 213px\" class=\"wp-caption alignleft\"><img loading=\"lazy\" decoding=\"async\" aria-describedby=\"caption-attachment-21527\" class=\"wp-image-21527 size-full\" src=\"https:\/\/ifa.uv.cl\/wp-content\/uploads\/2025\/08\/image-11.png\" alt=\"\" width=\"203\" height=\"220\" \/><p id=\"caption-attachment-21527\" class=\"wp-caption-text\">Prof. Dr. Alfredo Vega<\/p><\/div><p><span style=\"font-weight: 400;\">En este contexto, el profesor Alfredo Vega, acad\u00e9mico del Instituto de F\u00edsica y Astronom\u00eda de la Universidad de Valpara\u00edso, presentar\u00e1 la charla \u201cMensajeros c\u00f3smicos\u201d, donde abordar\u00e1 c\u00f3mo estas part\u00edculas permiten construir una visi\u00f3n del Universo en m\u00faltiples mensajeros. Esta nueva perspectiva combina la luz con otras se\u00f1ales fundamentales para revelar secretos ocultos del cosmos.<\/span><\/p><p><span style=\"font-weight: 400;\">La actividad est\u00e1 dirigida a todo p\u00fablico y busca acercar la frontera del conocimiento cient\u00edfico a la comunidad, mostrando c\u00f3mo las investigaciones actuales en f\u00edsica y astronom\u00eda abren caminos in\u00e9ditos para comprender nuestro lugar en el Universo.\u00a0<\/span><\/p><p>El lunes 1 de septiembre a las 17:30 hrs en la Sala Rub\u00e9n Dar\u00edo del Centro de Extensi\u00f3n UV, ubicada en Err\u00e1zuriz 1108, Valpara\u00edso.<\/p>\t\t\t\t\t\t<\/div>\n\t\t\t\t<\/div>\n\t\t\t\t\t<\/div>\n\t\t<\/div>\n\t\t\t\t\t\t\t<\/div>\n\t\t<\/section>\n\t\t\t\t\t\t\t<\/div>\n\t\t","protected":false},"excerpt":{"rendered":"<p>Los astros no solo se comunican a trav\u00e9s de la luz. Fotones, protones y neutrinos viajan por el espacio hasta nuestro planeta, revelando los secretos de fen\u00f3menos extremos del Universo. En esta charla, el Dr. Alfredo Vega, acad\u00e9mico del Instituto de F\u00edsica y Astronom\u00eda de la Universidad de Valpara\u00edso, presentar\u00e1 c\u00f3mo estos \u201cmensajeros c\u00f3smicos\u201d han abierto nuevas formas de hacer astronom\u00eda m\u00e1s all\u00e1 de los telescopios tradicionales.<br \/>\nEl lunes 1 de septiembre a las 17:30 hrs en la Sala Rub\u00e9n Dar\u00edo del Centro de Extensi\u00f3n UV, ubicada en Err\u00e1zuriz 1108, Valpara\u00edso.<\/p>\n","protected":false},"author":6,"featured_media":21515,"comment_status":"closed","ping_status":"open","sticky":false,"template":"","format":"standard","meta":{"footnotes":""},"categories":[163,107],"tags":[138,138,143,143],"class_list":{"0":"post-21516","1":"post","2":"type-post","3":"status-publish","4":"format-standard","5":"has-post-thumbnail","6":"hentry","7":"category-noticias-en","8":"category-uncategorized","9":"tag-astronomia-en","11":"tag-ifa-en"},"_links":{"self":[{"href":"https:\/\/ifa.uv.cl\/en\/wp-json\/wp\/v2\/posts\/21516","targetHints":{"allow":["GET"]}}],"collection":[{"href":"https:\/\/ifa.uv.cl\/en\/wp-json\/wp\/v2\/posts"}],"about":[{"href":"https:\/\/ifa.uv.cl\/en\/wp-json\/wp\/v2\/types\/post"}],"author":[{"embeddable":true,"href":"https:\/\/ifa.uv.cl\/en\/wp-json\/wp\/v2\/users\/6"}],"replies":[{"embeddable":true,"href":"https:\/\/ifa.uv.cl\/en\/wp-json\/wp\/v2\/comments?post=21516"}],"version-history":[{"count":8,"href":"https:\/\/ifa.uv.cl\/en\/wp-json\/wp\/v2\/posts\/21516\/revisions"}],"predecessor-version":[{"id":21533,"href":"https:\/\/ifa.uv.cl\/en\/wp-json\/wp\/v2\/posts\/21516\/revisions\/21533"}],"wp:featuredmedia":[{"embeddable":true,"href":"https:\/\/ifa.uv.cl\/en\/wp-json\/wp\/v2\/media\/21515"}],"wp:attachment":[{"href":"https:\/\/ifa.uv.cl\/en\/wp-json\/wp\/v2\/media?parent=21516"}],"wp:term":[{"taxonomy":"category","embeddable":true,"href":"https:\/\/ifa.uv.cl\/en\/wp-json\/wp\/v2\/categories?post=21516"},{"taxonomy":"post_tag","embeddable":true,"href":"https:\/\/ifa.uv.cl\/en\/wp-json\/wp\/v2\/tags?post=21516"}],"curies":[{"name":"wp","href":"https:\/\/api.w.org\/{rel}","templated":true}]}}