{"id":21450,"date":"2025-08-07T21:26:16","date_gmt":"2025-08-08T01:26:16","guid":{"rendered":"https:\/\/ifa.uv.cl\/?p=21450"},"modified":"2025-08-07T21:39:08","modified_gmt":"2025-08-08T01:39:08","slug":"la-verdadera-historia-del-origen-de-la-astronomia-profesional-en-chile","status":"publish","type":"post","link":"https:\/\/ifa.uv.cl\/en\/la-verdadera-historia-del-origen-de-la-astronomia-profesional-en-chile\/","title":{"rendered":"La verdadera historia del origen de la astronom\u00eda profesional en Chile"},"content":{"rendered":"\t\t<div data-elementor-type=\"wp-post\" data-elementor-id=\"21450\" class=\"elementor elementor-21450\">\n\t\t\t\t\t\t\t\t\t<section class=\"elementor-section elementor-top-section elementor-element elementor-element-7c7f122 elementor-section-boxed elementor-section-height-default elementor-section-height-default qodef-elementor-content-no\" data-id=\"7c7f122\" data-element_type=\"section\">\n\t\t\t\t\t\t<div class=\"elementor-container elementor-column-gap-default\">\n\t\t\t\t\t<div class=\"elementor-column elementor-col-100 elementor-top-column elementor-element elementor-element-aa8a5ae\" data-id=\"aa8a5ae\" data-element_type=\"column\">\n\t\t\t<div class=\"elementor-widget-wrap elementor-element-populated\">\n\t\t\t\t\t\t\t\t<div class=\"elementor-element elementor-element-d3cf318 elementor-widget elementor-widget-text-editor\" data-id=\"d3cf318\" data-element_type=\"widget\" data-widget_type=\"text-editor.default\">\n\t\t\t\t<div class=\"elementor-widget-container\">\n\t\t\t<style>\/*! elementor - v3.6.7 - 03-07-2022 *\/\n.elementor-widget-text-editor.elementor-drop-cap-view-stacked .elementor-drop-cap{background-color:#818a91;color:#fff}.elementor-widget-text-editor.elementor-drop-cap-view-framed .elementor-drop-cap{color:#818a91;border:3px solid;background-color:transparent}.elementor-widget-text-editor:not(.elementor-drop-cap-view-default) .elementor-drop-cap{margin-top:8px}.elementor-widget-text-editor:not(.elementor-drop-cap-view-default) .elementor-drop-cap-letter{width:1em;height:1em}.elementor-widget-text-editor .elementor-drop-cap{float:left;text-align:center;line-height:1;font-size:50px}.elementor-widget-text-editor .elementor-drop-cap-letter{display:inline-block}<\/style>\t\t\t\t<p>7 de agosto 2025<\/p><p><span style=\"font-weight: 400;\">Hoy en d\u00eda, Chile es considerado una potencia mundial en astronom\u00eda: gracias a la excepcional calidad de sus cielos en el norte del pa\u00eds, alberga algunos de los observatorios m\u00e1s avanzados del planeta, y se proyecta que al final de esta d\u00e9cada concentrar\u00e1 cerca del 70 % de la capacidad astron\u00f3mica terrestre. Sin embargo, a pesar de este panorama actual y de las proyecciones futuras, la astronom\u00eda profesional en Chile tuvo un inicio modesto y poco conocido a mediados del siglo XIX\u2026 en Valpara\u00edso.<\/span><\/p><div id=\"attachment_21454\" style=\"width: 310px\" class=\"wp-caption alignleft\"><img loading=\"lazy\" decoding=\"async\" aria-describedby=\"caption-attachment-21454\" class=\"wp-image-21454 size-medium\" src=\"https:\/\/ifa.uv.cl\/wp-content\/uploads\/2025\/08\/Figura-3-300x232.jpg\" alt=\"\" width=\"300\" height=\"232\" srcset=\"https:\/\/ifa.uv.cl\/wp-content\/uploads\/2025\/08\/Figura-3-300x232.jpg 300w, https:\/\/ifa.uv.cl\/wp-content\/uploads\/2025\/08\/Figura-3-1024x792.jpg 1024w, https:\/\/ifa.uv.cl\/wp-content\/uploads\/2025\/08\/Figura-3-768x594.jpg 768w, https:\/\/ifa.uv.cl\/wp-content\/uploads\/2025\/08\/Figura-3-1536x1187.jpg 1536w, https:\/\/ifa.uv.cl\/wp-content\/uploads\/2025\/08\/Figura-3-2048x1583.jpg 2048w\" sizes=\"auto, (max-width: 300px) 100vw, 300px\" \/><p id=\"caption-attachment-21454\" class=\"wp-caption-text\">Bah\u00eda de Valpara\u00edso en 1842A pesar de la fecha de firma del cuadro, su autor dej\u00f3 el pa\u00eds en 1842. El edificio del observatorio aparece completo, coronando la puntilla del cerro Cordillera a la derecha del antiguo edificio de la Aduana. Esto permite datar su construcci\u00f3n seg\u00fan el a\u00f1o de partida del pintor. Rugendas, Bah\u00eda de Valpara\u00edso (1844).<\/p><\/div><p><span style=\"font-weight: 400;\">Una reciente investigaci\u00f3n acad\u00e9mica propone un giro radical en la historia cient\u00edfica nacional: el primer observatorio astron\u00f3mico profesional del pa\u00eds no estuvo en Santiago, sino en el Cerro Cordillera de Valpara\u00edso, en 1843. <\/span><span style=\"font-weight: 400;\">Es decir, seis a\u00f1os antes que la expedici\u00f3n del teniente norteamericano James Gilliss hab\u00eda instalado un observatorio en el Cerro Santa Luc\u00eda de Santiago<\/span><span style=\"font-weight: 400;\">.<\/span><\/p><div id=\"attachment_21456\" style=\"width: 310px\" class=\"wp-caption alignleft\"><img loading=\"lazy\" decoding=\"async\" aria-describedby=\"caption-attachment-21456\" class=\"wp-image-21456 size-medium\" src=\"https:\/\/ifa.uv.cl\/wp-content\/uploads\/2025\/08\/Figura-5-300x233.jpg\" alt=\"\" width=\"300\" height=\"233\" srcset=\"https:\/\/ifa.uv.cl\/wp-content\/uploads\/2025\/08\/Figura-5-300x233.jpg 300w, https:\/\/ifa.uv.cl\/wp-content\/uploads\/2025\/08\/Figura-5-1024x796.jpg 1024w, https:\/\/ifa.uv.cl\/wp-content\/uploads\/2025\/08\/Figura-5-768x597.jpg 768w, https:\/\/ifa.uv.cl\/wp-content\/uploads\/2025\/08\/Figura-5-1536x1195.jpg 1536w, https:\/\/ifa.uv.cl\/wp-content\/uploads\/2025\/08\/Figura-5-2048x1593.jpg 2048w\" sizes=\"auto, (max-width: 300px) 100vw, 300px\" \/><p id=\"caption-attachment-21456\" class=\"wp-caption-text\">El observatorio en relaci\u00f3n con la bah\u00eda de Valpara\u00edsoAl costado derecho superior de la imagen es posible ver parte del edificio del observatorio. El m\u00e1stil frente a este corresponde al timeball, probablemente no operativo en esta fecha. Watkins, C. (presunto). (ca. 1852).<\/p><\/div><p>\n\t\t<style type=\"text\/css\">\n\t\t\t#gallery-1 {\n\t\t\t\tmargin: auto;\n\t\t\t}\n\t\t\t#gallery-1 .gallery-item {\n\t\t\t\tfloat: left;\n\t\t\t\tmargin-top: 10px;\n\t\t\t\ttext-align: center;\n\t\t\t\twidth: 33%;\n\t\t\t}\n\t\t\t#gallery-1 img {\n\t\t\t\tborder: 2px solid #cfcfcf;\n\t\t\t}\n\t\t\t#gallery-1 .gallery-caption {\n\t\t\t\tmargin-left: 0;\n\t\t\t}\n\t\t\t\/* see gallery_shortcode() in wp-includes\/media.php *\/\n\t\t<\/style>\n\t\t<div id='gallery-1' class='gallery galleryid-21450 gallery-columns-3 gallery-size-medium'><dl class='gallery-item'>\n\t\t\t<dt class='gallery-icon portrait'>\n\t\t\t\t<a href='https:\/\/ifa.uv.cl\/en\/la-verdadera-historia-del-origen-de-la-astronomia-profesional-en-chile\/figura-6-2\/'><img loading=\"lazy\" decoding=\"async\" width=\"205\" height=\"300\" src=\"https:\/\/ifa.uv.cl\/wp-content\/uploads\/2025\/08\/Figura-6-205x300.jpg\" class=\"attachment-medium size-medium\" alt=\"\" aria-describedby=\"gallery-1-21459\" srcset=\"https:\/\/ifa.uv.cl\/wp-content\/uploads\/2025\/08\/Figura-6-205x300.jpg 205w, https:\/\/ifa.uv.cl\/wp-content\/uploads\/2025\/08\/Figura-6-699x1024.jpg 699w, https:\/\/ifa.uv.cl\/wp-content\/uploads\/2025\/08\/Figura-6-768x1125.jpg 768w, https:\/\/ifa.uv.cl\/wp-content\/uploads\/2025\/08\/Figura-6-1048x1536.jpg 1048w, https:\/\/ifa.uv.cl\/wp-content\/uploads\/2025\/08\/Figura-6-1398x2048.jpg 1398w, https:\/\/ifa.uv.cl\/wp-content\/uploads\/2025\/08\/Figura-6-scaled.jpg 1747w\" sizes=\"auto, (max-width: 205px) 100vw, 205px\" \/><\/a>\n\t\t\t<\/dt>\n\t\t\t\t<dd class='wp-caption-text gallery-caption' id='gallery-1-21459'>\n\t\t\t\tEl observatorio en 1967. Detalle del estado de conservaci\u00f3n exterior del sal\u00f3n que alberg\u00f3 el telescopio de tr\u00e1nsito  La imagen muestra el muro norte del sal\u00f3n del tr\u00e1nsito donde originalmente hubo una ventana, entre las pilastras, a trav\u00e9s de la cual se realizaban las observaciones con el telescopio de tr\u00e1nsito. Imagen gentileza fondo documental Myriam Waisberg del Archivo de la Historia de la Arquitectura de Valpara\u00edso, Universidad de Valpara\u00edso. \n\n\t\t\t\t<\/dd><\/dl><dl class='gallery-item'>\n\t\t\t<dt class='gallery-icon portrait'>\n\t\t\t\t<a href='https:\/\/ifa.uv.cl\/en\/la-verdadera-historia-del-origen-de-la-astronomia-profesional-en-chile\/figura-1-2\/'><img loading=\"lazy\" decoding=\"async\" width=\"227\" height=\"300\" src=\"https:\/\/ifa.uv.cl\/wp-content\/uploads\/2025\/08\/Figura-1-227x300.jpg\" class=\"attachment-medium size-medium\" alt=\"\" aria-describedby=\"gallery-1-21453\" srcset=\"https:\/\/ifa.uv.cl\/wp-content\/uploads\/2025\/08\/Figura-1-227x300.jpg 227w, https:\/\/ifa.uv.cl\/wp-content\/uploads\/2025\/08\/Figura-1-776x1024.jpg 776w, https:\/\/ifa.uv.cl\/wp-content\/uploads\/2025\/08\/Figura-1-768x1014.jpg 768w, https:\/\/ifa.uv.cl\/wp-content\/uploads\/2025\/08\/Figura-1-1164x1536.jpg 1164w, https:\/\/ifa.uv.cl\/wp-content\/uploads\/2025\/08\/Figura-1-1551x2048.jpg 1551w, https:\/\/ifa.uv.cl\/wp-content\/uploads\/2025\/08\/Figura-1-scaled.jpg 1939w\" sizes=\"auto, (max-width: 227px) 100vw, 227px\" \/><\/a>\n\t\t\t<\/dt>\n\t\t\t\t<dd class='wp-caption-text gallery-caption' id='gallery-1-21453'>\n\t\t\t\tJuan Mouat, pionero de la astronom\u00eda en ChileAutor desconocido, circa 1860. Archivo personal de Francisco Mouat\n\t\t\t\t<\/dd><\/dl>\n\t\t\t<br style='clear: both' \/>\n\t\t<\/div>\n<\/p><p><span style=\"font-weight: 400;\">Esta nueva mirada, <\/span><span style=\"font-weight: 400;\">liderada<\/span><span style=\"font-weight: 400;\"> por la investigadora Daniela Bustamante Canales, presidenta de la Fundaci\u00f3n Altura Patrimonio, rescata el legado del relojero escoc\u00e9s Juan Mouat, quien construy\u00f3 un observatorio con funciones cient\u00edficas avanzadas: medici\u00f3n del tiempo, meteorolog\u00eda, geodesia, observaciones astron\u00f3micas, y un <\/span><i><span style=\"font-weight: 400;\">timeball<\/span><\/i><span style=\"font-weight: 400;\"> visible desde el puerto, uno de los primeros en Am\u00e9rica del Sur para la sincronizaci\u00f3n horaria de barcos, lo que facilitaba la navegaci\u00f3n.\u00a0 \u201cEsta historia hab\u00eda sido olvidada, pero es momento de recuperar el legado cient\u00edfico y patrimonial de Valpara\u00edso. Este observatorio fue pionero en su tipo, y su edificio a\u00fan existe\u201d, se\u00f1ala la autora.<\/span><\/p><p><span style=\"font-weight: 400;\">\u201cMirar el cielo ha sido hist\u00f3ricamente una forma de construir conocimiento y de relacionarnos con el entorno. En Chile, ese impulso ha estado siempre vinculado a la geograf\u00eda, la navegaci\u00f3n y el tiempo, y durante el Siglo XIX Valpara\u00edso fue protagonista de esa historia\u201d, afirma el astr\u00f3nomo Dr. Eduardo Ibar del Instituto de F\u00edsica y Astronom\u00eda de la Universidad de Valpara\u00edso, <\/span><span style=\"font-weight: 400;\">quien es coautor de la publicaci\u00f3n<\/span><span style=\"font-weight: 400;\">.<\/span><\/p><h4><b>Un edificio hist\u00f3rico&#8230; que sigue en pie<\/b><\/h4><p><span style=\"font-weight: 400;\">El inmueble original, declarado Monumento Hist\u00f3rico <\/span><span style=\"font-weight: 400;\">Nacional en 1963 y destinado por la Ley 17.236 a ser el Museo del Mar<\/span><span style=\"font-weight: 400;\">, hoy alberga<\/span><span style=\"font-weight: 400;\"> en sus<\/span><span style=\"font-weight: 400;\"> dependencias<\/span><span style=\"font-weight: 400;\"> a <\/span><span style=\"font-weight: 400;\">la <\/span><b>Corporaci\u00f3n Sitio Patrimonio Mundial <\/b><b>y al Archivo Regional de Valpara\u00edso<\/b><span style=\"font-weight: 400;\">. A lo largo de los a\u00f1os ha sido residencia, museo y sede municipal, pero su origen astron\u00f3mico ha pasado desapercibido.<\/span><\/p><h4><b>Recuperar nuestra memoria cient\u00edfica<\/b><\/h4><p><span style=\"font-weight: 400;\">A 180 a\u00f1os de su fundaci\u00f3n, el observatorio de Mouat es un ejemplo del esp\u00edritu cient\u00edfico y cosmopolita que caracteriz\u00f3 al Valpara\u00edso del siglo XIX. La investigaci\u00f3n plantea la necesidad de <\/span><b>reconocer y poner en valor este legado<\/b><span style=\"font-weight: 400;\">, como parte fundamental de la identidad patrimonial de la ciudad.<\/span><\/p><p><i><span style=\"font-weight: 400;\">El art\u00edculo completo puede leerse gratuitamente en l\u00ednea en la Revista 180, n.\u00ba 55 (2025):<\/span><\/i><i><span style=\"font-weight: 400;\"><br \/><\/span><\/i> <a href=\"https:\/\/revista180.udp.cl\/index.php\/revista180\/article\/view\/1413\"><span style=\"font-weight: 400;\">https:\/\/revista180.udp.cl\/index.php\/revista180\/article\/view\/1413<\/span><\/a><\/p><p>M\u00e1s informaci\u00f3n https:\/\/alturapatrimonio.cl\/<\/p><p><iframe loading=\"lazy\" title=\"Documental en NTV: &quot;Navegantes del Tiempo&quot;\" width=\"1300\" height=\"731\" src=\"https:\/\/www.youtube.com\/embed\/07v0NStduO0?feature=oembed\" frameborder=\"0\" allow=\"accelerometer; autoplay; clipboard-write; encrypted-media; gyroscope; picture-in-picture; web-share\" referrerpolicy=\"strict-origin-when-cross-origin\" allowfullscreen><\/iframe><\/p>\t\t\t\t\t\t<\/div>\n\t\t\t\t<\/div>\n\t\t\t\t\t<\/div>\n\t\t<\/div>\n\t\t\t\t\t\t\t<\/div>\n\t\t<\/section>\n\t\t\t\t\t\t\t<\/div>\n\t\t","protected":false},"excerpt":{"rendered":"<p>Una reciente investigaci\u00f3n acad\u00e9mica propone un giro radical en la historia cient\u00edfica nacional: el primer observatorio astron\u00f3mico profesional del pa\u00eds no estuvo en Santiago, sino en el Cerro Cordillera de Valpara\u00edso, en 1843. Esta es la primera publicaci\u00f3n de Fundaci\u00f3n Altura Patrimonio que lidera la arquitecto Daniela Bustamante y cuyo coautor es Eduardo Ibar, astr\u00f3nomo y acad\u00e9mico del Instituto de F\u00edsica y Astronom\u00eda de la Universidad de Valpara\u00edso.<\/p>\n","protected":false},"author":6,"featured_media":16243,"comment_status":"closed","ping_status":"open","sticky":false,"template":"","format":"standard","meta":{"footnotes":""},"categories":[163,107],"tags":[138,138,143,143],"class_list":{"0":"post-21450","1":"post","2":"type-post","3":"status-publish","4":"format-standard","5":"has-post-thumbnail","6":"hentry","7":"category-noticias-en","8":"category-uncategorized","9":"tag-astronomia-en","11":"tag-ifa-en"},"_links":{"self":[{"href":"https:\/\/ifa.uv.cl\/en\/wp-json\/wp\/v2\/posts\/21450","targetHints":{"allow":["GET"]}}],"collection":[{"href":"https:\/\/ifa.uv.cl\/en\/wp-json\/wp\/v2\/posts"}],"about":[{"href":"https:\/\/ifa.uv.cl\/en\/wp-json\/wp\/v2\/types\/post"}],"author":[{"embeddable":true,"href":"https:\/\/ifa.uv.cl\/en\/wp-json\/wp\/v2\/users\/6"}],"replies":[{"embeddable":true,"href":"https:\/\/ifa.uv.cl\/en\/wp-json\/wp\/v2\/comments?post=21450"}],"version-history":[{"count":17,"href":"https:\/\/ifa.uv.cl\/en\/wp-json\/wp\/v2\/posts\/21450\/revisions"}],"predecessor-version":[{"id":21490,"href":"https:\/\/ifa.uv.cl\/en\/wp-json\/wp\/v2\/posts\/21450\/revisions\/21490"}],"wp:featuredmedia":[{"embeddable":true,"href":"https:\/\/ifa.uv.cl\/en\/wp-json\/wp\/v2\/media\/16243"}],"wp:attachment":[{"href":"https:\/\/ifa.uv.cl\/en\/wp-json\/wp\/v2\/media?parent=21450"}],"wp:term":[{"taxonomy":"category","embeddable":true,"href":"https:\/\/ifa.uv.cl\/en\/wp-json\/wp\/v2\/categories?post=21450"},{"taxonomy":"post_tag","embeddable":true,"href":"https:\/\/ifa.uv.cl\/en\/wp-json\/wp\/v2\/tags?post=21450"}],"curies":[{"name":"wp","href":"https:\/\/api.w.org\/{rel}","templated":true}]}}