{"id":21435,"date":"2025-07-28T11:10:40","date_gmt":"2025-07-28T15:10:40","guid":{"rendered":"https:\/\/ifa.uv.cl\/?p=21435"},"modified":"2025-07-28T11:12:05","modified_gmt":"2025-07-28T15:12:05","slug":"primera-escuela-de-machine-learning-sobre-estrellas-masivas-y-evento-de-microlente-reunio-a-investigadores-de-todo-el-pais-en-la-uv","status":"publish","type":"post","link":"https:\/\/ifa.uv.cl\/en\/primera-escuela-de-machine-learning-sobre-estrellas-masivas-y-evento-de-microlente-reunio-a-investigadores-de-todo-el-pais-en-la-uv\/","title":{"rendered":"Primera Escuela de Machine Learning sobre estrellas masivas y evento de microlente reuni\u00f3 a investigadores de todo el pa\u00eds en la UV"},"content":{"rendered":"\t\t<div data-elementor-type=\"wp-post\" data-elementor-id=\"21435\" class=\"elementor elementor-21435\">\n\t\t\t\t\t\t\t\t\t<section class=\"elementor-section elementor-top-section elementor-element elementor-element-7c7f122 elementor-section-boxed elementor-section-height-default elementor-section-height-default qodef-elementor-content-no\" data-id=\"7c7f122\" data-element_type=\"section\">\n\t\t\t\t\t\t<div class=\"elementor-container elementor-column-gap-default\">\n\t\t\t\t\t<div class=\"elementor-column elementor-col-100 elementor-top-column elementor-element elementor-element-aa8a5ae\" data-id=\"aa8a5ae\" data-element_type=\"column\">\n\t\t\t<div class=\"elementor-widget-wrap elementor-element-populated\">\n\t\t\t\t\t\t\t\t<div class=\"elementor-element elementor-element-d3cf318 elementor-widget elementor-widget-text-editor\" data-id=\"d3cf318\" data-element_type=\"widget\" data-widget_type=\"text-editor.default\">\n\t\t\t\t<div class=\"elementor-widget-container\">\n\t\t\t<style>\/*! elementor - v3.6.7 - 03-07-2022 *\/\n.elementor-widget-text-editor.elementor-drop-cap-view-stacked .elementor-drop-cap{background-color:#818a91;color:#fff}.elementor-widget-text-editor.elementor-drop-cap-view-framed .elementor-drop-cap{color:#818a91;border:3px solid;background-color:transparent}.elementor-widget-text-editor:not(.elementor-drop-cap-view-default) .elementor-drop-cap{margin-top:8px}.elementor-widget-text-editor:not(.elementor-drop-cap-view-default) .elementor-drop-cap-letter{width:1em;height:1em}.elementor-widget-text-editor .elementor-drop-cap{float:left;text-align:center;line-height:1;font-size:50px}.elementor-widget-text-editor .elementor-drop-cap-letter{display:inline-block}<\/style>\t\t\t\t<p>28 de julio 2025<\/p><p>\u00a0<\/p><p>Del 21 al 25 de julio, la Universidad de Valpara\u00edso fue sede de la Primera Escuela Nacional de Machine Learning aplicada al estudio de estrellas masivas y eventos de microlente gravitacional. Con 118 postulantes para treinta cupos, la convocatoria super\u00f3 con creces las expectativas y evidenci\u00f3 el inter\u00e9s creciente en el uso de herramientas de Inteligencia Artificial para enfrentar los desaf\u00edos de la astronom\u00eda moderna.<\/p><p>El evento fue liderado por la astr\u00f3noma Catalina Arcos, acad\u00e9mica del Instituto de F\u00edsica y Astronom\u00eda (IFA) de la UV, como parte de un proyecto financiado por el Observatorio Gemini y la Agencia Nacional de Investigaci\u00f3n y Desarrollo (ANID), que se desarrolla en conjunto con las universidades T\u00e9cnica Federico Santa Mar\u00eda, Mayor y Pontificia Universidad Cat\u00f3lica de Valpara\u00edso.<\/p><p><img loading=\"lazy\" decoding=\"async\" class=\"wp-image-21437 size-large alignleft\" src=\"https:\/\/ifa.uv.cl\/wp-content\/uploads\/2025\/07\/IFA-5-1024x680.jpg\" alt=\"\" width=\"1024\" height=\"680\" srcset=\"https:\/\/ifa.uv.cl\/wp-content\/uploads\/2025\/07\/IFA-5-1024x680.jpg 1024w, https:\/\/ifa.uv.cl\/wp-content\/uploads\/2025\/07\/IFA-5-300x199.jpg 300w, https:\/\/ifa.uv.cl\/wp-content\/uploads\/2025\/07\/IFA-5-768x510.jpg 768w, https:\/\/ifa.uv.cl\/wp-content\/uploads\/2025\/07\/IFA-5-1536x1021.jpg 1536w, https:\/\/ifa.uv.cl\/wp-content\/uploads\/2025\/07\/IFA-5-2048x1361.jpg 2048w\" sizes=\"auto, (max-width: 1024px) 100vw, 1024px\" \/><\/p><p>\u201cEste evento nace de la necesidad de manejar grandes vol\u00famenes de datos astron\u00f3micos que ya no pueden analizarse manualmente. Necesitamos nuevas herramientas, y el machine learning es clave para eso\u201d, explic\u00f3 la doctora Arcos.<\/p><p><strong>M\u00e1s telescopios, m\u00e1s datos, m\u00e1s herramientas<\/strong><br \/>Chile alberga algunos de los telescopios m\u00e1s potentes del mundo. Con la instalaci\u00f3n de nuevos instrumentos, la cantidad de datos astron\u00f3micos ha crecido exponencialmente. La clasificaci\u00f3n visual de im\u00e1genes o espectros, que antes era com\u00fan, ahora resulta inviable.<\/p><p>\u201cCada vez es m\u00e1s necesario contar con sistemas que automaticen la clasificaci\u00f3n de datos. Por ejemplo, determinar si una estrella es variable o si un objeto es un evento de microlente requiere rapidez y precisi\u00f3n. El machine learning nos permite eso: aplicar modelos entrenados para identificar patrones de forma efectiva\u201d, a\u00f1adi\u00f3 la astr\u00f3noma del IFA-UV.<\/p><p>La Escuela se estructur\u00f3 con clases te\u00f3ricas por las ma\u00f1anas y sesiones pr\u00e1cticas por las tardes. En los \u00faltimos d\u00edas, las y los asistentes se organizaron en grupos y trabajaron en proyectos cient\u00edficos, que les fueron asignados para aplicar lo aprendido. Las tem\u00e1ticas abordadas incluyeron redes neuronales artificiales, herramientas estad\u00edsticas y an\u00e1lisis automatizado de datos astron\u00f3micos.<\/p><p><strong>Alta demanda y diversidad acad\u00e9mica<\/strong><br \/>Los cupos fueron limitados. Se prioriz\u00f3 a postulantes que pudieran aplicar de inmediato las herramientas a sus investigaciones. \u201cFue una decisi\u00f3n muy dif\u00edcil. Recibimos 118 postulaciones y solo hab\u00eda cupo para treinta. Seleccionamos a quienes ya estaban trabajando en investigaciones activas y pod\u00edan incorporar lo aprendido desde ya. El inter\u00e9s fue muy alto\u201d, coment\u00f3 la acad\u00e9mica.<\/p><p>Las y los participantes proven\u00edan de distintas disciplinas: f\u00edsica, astronom\u00eda, estad\u00edstica, ingenier\u00eda el\u00e9ctrica e inform\u00e1tica, y de diversas etapas acad\u00e9micas: estudiantes de pregrado, postgrado e investigadores postdoctorales.<\/p><p><strong>Valorada experiencia<\/strong><br \/>Felipe Ortiz, estudiante de Doctorado en Astrof\u00edsica de la UV, valor\u00f3 la experiencia: \u201cHa sido bastante entretenida. Tuvimos clases con expertos en estad\u00edstica y machine learning, y luego sesiones pr\u00e1cticas donde aplicamos ese conocimiento. Mi evaluaci\u00f3n es muy positiva\u201d.<\/p><p>Por su parte, Mari\u00e1ngela Campos, alumna del Mag\u00edster en F\u00edsica de la PUCV, destac\u00f3: \u201cMi tema de tesis no es de estrellas masivas, es sobre agujeros negros, pero las herramientas que aprendimos me van a permitir optimizar mi investigaci\u00f3n. Es incre\u00edble que en Chile, siendo sede mundial de la astronom\u00eda, nos estemos preparando para sacarle el m\u00e1ximo provecho a todos estos datos\u201d.<\/p><p>Mientras que Paula Silva, astr\u00f3noma de la Pontificia Universidad Cat\u00f3lica de Santiago, quien planea postular a un programa de postgrado, afirm\u00f3 que \u201cfue maravilloso, desde las clases hasta el trabajo en equipo. Las actividades estaban muy bien dise\u00f1adas, y aplicar lo aprendido en proyectos concretos fue una excelente manera de consolidar el conocimiento\u201d.<\/p><p><strong>Expositores de alto nivel<\/strong><br \/>La calidad de los expositores fue otro de los aspectos valorados. La escuela reuni\u00f3 a investigadoras e investigadores de excelencia en \u00e1reas como astronom\u00eda, estad\u00edstica, ingenier\u00eda e inform\u00e1tica, entre ellos: Catalina Arcos, Michel Cur\u00e9, Ver\u00f3nica Motta y Alejandra Christen (acad\u00e9micos UV). A ellos se sumaron Raquel Pezoa (UTFSM), Ignacio Araya y Sara Cu\u00e9llar (ambos de U. Mayor), y Gonzalo Far\u00edas y Pedro Esc\u00e1rate (de la PUCV).<\/p><p>Un compromiso que contin\u00faa<br \/>La doctora Arcos adelant\u00f3 que la iniciativa busca proyectarse en el tiempo como una plataforma de formaci\u00f3n continua para las nuevas generaciones: \u201cEste tipo de actividades no solo permiten transferir conocimientos, sino tambi\u00e9n formar redes de colaboraci\u00f3n. Vamos a seguir en esta l\u00ednea. En noviembre tendremos una nueva escuela sobre el mismo tema, esta vez internacional, y tambi\u00e9n astr\u00f3nomos del IFA desarrollar\u00e1n otra, enfocada en datos del radiotelescopio ALMA. Ambas se realizar\u00e1n aqu\u00ed en la Universidad de Valpara\u00edso\u201d, adelant\u00f3.<\/p><p>\u00a0<\/p><p>\u00a0<\/p><p>Nota: Pamela Simonetti \/ Fotos: Denis Isla<\/p>\t\t\t\t\t\t<\/div>\n\t\t\t\t<\/div>\n\t\t\t\t\t<\/div>\n\t\t<\/div>\n\t\t\t\t\t\t\t<\/div>\n\t\t<\/section>\n\t\t\t\t\t\t\t<\/div>\n\t\t","protected":false},"excerpt":{"rendered":"<p>La iniciativa, que atrajo 118 postulaciones para solo treinta cupos, entreg\u00f3 nuevas herramientas para enfrentar el creciente volumen de datos astron\u00f3micos que generan los grandes telescopios instalados en Chile.<\/p>\n","protected":false},"author":6,"featured_media":21433,"comment_status":"closed","ping_status":"open","sticky":false,"template":"","format":"standard","meta":{"footnotes":""},"categories":[163,107],"tags":[138,138,143,143],"class_list":{"0":"post-21435","1":"post","2":"type-post","3":"status-publish","4":"format-standard","5":"has-post-thumbnail","6":"hentry","7":"category-noticias-en","8":"category-uncategorized","9":"tag-astronomia-en","11":"tag-ifa-en"},"_links":{"self":[{"href":"https:\/\/ifa.uv.cl\/en\/wp-json\/wp\/v2\/posts\/21435","targetHints":{"allow":["GET"]}}],"collection":[{"href":"https:\/\/ifa.uv.cl\/en\/wp-json\/wp\/v2\/posts"}],"about":[{"href":"https:\/\/ifa.uv.cl\/en\/wp-json\/wp\/v2\/types\/post"}],"author":[{"embeddable":true,"href":"https:\/\/ifa.uv.cl\/en\/wp-json\/wp\/v2\/users\/6"}],"replies":[{"embeddable":true,"href":"https:\/\/ifa.uv.cl\/en\/wp-json\/wp\/v2\/comments?post=21435"}],"version-history":[{"count":4,"href":"https:\/\/ifa.uv.cl\/en\/wp-json\/wp\/v2\/posts\/21435\/revisions"}],"predecessor-version":[{"id":21443,"href":"https:\/\/ifa.uv.cl\/en\/wp-json\/wp\/v2\/posts\/21435\/revisions\/21443"}],"wp:featuredmedia":[{"embeddable":true,"href":"https:\/\/ifa.uv.cl\/en\/wp-json\/wp\/v2\/media\/21433"}],"wp:attachment":[{"href":"https:\/\/ifa.uv.cl\/en\/wp-json\/wp\/v2\/media?parent=21435"}],"wp:term":[{"taxonomy":"category","embeddable":true,"href":"https:\/\/ifa.uv.cl\/en\/wp-json\/wp\/v2\/categories?post=21435"},{"taxonomy":"post_tag","embeddable":true,"href":"https:\/\/ifa.uv.cl\/en\/wp-json\/wp\/v2\/tags?post=21435"}],"curies":[{"name":"wp","href":"https:\/\/api.w.org\/{rel}","templated":true}]}}