{"id":21409,"date":"2025-07-23T15:53:32","date_gmt":"2025-07-23T19:53:32","guid":{"rendered":"https:\/\/ifa.uv.cl\/?p=21409"},"modified":"2025-07-23T16:06:27","modified_gmt":"2025-07-23T20:06:27","slug":"los-secretos-de-las-lunas-de-saturno-cassini-y-el-hallazgo-de-mundos-que-podrian-albergar-vida","status":"publish","type":"post","link":"https:\/\/ifa.uv.cl\/en\/los-secretos-de-las-lunas-de-saturno-cassini-y-el-hallazgo-de-mundos-que-podrian-albergar-vida\/","title":{"rendered":"Los secretos de las lunas de Saturno: Cassini y el hallazgo de mundos que podr\u00edan albergar vida"},"content":{"rendered":"\t\t<div data-elementor-type=\"wp-post\" data-elementor-id=\"21409\" class=\"elementor elementor-21409\">\n\t\t\t\t\t\t\t\t\t<section class=\"elementor-section elementor-top-section elementor-element elementor-element-7c7f122 elementor-section-boxed elementor-section-height-default elementor-section-height-default qodef-elementor-content-no\" data-id=\"7c7f122\" data-element_type=\"section\">\n\t\t\t\t\t\t<div class=\"elementor-container elementor-column-gap-default\">\n\t\t\t\t\t<div class=\"elementor-column elementor-col-100 elementor-top-column elementor-element elementor-element-aa8a5ae\" data-id=\"aa8a5ae\" data-element_type=\"column\">\n\t\t\t<div class=\"elementor-widget-wrap elementor-element-populated\">\n\t\t\t\t\t\t\t\t<div class=\"elementor-element elementor-element-d3cf318 elementor-widget elementor-widget-text-editor\" data-id=\"d3cf318\" data-element_type=\"widget\" data-widget_type=\"text-editor.default\">\n\t\t\t\t<div class=\"elementor-widget-container\">\n\t\t\t<style>\/*! elementor - v3.6.7 - 03-07-2022 *\/\n.elementor-widget-text-editor.elementor-drop-cap-view-stacked .elementor-drop-cap{background-color:#818a91;color:#fff}.elementor-widget-text-editor.elementor-drop-cap-view-framed .elementor-drop-cap{color:#818a91;border:3px solid;background-color:transparent}.elementor-widget-text-editor:not(.elementor-drop-cap-view-default) .elementor-drop-cap{margin-top:8px}.elementor-widget-text-editor:not(.elementor-drop-cap-view-default) .elementor-drop-cap-letter{width:1em;height:1em}.elementor-widget-text-editor .elementor-drop-cap{float:left;text-align:center;line-height:1;font-size:50px}.elementor-widget-text-editor .elementor-drop-cap-letter{display:inline-block}<\/style>\t\t\t\t<p>23 de julio 2025<\/p><p>\u00a0<\/p><p><span style=\"font-weight: 400;\">\u00bfPuede haber vida en las lunas de Saturno? La misi\u00f3n Cassini nos acerc\u00f3 a esa posibilidad con descubrimientos que parec\u00edan sacados de la ciencia ficci\u00f3n. Este lunes 4 de agosto, a las 17:30 horas, la charla p\u00fablica <\/span><i><span style=\"font-weight: 400;\">\u201cMundos extra\u00f1os (pero no tanto): Tit\u00e1n, Enc\u00e9lado y el legado de Cassini\u201d<\/span><\/i><span style=\"font-weight: 400;\"> nos llevar\u00e1 a explorar los secretos de estos mundos helados. La cita es en la Sala Rub\u00e9n Dar\u00edo del Centro de Extensi\u00f3n UV (Err\u00e1zuriz 1108, Valpara\u00edso) y la entrada es completamente gratuita.<\/span><\/p><p><span style=\"font-weight: 400;\">Durante 13 a\u00f1os, la nave Cassini orbit\u00f3 Saturno y nos mostr\u00f3 un sistema planetario tan fascinante como inesperado. Uno de los mayores hallazgos fue <\/span><b>Enc\u00e9lado<\/b><span style=\"font-weight: 400;\">, un peque\u00f1o sat\u00e9lite cubierto de hielo que sorprendentemente lanza gigantescos chorros de agua desde su polo sur. Este fen\u00f3meno revel\u00f3 la existencia de un oc\u00e9ano subterr\u00e1neo que podr\u00eda albergar condiciones favorables para la vida.<\/span><\/p><p><span style=\"font-weight: 400;\">El segundo gran descubrimiento fue <\/span><b>Tit\u00e1n<\/b><span style=\"font-weight: 400;\">, la luna m\u00e1s grande de Saturno y casi tan grande como Mercurio. Cassini y su sonda Huygens revelaron que Tit\u00e1n tiene una atm\u00f3sfera densa, r\u00edos y lagos de metano l\u00edquido, e incluso un ciclo clim\u00e1tico propio con estaciones y lluvias. Un mundo tan alien\u00edgena como intrigante.<\/span><\/p><p><span style=\"font-weight: 400;\">\u201cEstos descubrimientos transformaron nuestra forma de ver las lunas de Saturno. Ahora sabemos que son lugares donde podr\u00eda existir vida, o al menos, donde se dan condiciones extraordinarias para estudiarla\u201d, explica <\/span><b>Luis Ossa<\/b><span style=\"font-weight: 400;\">, estudiante de Doctorado en Astrof\u00edsica (IFA UV) y expositor de la charla.<\/span><\/p><div id=\"attachment_21416\" style=\"width: 289px\" class=\"wp-caption alignleft\"><img loading=\"lazy\" decoding=\"async\" aria-describedby=\"caption-attachment-21416\" class=\"wp-image-21416 size-medium\" src=\"https:\/\/ifa.uv.cl\/wp-content\/uploads\/2025\/07\/Photo_LOF-1-279x300.jpg\" alt=\"\" width=\"279\" height=\"300\" srcset=\"https:\/\/ifa.uv.cl\/wp-content\/uploads\/2025\/07\/Photo_LOF-1-279x300.jpg 279w, https:\/\/ifa.uv.cl\/wp-content\/uploads\/2025\/07\/Photo_LOF-1.jpg 418w\" sizes=\"auto, (max-width: 279px) 100vw, 279px\" \/><p id=\"caption-attachment-21416\" class=\"wp-caption-text\">Luis Ossa, estudiante de Doctorado en Astrof\u00edsica IFA UV<\/p><\/div><p>\u00a0<\/p><p><span style=\"font-weight: 400;\">La actividad es parte del ciclo <\/span><b>Charlas P\u00fablicas de Astronom\u00eda UV 2025<\/b><span style=\"font-weight: 400;\">, organizado por el Instituto de F\u00edsica y Astronom\u00eda de la Universidad de Valpara\u00edso. Est\u00e1 abierta a toda la comunidad, sin inscripci\u00f3n previa.<\/span><\/p><p>\u00a0<\/p><p><strong>ENTREVISTA EN RADIO VALENT\u00cdN LETELIER<\/strong><\/p><p>Y para quienes no puedan asistir presencialmente a las actividades podr\u00e1n escuchar una entrevista en profundidad sobre esta charla ese mismo 4 de agosto a las 12 horas (mediod\u00eda) en el programa Caf\u00e9 Negro que conduce Ren\u00e9 Cevasco en <a href=\"https:\/\/uv.cl\/radio\/\"><strong>Radio Valent\u00edn Letelier 97.3 FM.<\/strong><\/a><\/p>\t\t\t\t\t\t<\/div>\n\t\t\t\t<\/div>\n\t\t\t\t\t<\/div>\n\t\t<\/div>\n\t\t\t\t\t\t\t<\/div>\n\t\t<\/section>\n\t\t\t\t\t\t\t<\/div>\n\t\t","protected":false},"excerpt":{"rendered":"<p>\u00bfPuede haber vida en las lunas de Saturno? La misi\u00f3n Cassini nos acerc\u00f3 a esa posibilidad con descubrimientos que parec\u00edan sacados de la ciencia ficci\u00f3n. El lunes 4 de agosto, a las 17:30 horas, la charla p\u00fablica \u201cMundos extra\u00f1os (pero no tanto): Tit\u00e1n, Enc\u00e9lado y el legado de Cassini\u201d dictada por Luis Ossa, estudiante de Doctorado en Astrof\u00edsica del IFA UV, nos llevar\u00e1 a explorar los secretos de estos mundos helados. La cita es en la Sala Rub\u00e9n Dar\u00edo del Centro de Extensi\u00f3n UV (Err\u00e1zuriz 1108, Valpara\u00edso). La entrada es completamente gratuita.<\/p>\n","protected":false},"author":6,"featured_media":21407,"comment_status":"closed","ping_status":"open","sticky":false,"template":"","format":"standard","meta":{"footnotes":""},"categories":[163,107],"tags":[138,143],"class_list":["post-21409","post","type-post","status-publish","format-standard","has-post-thumbnail","hentry","category-noticias-en","category-uncategorized","tag-astronomia-en","tag-ifa-en"],"_links":{"self":[{"href":"https:\/\/ifa.uv.cl\/en\/wp-json\/wp\/v2\/posts\/21409","targetHints":{"allow":["GET"]}}],"collection":[{"href":"https:\/\/ifa.uv.cl\/en\/wp-json\/wp\/v2\/posts"}],"about":[{"href":"https:\/\/ifa.uv.cl\/en\/wp-json\/wp\/v2\/types\/post"}],"author":[{"embeddable":true,"href":"https:\/\/ifa.uv.cl\/en\/wp-json\/wp\/v2\/users\/6"}],"replies":[{"embeddable":true,"href":"https:\/\/ifa.uv.cl\/en\/wp-json\/wp\/v2\/comments?post=21409"}],"version-history":[{"count":9,"href":"https:\/\/ifa.uv.cl\/en\/wp-json\/wp\/v2\/posts\/21409\/revisions"}],"predecessor-version":[{"id":21429,"href":"https:\/\/ifa.uv.cl\/en\/wp-json\/wp\/v2\/posts\/21409\/revisions\/21429"}],"wp:featuredmedia":[{"embeddable":true,"href":"https:\/\/ifa.uv.cl\/en\/wp-json\/wp\/v2\/media\/21407"}],"wp:attachment":[{"href":"https:\/\/ifa.uv.cl\/en\/wp-json\/wp\/v2\/media?parent=21409"}],"wp:term":[{"taxonomy":"category","embeddable":true,"href":"https:\/\/ifa.uv.cl\/en\/wp-json\/wp\/v2\/categories?post=21409"},{"taxonomy":"post_tag","embeddable":true,"href":"https:\/\/ifa.uv.cl\/en\/wp-json\/wp\/v2\/tags?post=21409"}],"curies":[{"name":"wp","href":"https:\/\/api.w.org\/{rel}","templated":true}]}}