{"id":21370,"date":"2025-07-17T14:02:12","date_gmt":"2025-07-17T18:02:12","guid":{"rendered":"https:\/\/ifa.uv.cl\/?p=21370"},"modified":"2025-07-17T14:08:34","modified_gmt":"2025-07-17T18:08:34","slug":"estudiante-de-doctorado-en-astrofisica-del-ifa-uv-presenta-avances-de-su-investigacion-en-congreso-internacional-en-la-eso-en-alemania","status":"publish","type":"post","link":"https:\/\/ifa.uv.cl\/en\/estudiante-de-doctorado-en-astrofisica-del-ifa-uv-presenta-avances-de-su-investigacion-en-congreso-internacional-en-la-eso-en-alemania\/","title":{"rendered":"Estudiante de doctorado en Astrof\u00edsica del IFA UV presenta avances de su investigaci\u00f3n en congreso internacional en la ESO en Alemania"},"content":{"rendered":"\t\t<div data-elementor-type=\"wp-post\" data-elementor-id=\"21370\" class=\"elementor elementor-21370\">\n\t\t\t\t\t\t\t\t\t<section class=\"elementor-section elementor-top-section elementor-element elementor-element-7c7f122 elementor-section-boxed elementor-section-height-default elementor-section-height-default qodef-elementor-content-no\" data-id=\"7c7f122\" data-element_type=\"section\">\n\t\t\t\t\t\t<div class=\"elementor-container elementor-column-gap-default\">\n\t\t\t\t\t<div class=\"elementor-column elementor-col-100 elementor-top-column elementor-element elementor-element-aa8a5ae\" data-id=\"aa8a5ae\" data-element_type=\"column\">\n\t\t\t<div class=\"elementor-widget-wrap elementor-element-populated\">\n\t\t\t\t\t\t\t\t<div class=\"elementor-element elementor-element-d3cf318 elementor-widget elementor-widget-text-editor\" data-id=\"d3cf318\" data-element_type=\"widget\" data-widget_type=\"text-editor.default\">\n\t\t\t\t<div class=\"elementor-widget-container\">\n\t\t\t<style>\/*! elementor - v3.6.7 - 03-07-2022 *\/\n.elementor-widget-text-editor.elementor-drop-cap-view-stacked .elementor-drop-cap{background-color:#818a91;color:#fff}.elementor-widget-text-editor.elementor-drop-cap-view-framed .elementor-drop-cap{color:#818a91;border:3px solid;background-color:transparent}.elementor-widget-text-editor:not(.elementor-drop-cap-view-default) .elementor-drop-cap{margin-top:8px}.elementor-widget-text-editor:not(.elementor-drop-cap-view-default) .elementor-drop-cap-letter{width:1em;height:1em}.elementor-widget-text-editor .elementor-drop-cap{float:left;text-align:center;line-height:1;font-size:50px}.elementor-widget-text-editor .elementor-drop-cap-letter{display:inline-block}<\/style>\t\t\t\t<p>17 de julio 2025<\/p>\n<p>La semana pasada, Diego G\u00f3mez-Espinoza, estudiante de doctorado en Astrof\u00edsica del Instituto de F\u00edsica y Astronom\u00eda de la Universidad de Valpara\u00edso (IFA UV) e integrante del N\u00facleo de Galaxias (MINGAL), particip\u00f3 en el congreso GALRES25: Galactic ecosystems under the microscope, realizado en las oficinas del Observatorio Europeo Austral (ESO) en Garching, Alemania.<\/p>\n<p>Durante el encuentro, que reuni\u00f3 a expertos internacionales para discutir los \u00faltimos avances en estudios espacialmente resueltos de galaxias, G\u00f3mez-Espinoza present\u00f3 un p\u00f3ster con los primeros resultados de su proyecto de doctorado. Su investigaci\u00f3n se centra en la cinem\u00e1tica de galaxias a alto redshift, un \u00e1rea que estudia la rotaci\u00f3n y los movimientos de algunas de las primeras galaxias formadas en el universo, observadas con el telescopio espacial James Webb (JWST). Este trabajo es dirigido por los acad\u00e9micos del IFA, Dr. Eduardo Ibar y Dr. Juan Molina, y se enmarca en la colaboraci\u00f3n internacional ALPINE-CRISTAL-JWST, de la cual forman parte los investigadores de MINGAL.<\/p>\n<p>Adem\u00e1s, el viernes 11 de julio, Diego G\u00f3mez-Espinoza, junto al director de MINGAL, Dr. Rodrigo Herrera-Camus, y el investigador Ra\u00fal Baier (USM), visitaron el Max Planck Institute for Extraterrestrial Physics (MPE). En la ocasi\u00f3n fueron recibidos por el destacado astrof\u00edsico y Premio Nobel Dr. Reinhard Genzel, a quien presentaron sus investigaciones.<\/p>\n<p>\u201cLas charlas, la ciencia, las personas y la ciudad hicieron de esta una experiencia inolvidable. Este congreso me permiti\u00f3 conocer a los principales expertos del \u00e1rea y mostrar mi trabajo a nivel internacional. Aprend\u00ed much\u00edsimo y sin duda ser\u00e1 clave para mi investigaci\u00f3n. La visita al MPE y la oportunidad de conversar con Reinhard Genzel fue un verdadero honor\u201d, se\u00f1al\u00f3 G\u00f3mez-Espinoza.<\/p>\n<p>\n\t\t<style type=\"text\/css\">\n\t\t\t#gallery-1 {\n\t\t\t\tmargin: auto;\n\t\t\t}\n\t\t\t#gallery-1 .gallery-item {\n\t\t\t\tfloat: left;\n\t\t\t\tmargin-top: 10px;\n\t\t\t\ttext-align: center;\n\t\t\t\twidth: 33%;\n\t\t\t}\n\t\t\t#gallery-1 img {\n\t\t\t\tborder: 2px solid #cfcfcf;\n\t\t\t}\n\t\t\t#gallery-1 .gallery-caption {\n\t\t\t\tmargin-left: 0;\n\t\t\t}\n\t\t\t\/* see gallery_shortcode() in wp-includes\/media.php *\/\n\t\t<\/style>\n\t\t<div id='gallery-1' class='gallery galleryid-21370 gallery-columns-3 gallery-size-large'><dl class='gallery-item'>\n\t\t\t<dt class='gallery-icon landscape'>\n\t\t\t\t<a href='https:\/\/ifa.uv.cl\/en\/d1ff6322-60bb-40ca-b59b-f7a7eab68f40-3-2\/'><img loading=\"lazy\" decoding=\"async\" width=\"1024\" height=\"768\" src=\"https:\/\/ifa.uv.cl\/wp-content\/uploads\/2025\/07\/d1ff6322-60bb-40ca-b59b-f7a7eab68f40-2-1024x768.jpg\" class=\"attachment-large size-large\" alt=\"\" aria-describedby=\"gallery-1-21397\" srcset=\"https:\/\/ifa.uv.cl\/wp-content\/uploads\/2025\/07\/d1ff6322-60bb-40ca-b59b-f7a7eab68f40-2-1024x768.jpg 1024w, https:\/\/ifa.uv.cl\/wp-content\/uploads\/2025\/07\/d1ff6322-60bb-40ca-b59b-f7a7eab68f40-2-300x225.jpg 300w, https:\/\/ifa.uv.cl\/wp-content\/uploads\/2025\/07\/d1ff6322-60bb-40ca-b59b-f7a7eab68f40-2-768x576.jpg 768w, https:\/\/ifa.uv.cl\/wp-content\/uploads\/2025\/07\/d1ff6322-60bb-40ca-b59b-f7a7eab68f40-2-1536x1152.jpg 1536w, https:\/\/ifa.uv.cl\/wp-content\/uploads\/2025\/07\/d1ff6322-60bb-40ca-b59b-f7a7eab68f40-2.jpg 1600w\" sizes=\"auto, (max-width: 1024px) 100vw, 1024px\" \/><\/a>\n\t\t\t<\/dt>\n\t\t\t\t<dd class='wp-caption-text gallery-caption' id='gallery-1-21397'>\n\t\t\t\tDe izq. a der.: Dr- Rodrigo Herrera-Camus, Diego G\u00f3mez-Espinoza (IFA UV), Ra\u00fal Baier (USM) y abajo Dr. Reinhard Genzel\n\t\t\t\t<\/dd><\/dl><dl class='gallery-item'>\n\t\t\t<dt class='gallery-icon portrait'>\n\t\t\t\t<a href='https:\/\/ifa.uv.cl\/en\/5c83e27e-e3c5-41b8-8064-30a8fef201df-2-2\/'><img loading=\"lazy\" decoding=\"async\" width=\"768\" height=\"1024\" src=\"https:\/\/ifa.uv.cl\/wp-content\/uploads\/2025\/07\/5c83e27e-e3c5-41b8-8064-30a8fef201df-1-768x1024.jpg\" class=\"attachment-large size-large\" alt=\"\" aria-describedby=\"gallery-1-21393\" srcset=\"https:\/\/ifa.uv.cl\/wp-content\/uploads\/2025\/07\/5c83e27e-e3c5-41b8-8064-30a8fef201df-1-768x1024.jpg 768w, https:\/\/ifa.uv.cl\/wp-content\/uploads\/2025\/07\/5c83e27e-e3c5-41b8-8064-30a8fef201df-1-225x300.jpg 225w, https:\/\/ifa.uv.cl\/wp-content\/uploads\/2025\/07\/5c83e27e-e3c5-41b8-8064-30a8fef201df-1.jpg 960w\" sizes=\"auto, (max-width: 768px) 100vw, 768px\" \/><\/a>\n\t\t\t<\/dt>\n\t\t\t\t<dd class='wp-caption-text gallery-caption' id='gallery-1-21393'>\n\t\t\t\tDiego G\u00f3mez-Espinoza exponiendo avances de su proyecto de tesis de investiagaci\u00f3n.\n\t\t\t\t<\/dd><\/dl><dl class='gallery-item'>\n\t\t\t<dt class='gallery-icon landscape'>\n\t\t\t\t<a href='https:\/\/ifa.uv.cl\/en\/98055cea-1e04-49e7-95c7-d87a5b5e1da1-3-2\/'><img loading=\"lazy\" decoding=\"async\" width=\"1024\" height=\"678\" src=\"https:\/\/ifa.uv.cl\/wp-content\/uploads\/2025\/07\/98055cea-1e04-49e7-95c7-d87a5b5e1da1-2-1024x678.jpg\" class=\"attachment-large size-large\" alt=\"\" aria-describedby=\"gallery-1-21395\" srcset=\"https:\/\/ifa.uv.cl\/wp-content\/uploads\/2025\/07\/98055cea-1e04-49e7-95c7-d87a5b5e1da1-2-1024x678.jpg 1024w, https:\/\/ifa.uv.cl\/wp-content\/uploads\/2025\/07\/98055cea-1e04-49e7-95c7-d87a5b5e1da1-2-300x199.jpg 300w, https:\/\/ifa.uv.cl\/wp-content\/uploads\/2025\/07\/98055cea-1e04-49e7-95c7-d87a5b5e1da1-2-768x509.jpg 768w, https:\/\/ifa.uv.cl\/wp-content\/uploads\/2025\/07\/98055cea-1e04-49e7-95c7-d87a5b5e1da1-2-1536x1018.jpg 1536w, https:\/\/ifa.uv.cl\/wp-content\/uploads\/2025\/07\/98055cea-1e04-49e7-95c7-d87a5b5e1da1-2.jpg 1600w\" sizes=\"auto, (max-width: 1024px) 100vw, 1024px\" \/><\/a>\n\t\t\t<\/dt>\n\t\t\t\t<dd class='wp-caption-text gallery-caption' id='gallery-1-21395'>\n\t\t\t\tGrupo completo \n\t\t\t\t<\/dd><\/dl><br style=\"clear: both\" \/>\n\t\t<\/div>\n<\/p>\t\t\t\t\t\t<\/div>\n\t\t\t\t<\/div>\n\t\t\t\t\t<\/div>\n\t\t<\/div>\n\t\t\t\t\t\t\t<\/div>\n\t\t<\/section>\n\t\t\t\t\t\t\t<\/div>\n\t\t","protected":false},"excerpt":{"rendered":"<p>Diego G\u00f3mez-Espinoza, estudiante de doctorado en Astrof\u00edsica del Instituto de F\u00edsica y Astronom\u00eda de la Universidad de Valpara\u00edso (IFA UV) e integrante del N\u00facleo de Galaxias MINGAL, particip\u00f3 en el congreso GALRES25: Galactic ecosystems under the microscope, realizado en las oficinas del Observatorio Europeo Austral (ESO) en Garching, Alemania.<\/p>\n","protected":false},"author":6,"featured_media":21369,"comment_status":"closed","ping_status":"open","sticky":false,"template":"","format":"standard","meta":{"footnotes":""},"categories":[163,107],"tags":[138,138,143,143],"class_list":{"0":"post-21370","1":"post","2":"type-post","3":"status-publish","4":"format-standard","5":"has-post-thumbnail","6":"hentry","7":"category-noticias-en","8":"category-uncategorized","9":"tag-astronomia-en","11":"tag-ifa-en"},"_links":{"self":[{"href":"https:\/\/ifa.uv.cl\/en\/wp-json\/wp\/v2\/posts\/21370","targetHints":{"allow":["GET"]}}],"collection":[{"href":"https:\/\/ifa.uv.cl\/en\/wp-json\/wp\/v2\/posts"}],"about":[{"href":"https:\/\/ifa.uv.cl\/en\/wp-json\/wp\/v2\/types\/post"}],"author":[{"embeddable":true,"href":"https:\/\/ifa.uv.cl\/en\/wp-json\/wp\/v2\/users\/6"}],"replies":[{"embeddable":true,"href":"https:\/\/ifa.uv.cl\/en\/wp-json\/wp\/v2\/comments?post=21370"}],"version-history":[{"count":9,"href":"https:\/\/ifa.uv.cl\/en\/wp-json\/wp\/v2\/posts\/21370\/revisions"}],"predecessor-version":[{"id":21403,"href":"https:\/\/ifa.uv.cl\/en\/wp-json\/wp\/v2\/posts\/21370\/revisions\/21403"}],"wp:featuredmedia":[{"embeddable":true,"href":"https:\/\/ifa.uv.cl\/en\/wp-json\/wp\/v2\/media\/21369"}],"wp:attachment":[{"href":"https:\/\/ifa.uv.cl\/en\/wp-json\/wp\/v2\/media?parent=21370"}],"wp:term":[{"taxonomy":"category","embeddable":true,"href":"https:\/\/ifa.uv.cl\/en\/wp-json\/wp\/v2\/categories?post=21370"},{"taxonomy":"post_tag","embeddable":true,"href":"https:\/\/ifa.uv.cl\/en\/wp-json\/wp\/v2\/tags?post=21370"}],"curies":[{"name":"wp","href":"https:\/\/api.w.org\/{rel}","templated":true}]}}