{"id":21366,"date":"2025-07-17T10:19:03","date_gmt":"2025-07-17T14:19:03","guid":{"rendered":"https:\/\/ifa.uv.cl\/abren-llamado-al-xiii-congreso-astronomico-escolar\/"},"modified":"2025-07-17T10:19:03","modified_gmt":"2025-07-17T14:19:03","slug":"abren-llamado-al-xiii-congreso-astronomico-escolar","status":"publish","type":"post","link":"https:\/\/ifa.uv.cl\/en\/abren-llamado-al-xiii-congreso-astronomico-escolar\/","title":{"rendered":"Abren llamado al XIII Congreso astron\u00f3mico escolar"},"content":{"rendered":"<p>17 de julio 2025<\/p>\n<p>El <strong data-start=\"256\" data-end=\"288\">Congreso Astron\u00f3mico Escolar<\/strong>, una de las principales iniciativas de divulgaci\u00f3n cient\u00edfica para j\u00f3venes en Chile, abre las postulaciones para su XIII edici\u00f3n dirigida exclusivamente a estudiantes de <strong data-start=\"459\" data-end=\"494\">Educaci\u00f3n Media (1\u00b0 a 3\u00b0 medio)<\/strong>.<br \/>Este programa invita a los estudiantes a desarrollar un proyecto de investigaci\u00f3n astron\u00f3mica en equipos de dos integrantes, acompa\u00f1ados por un profesor gu\u00eda de su establecimiento escolar. El plazo para postular las propuestas se extiende hasta el <strong data-start=\"747\" data-end=\"770\">31 de julio de 2025<\/strong>.<\/p>\n<p><strong>Una experiencia cient\u00edfica \u00fanica<\/strong><\/p>\n<p>Los equipos seleccionados contar\u00e1n durante todo el proceso con la asesor\u00eda de j\u00f3venes investigadores pertenecientes a las universidades asociadas al <strong data-start=\"969\" data-end=\"994\">N\u00facleo Milenio TITANS<\/strong>: el <strong data-start=\"999\" data-end=\"1068\">Departamento de Astronom\u00eda de la Universidad de Concepci\u00f3n (UdeC)<\/strong>, el <strong data-start=\"1073\" data-end=\"1146\">Instituto de F\u00edsica y Astronom\u00eda de la Universidad de Valpara\u00edso (UV)<\/strong>, el <strong data-start=\"1151\" data-end=\"1208\">Departamento de Astronom\u00eda de la Universidad de Chile<\/strong> y la <strong data-start=\"1214\" data-end=\"1277\">Facultad de Artes Liberales de la Universidad Adolfo Ib\u00e1\u00f1ez<\/strong>.<br \/>\u201cLa experiencia de este Congreso transforma la forma en que los estudiantes se acercan a la ciencia. Durante algunos meses, viven el proceso real de una investigaci\u00f3n, desde la formulaci\u00f3n de preguntas hasta la presentaci\u00f3n de resultados ante un jurado cient\u00edfico. Es una oportunidad \u00fanica para que descubran sus propias capacidades y se conecten con la astronom\u00eda de manera profunda y significativa\u201d, destac\u00f3 la Dra. Patricia Ar\u00e9valo, astr\u00f3noma de la Universidad de Valpara\u00edso y codirectora del N\u00facleo Milenio TITANS.<br \/>En noviembre de 2025, los equipos finalistas expondr\u00e1n presencialmente sus trabajos en la Universidad de Concepci\u00f3n ante un jurado compuesto por destacados astr\u00f3nomos, quienes evaluar\u00e1n la calidad cient\u00edfica, el rigor metodol\u00f3gico y la creatividad de cada proyecto.<\/p>\n<p><strong>Un premio que acerca al universo<\/strong><br \/>El equipo ganador ser\u00e1 premiado con un viaje al <strong data-start=\"2146\" data-end=\"2175\">Observatorio Las Campanas<\/strong>, en la Regi\u00f3n de Atacama. All\u00ed vivir\u00e1n una experiencia inolvidable alojando y recorriendo las instalaciones, conociendo el trabajo de astr\u00f3nomos y operadores, y observando directamente el cielo nocturno a trav\u00e9s de telescopios profesionales.<\/p>\n<p><strong>C\u00f3mo participar<\/strong><br \/>Las bases y el formulario de postulaci\u00f3n est\u00e1n disponibles en <a href=\"https:\/\/congresoastronomico.cl\/\">https:\/\/congresoastronomico.cl\/<\/a> . Para m\u00e1s informaci\u00f3n, los interesados pueden escribir a <strong data-start=\"2615\" data-end=\"2648\"><a rel=\"noopener\" data-start=\"2617\" data-end=\"2646\">congresoastronomico@gmail.com<\/a><\/strong> o visitar las redes sociales del N\u00facleo Milenio TITANS en Facebook e Instagram.<\/p>\n","protected":false},"excerpt":{"rendered":"<p>El Congreso Astron\u00f3mico Escolar, una de las principales iniciativas de divulgaci\u00f3n cient\u00edfica para j\u00f3venes en Chile, abre las postulaciones para su XIII edici\u00f3n dirigida exclusivamente a estudiantes de Educaci\u00f3n Media (1\u00b0 a 3\u00b0 medio).<br \/>\nEste programa invita a los estudiantes a desarrollar un proyecto de investigaci\u00f3n astron\u00f3mica en equipos de dos integrantes, acompa\u00f1ados por un profesor gu\u00eda de su establecimiento escolar. El plazo para postular las propuestas se extiende hasta el 31 de julio de 2025.<\/p>\n","protected":false},"author":6,"featured_media":21356,"comment_status":"closed","ping_status":"open","sticky":false,"template":"","format":"standard","meta":{"footnotes":""},"categories":[163,107],"tags":[138,143],"class_list":["post-21366","post","type-post","status-publish","format-standard","has-post-thumbnail","hentry","category-noticias-en","category-uncategorized","tag-astronomia-en","tag-ifa-en"],"_links":{"self":[{"href":"https:\/\/ifa.uv.cl\/en\/wp-json\/wp\/v2\/posts\/21366","targetHints":{"allow":["GET"]}}],"collection":[{"href":"https:\/\/ifa.uv.cl\/en\/wp-json\/wp\/v2\/posts"}],"about":[{"href":"https:\/\/ifa.uv.cl\/en\/wp-json\/wp\/v2\/types\/post"}],"author":[{"embeddable":true,"href":"https:\/\/ifa.uv.cl\/en\/wp-json\/wp\/v2\/users\/6"}],"replies":[{"embeddable":true,"href":"https:\/\/ifa.uv.cl\/en\/wp-json\/wp\/v2\/comments?post=21366"}],"version-history":[{"count":0,"href":"https:\/\/ifa.uv.cl\/en\/wp-json\/wp\/v2\/posts\/21366\/revisions"}],"wp:featuredmedia":[{"embeddable":true,"href":"https:\/\/ifa.uv.cl\/en\/wp-json\/wp\/v2\/media\/21356"}],"wp:attachment":[{"href":"https:\/\/ifa.uv.cl\/en\/wp-json\/wp\/v2\/media?parent=21366"}],"wp:term":[{"taxonomy":"category","embeddable":true,"href":"https:\/\/ifa.uv.cl\/en\/wp-json\/wp\/v2\/categories?post=21366"},{"taxonomy":"post_tag","embeddable":true,"href":"https:\/\/ifa.uv.cl\/en\/wp-json\/wp\/v2\/tags?post=21366"}],"curies":[{"name":"wp","href":"https:\/\/api.w.org\/{rel}","templated":true}]}}