{"id":21297,"date":"2025-06-27T11:58:32","date_gmt":"2025-06-27T15:58:32","guid":{"rendered":"https:\/\/ifa.uv.cl\/?p=21297"},"modified":"2025-06-27T12:00:02","modified_gmt":"2025-06-27T16:00:02","slug":"charla-publica-abordara-las-primeras-galaxias-que-iluminaron-el-universo","status":"publish","type":"post","link":"https:\/\/ifa.uv.cl\/en\/charla-publica-abordara-las-primeras-galaxias-que-iluminaron-el-universo\/","title":{"rendered":"Charla P\u00fablica abordar\u00e1 las primeras galaxias que iluminaron el Universo"},"content":{"rendered":"\t\t<div data-elementor-type=\"wp-post\" data-elementor-id=\"21297\" class=\"elementor elementor-21297\">\n\t\t\t\t\t\t\t\t\t<section class=\"elementor-section elementor-top-section elementor-element elementor-element-7c7f122 elementor-section-boxed elementor-section-height-default elementor-section-height-default qodef-elementor-content-no\" data-id=\"7c7f122\" data-element_type=\"section\">\n\t\t\t\t\t\t<div class=\"elementor-container elementor-column-gap-default\">\n\t\t\t\t\t<div class=\"elementor-column elementor-col-100 elementor-top-column elementor-element elementor-element-aa8a5ae\" data-id=\"aa8a5ae\" data-element_type=\"column\">\n\t\t\t<div class=\"elementor-widget-wrap elementor-element-populated\">\n\t\t\t\t\t\t\t\t<div class=\"elementor-element elementor-element-d3cf318 elementor-widget elementor-widget-text-editor\" data-id=\"d3cf318\" data-element_type=\"widget\" data-widget_type=\"text-editor.default\">\n\t\t\t\t<div class=\"elementor-widget-container\">\n\t\t\t<style>\/*! elementor - v3.6.7 - 03-07-2022 *\/\n.elementor-widget-text-editor.elementor-drop-cap-view-stacked .elementor-drop-cap{background-color:#818a91;color:#fff}.elementor-widget-text-editor.elementor-drop-cap-view-framed .elementor-drop-cap{color:#818a91;border:3px solid;background-color:transparent}.elementor-widget-text-editor:not(.elementor-drop-cap-view-default) .elementor-drop-cap{margin-top:8px}.elementor-widget-text-editor:not(.elementor-drop-cap-view-default) .elementor-drop-cap-letter{width:1em;height:1em}.elementor-widget-text-editor .elementor-drop-cap{float:left;text-align:center;line-height:1;font-size:50px}.elementor-widget-text-editor .elementor-drop-cap-letter{display:inline-block}<\/style>\t\t\t\t<p>27 de junio 2025<\/p><p><span style=\"font-weight: 400;\">\u201cLos primeros faros c\u00f3smicos: Galaxias del Universo Primitivo\u201d es el t\u00edtulo de la charla que dictar\u00e1 el Dr. Juan Molina, acad\u00e9mico del Instituto de F\u00edsica y Astronom\u00eda de la Universidad de Valpara\u00edso e investigador del N\u00facleo Milenio de Galaxias (MINGAL), el pr\u00f3ximo lunes 7 de julio a las 17:30 horas en la Sala Rub\u00e9n Dar\u00edo del Centro de Extensi\u00f3n UV (Err\u00e1zuriz 1108, Valpara\u00edso). La actividad es gratuita y abierta a todo p\u00fablico, en el marco del ciclo Charlas P\u00fablicas de Astronom\u00eda UV 2025.<\/span><\/p><div id=\"attachment_16783\" style=\"width: 310px\" class=\"wp-caption alignleft\"><img loading=\"lazy\" decoding=\"async\" aria-describedby=\"caption-attachment-16783\" class=\"wp-image-16783 size-medium\" src=\"https:\/\/ifa.uv.cl\/wp-content\/uploads\/2023\/12\/Juan-Molina-300x225.jpg\" alt=\"\" width=\"300\" height=\"225\" srcset=\"https:\/\/ifa.uv.cl\/wp-content\/uploads\/2023\/12\/Juan-Molina-300x225.jpg 300w, https:\/\/ifa.uv.cl\/wp-content\/uploads\/2023\/12\/Juan-Molina-1024x769.jpg 1024w, https:\/\/ifa.uv.cl\/wp-content\/uploads\/2023\/12\/Juan-Molina-768x577.jpg 768w, https:\/\/ifa.uv.cl\/wp-content\/uploads\/2023\/12\/Juan-Molina-1536x1153.jpg 1536w, https:\/\/ifa.uv.cl\/wp-content\/uploads\/2023\/12\/Juan-Molina-2048x1538.jpg 2048w\" sizes=\"auto, (max-width: 300px) 100vw, 300px\" \/><p id=\"caption-attachment-16783\" class=\"wp-caption-text\">Juan Molina, acad\u00e9mico IFA-UV e investigador N\u00facleo Milenio de Galaxias MINGAL<\/p><\/div><p><span style=\"font-weight: 400;\">Las galaxias son los ladrillos fundamentales que construyen nuestro Universo. Su luz revela la vasta arquitectura c\u00f3smica: una red gigantesca de superc\u00famulos interconectados por filamentos colosales y rodeados por extensas regiones de espacio vac\u00edo. Cada galaxia puede considerarse una verdadera \u201cciudad estelar\u201d, compuesta por miles de millones de estrellas que se desplazan bajo la influencia de la gravedad.<\/span><\/p><p>\u00a0<\/p><p><span style=\"font-weight: 400;\">En el universo cercano, las galaxias se clasifican principalmente en dos tipos: el\u00edpticas y espirales. No obstante, esta clasificaci\u00f3n no se sostiene al observar el Universo en sus primeras etapas. A lo largo del tiempo c\u00f3smico, las galaxias han evolucionado y cambiado dr\u00e1sticamente.<\/span><\/p><p>\u00a0<\/p><p><span style=\"font-weight: 400;\">Durante la charla, el Dr. Molina presentar\u00e1 los hallazgos m\u00e1s recientes sobre galaxias formadas cuando el Universo ten\u00eda apenas unos cientos de millones de a\u00f1os, en una \u00e9poca en la que la luz comenzaba a emerger tras la \u201cedad oscura\u201d del cosmos. Estas observaciones permiten reconstruir las condiciones iniciales del Universo y comprender c\u00f3mo se formaron las primeras estructuras astron\u00f3micas, incluyendo las semillas de lo que m\u00e1s tarde ser\u00edan galaxias como la V\u00eda L\u00e1ctea.<\/span><\/p><p>\u00a0<\/p><p><span style=\"font-weight: 400;\">El ciclo de charlas est\u00e1 organizado por el Instituto de F\u00edsica y Astronom\u00eda de la Universidad de Valpara\u00edso, en conjunto con la Facultad de Ciencias UV.\u00a0<\/span><\/p><p>\u00a0<\/p>\t\t\t\t\t\t<\/div>\n\t\t\t\t<\/div>\n\t\t\t\t\t<\/div>\n\t\t<\/div>\n\t\t\t\t\t\t\t<\/div>\n\t\t<\/section>\n\t\t\t\t\t\t\t<\/div>\n\t\t","protected":false},"excerpt":{"rendered":"<p>\u201cLos primeros faros c\u00f3smicos: Galaxias del Universo Primitivo\u201d es el t\u00edtulo de la charla que dictar\u00e1 el Dr. Juan Molina, acad\u00e9mico del Instituto de F\u00edsica y Astronom\u00eda de la Universidad de Valpara\u00edso e investigador del N\u00facleo Milenio de Galaxias (MINGAL), el pr\u00f3ximo lunes 7 de julio a las 17:30 horas en la Sala Rub\u00e9n Dar\u00edo del Centro de Extensi\u00f3n UV (Err\u00e1zuriz 1108, Valpara\u00edso). La actividad es gratuita y abierta a todo p\u00fablico, en el marco del ciclo Charlas P\u00fablicas de Astronom\u00eda IFA UV 2025.<\/p>\n","protected":false},"author":6,"featured_media":21295,"comment_status":"closed","ping_status":"open","sticky":false,"template":"","format":"standard","meta":{"footnotes":""},"categories":[163,107],"tags":[138,143],"class_list":["post-21297","post","type-post","status-publish","format-standard","has-post-thumbnail","hentry","category-noticias-en","category-uncategorized","tag-astronomia-en","tag-ifa-en"],"_links":{"self":[{"href":"https:\/\/ifa.uv.cl\/en\/wp-json\/wp\/v2\/posts\/21297","targetHints":{"allow":["GET"]}}],"collection":[{"href":"https:\/\/ifa.uv.cl\/en\/wp-json\/wp\/v2\/posts"}],"about":[{"href":"https:\/\/ifa.uv.cl\/en\/wp-json\/wp\/v2\/types\/post"}],"author":[{"embeddable":true,"href":"https:\/\/ifa.uv.cl\/en\/wp-json\/wp\/v2\/users\/6"}],"replies":[{"embeddable":true,"href":"https:\/\/ifa.uv.cl\/en\/wp-json\/wp\/v2\/comments?post=21297"}],"version-history":[{"count":7,"href":"https:\/\/ifa.uv.cl\/en\/wp-json\/wp\/v2\/posts\/21297\/revisions"}],"predecessor-version":[{"id":21309,"href":"https:\/\/ifa.uv.cl\/en\/wp-json\/wp\/v2\/posts\/21297\/revisions\/21309"}],"wp:featuredmedia":[{"embeddable":true,"href":"https:\/\/ifa.uv.cl\/en\/wp-json\/wp\/v2\/media\/21295"}],"wp:attachment":[{"href":"https:\/\/ifa.uv.cl\/en\/wp-json\/wp\/v2\/media?parent=21297"}],"wp:term":[{"taxonomy":"category","embeddable":true,"href":"https:\/\/ifa.uv.cl\/en\/wp-json\/wp\/v2\/categories?post=21297"},{"taxonomy":"post_tag","embeddable":true,"href":"https:\/\/ifa.uv.cl\/en\/wp-json\/wp\/v2\/tags?post=21297"}],"curies":[{"name":"wp","href":"https:\/\/api.w.org\/{rel}","templated":true}]}}