{"id":21238,"date":"2025-06-25T15:13:58","date_gmt":"2025-06-25T19:13:58","guid":{"rendered":"https:\/\/ifa.uv.cl\/?p=21238"},"modified":"2025-06-25T15:21:17","modified_gmt":"2025-06-25T19:21:17","slug":"academico-del-ifa-uv-aporta-mirada-tecnica-clave-en-comision-asesora-ministerial-para-la-proteccion-de-los-cielos-astronomicos-de-chile","status":"publish","type":"post","link":"https:\/\/ifa.uv.cl\/en\/academico-del-ifa-uv-aporta-mirada-tecnica-clave-en-comision-asesora-ministerial-para-la-proteccion-de-los-cielos-astronomicos-de-chile\/","title":{"rendered":"Acad\u00e9mico del IFA UV aporta mirada t\u00e9cnica clave en Comisi\u00f3n Asesora Ministerial para la protecci\u00f3n de los cielos astron\u00f3micos de Chile"},"content":{"rendered":"\t\t<div data-elementor-type=\"wp-post\" data-elementor-id=\"21238\" class=\"elementor elementor-21238\">\n\t\t\t\t\t\t\t\t\t<section class=\"elementor-section elementor-top-section elementor-element elementor-element-7c7f122 elementor-section-boxed elementor-section-height-default elementor-section-height-default qodef-elementor-content-no\" data-id=\"7c7f122\" data-element_type=\"section\">\n\t\t\t\t\t\t<div class=\"elementor-container elementor-column-gap-default\">\n\t\t\t\t\t<div class=\"elementor-column elementor-col-100 elementor-top-column elementor-element elementor-element-aa8a5ae\" data-id=\"aa8a5ae\" data-element_type=\"column\">\n\t\t\t<div class=\"elementor-widget-wrap elementor-element-populated\">\n\t\t\t\t\t\t\t\t<div class=\"elementor-element elementor-element-d3cf318 elementor-widget elementor-widget-text-editor\" data-id=\"d3cf318\" data-element_type=\"widget\" data-widget_type=\"text-editor.default\">\n\t\t\t\t<div class=\"elementor-widget-container\">\n\t\t\t<style>\/*! elementor - v3.6.7 - 03-07-2022 *\/\n.elementor-widget-text-editor.elementor-drop-cap-view-stacked .elementor-drop-cap{background-color:#818a91;color:#fff}.elementor-widget-text-editor.elementor-drop-cap-view-framed .elementor-drop-cap{color:#818a91;border:3px solid;background-color:transparent}.elementor-widget-text-editor:not(.elementor-drop-cap-view-default) .elementor-drop-cap{margin-top:8px}.elementor-widget-text-editor:not(.elementor-drop-cap-view-default) .elementor-drop-cap-letter{width:1em;height:1em}.elementor-widget-text-editor .elementor-drop-cap{float:left;text-align:center;line-height:1;font-size:50px}.elementor-widget-text-editor .elementor-drop-cap-letter{display:inline-block}<\/style>\t\t\t\t<p>25 de junio 2025<\/p><p><span style=\"font-weight: 400;\">Con la mirada puesta en la protecci\u00f3n de los cielos m\u00e1s privilegiados del planeta, la Comisi\u00f3n Asesora Ministerial sobre \u00c1reas con Valor Cient\u00edfico y de Investigaci\u00f3n para la Observaci\u00f3n Astron\u00f3mica celebr\u00f3 su duod\u00e9cima sesi\u00f3n en la ciudad de Antofagasta. La instancia busca actualizar el Decreto N\u00ba 2 del a\u00f1o 2023, que define 29 zonas prioritarias para la observaci\u00f3n astron\u00f3mica en Chile, incorporando nueva evidencia cient\u00edfica y mayor precisi\u00f3n en su delimitaci\u00f3n y resguardo.<\/span><\/p><div id=\"attachment_21261\" style=\"width: 310px\" class=\"wp-caption alignleft\"><img loading=\"lazy\" decoding=\"async\" aria-describedby=\"caption-attachment-21261\" class=\"wp-image-21261 size-medium\" src=\"https:\/\/ifa.uv.cl\/wp-content\/uploads\/2025\/06\/Sesio\u0301n-Comisio\u0301n-1-300x225.jpg\" alt=\"\" width=\"300\" height=\"225\" srcset=\"https:\/\/ifa.uv.cl\/wp-content\/uploads\/2025\/06\/Sesio\u0301n-Comisio\u0301n-1-300x225.jpg 300w, https:\/\/ifa.uv.cl\/wp-content\/uploads\/2025\/06\/Sesio\u0301n-Comisio\u0301n-1-1024x768.jpg 1024w, https:\/\/ifa.uv.cl\/wp-content\/uploads\/2025\/06\/Sesio\u0301n-Comisio\u0301n-1-768x576.jpg 768w, https:\/\/ifa.uv.cl\/wp-content\/uploads\/2025\/06\/Sesio\u0301n-Comisio\u0301n-1-1536x1152.jpg 1536w, https:\/\/ifa.uv.cl\/wp-content\/uploads\/2025\/06\/Sesio\u0301n-Comisio\u0301n-1-2048x1536.jpg 2048w\" sizes=\"auto, (max-width: 300px) 100vw, 300px\" \/><p id=\"caption-attachment-21261\" class=\"wp-caption-text\">(izq.) El Dr Omar Cuevas Ahumada del IFA UV<\/p><\/div><p><span style=\"font-weight: 400;\">Entre los miembros de la comisi\u00f3n destaca la participaci\u00f3n del Dr. <\/span><b>Omar Cuevas Ahumada<\/b><span style=\"font-weight: 400;\">, acad\u00e9mico del Instituto de F\u00edsica y Astronom\u00eda (IFA) de la Universidad de Valpara\u00edso y especialista en turbulencia \u00f3ptica en observatorios astron\u00f3micos. Su aporte t\u00e9cnico ha sido fundamental en el an\u00e1lisis de c\u00f3mo las actividades humanas en torno a los observatorios pueden afectar la calidad del cielo, un insumo esencial para el futuro del desarrollo cient\u00edfico del pa\u00eds.<\/span><\/p><p><span style=\"font-weight: 400;\">\u201cEsta comisi\u00f3n es multidisciplinaria, por lo tanto mi desaf\u00edo es aportar informaci\u00f3n t\u00e9cnica referente a la turbulencia \u00f3ptica en los observatorios astron\u00f3micos, que es mi l\u00ednea principal de investigaci\u00f3n en nuestro Instituto de F\u00edsica y Astronom\u00eda\u201d, explic\u00f3 Cuevas.<\/span><span style=\"font-weight: 400;\"><br \/><\/span><span style=\"font-weight: 400;\"> \u201cEn particular, busco evidenciar c\u00f3mo las intervenciones humanas pueden afectar la calidad del cielo en zonas declaradas como \u00e1reas con valor para la observaci\u00f3n astron\u00f3mica con fines de investigaci\u00f3n cient\u00edfica\u201d.<\/span><\/p><p><span style=\"font-weight: 400;\">Respecto de la necesidad de actualizar el decreto, el Dr. Cuevas enfatiz\u00f3 que \u201cel Decreto N\u00ba 2 necesita una actualizaci\u00f3n con nuevas evidencias respaldadas en la ciencia, que permitan incluir criterios y par\u00e1metros para evaluar impactos ambientales que afecten la calidad del cielo alrededor de los observatorios. Este trabajo ser\u00e1 clave para el Servicio de Evaluaci\u00f3n Ambiental en los procesos de evaluaci\u00f3n de proyectos en zonas de inter\u00e9s astron\u00f3mico\u201d.<\/span><\/p><p><span style=\"font-weight: 400;\">La sesi\u00f3n de la comisi\u00f3n cont\u00f3 tambi\u00e9n con la participaci\u00f3n del Gobernador Regional, Ricardo D\u00edaz, quien valor\u00f3 que los expertos sesionaran en la regi\u00f3n y visitaran en terreno sitios clave como el Observatorio Paranal y el futuro Telescopio Extremadamente Grande (ELT). Durante la jornada, se analizaron variables cr\u00edticas para la calidad de la observaci\u00f3n astron\u00f3mica, como la contaminaci\u00f3n lum\u00ednica, la turbulencia atmosf\u00e9rica, el polvo en suspensi\u00f3n y las vibraciones, elementos en los que el Dr. Cuevas ha centrado su trabajo cient\u00edfico.<\/span><\/p><p><span style=\"font-weight: 400;\">La comisi\u00f3n es presidida por el Subsecretario de Ciencia, Cristi\u00e1n Cuevas, y est\u00e1 compuesta por destacados expertos en astronom\u00eda, tecnolog\u00eda, medioambiente e iluminaci\u00f3n eficiente. Su labor fortalecer\u00e1 la institucionalidad estatal en un contexto de creciente presi\u00f3n industrial sobre territorios que albergan condiciones \u00fanicas para la observaci\u00f3n del universo.<\/span><\/p><p><img loading=\"lazy\" decoding=\"async\" class=\"alignnone wp-image-21257 size-large\" src=\"https:\/\/ifa.uv.cl\/wp-content\/uploads\/2025\/06\/Sesio\u0301n-Comisio\u0301n-4-1024x683.jpg\" alt=\"\" width=\"1024\" height=\"683\" srcset=\"https:\/\/ifa.uv.cl\/wp-content\/uploads\/2025\/06\/Sesio\u0301n-Comisio\u0301n-4-1024x683.jpg 1024w, https:\/\/ifa.uv.cl\/wp-content\/uploads\/2025\/06\/Sesio\u0301n-Comisio\u0301n-4-300x200.jpg 300w, https:\/\/ifa.uv.cl\/wp-content\/uploads\/2025\/06\/Sesio\u0301n-Comisio\u0301n-4-768x512.jpg 768w, https:\/\/ifa.uv.cl\/wp-content\/uploads\/2025\/06\/Sesio\u0301n-Comisio\u0301n-4-1536x1024.jpg 1536w, https:\/\/ifa.uv.cl\/wp-content\/uploads\/2025\/06\/Sesio\u0301n-Comisio\u0301n-4-2048x1365.jpg 2048w\" sizes=\"auto, (max-width: 1024px) 100vw, 1024px\" \/><\/p><p>Cr\u00e9ditos fotos: Daniela Araya, Seremi Ciencia Antofagasta<\/p>\t\t\t\t\t\t<\/div>\n\t\t\t\t<\/div>\n\t\t\t\t\t<\/div>\n\t\t<\/div>\n\t\t\t\t\t\t\t<\/div>\n\t\t<\/section>\n\t\t\t\t\t\t\t<\/div>\n\t\t","protected":false},"excerpt":{"rendered":"<p>Con la mirada puesta en la protecci\u00f3n de los cielos m\u00e1s privilegiados del planeta, la Comisi\u00f3n Asesora Ministerial sobre \u00c1reas con Valor Cient\u00edfico y de Investigaci\u00f3n para la Observaci\u00f3n Astron\u00f3mica celebr\u00f3 su duod\u00e9cima sesi\u00f3n en la ciudad de Antofagasta. La instancia busca actualizar el Decreto N\u00ba 2 del a\u00f1o 2023, que define 29 zonas prioritarias para la observaci\u00f3n astron\u00f3mica en Chile, incorporando nueva evidencia cient\u00edfica y mayor precisi\u00f3n en su delimitaci\u00f3n y resguardo.<\/p>\n","protected":false},"author":6,"featured_media":21264,"comment_status":"closed","ping_status":"open","sticky":false,"template":"","format":"standard","meta":{"footnotes":""},"categories":[163,107],"tags":[138,138,143,143],"class_list":{"0":"post-21238","1":"post","2":"type-post","3":"status-publish","4":"format-standard","5":"has-post-thumbnail","6":"hentry","7":"category-noticias-en","8":"category-uncategorized","9":"tag-astronomia-en","11":"tag-ifa-en"},"_links":{"self":[{"href":"https:\/\/ifa.uv.cl\/en\/wp-json\/wp\/v2\/posts\/21238","targetHints":{"allow":["GET"]}}],"collection":[{"href":"https:\/\/ifa.uv.cl\/en\/wp-json\/wp\/v2\/posts"}],"about":[{"href":"https:\/\/ifa.uv.cl\/en\/wp-json\/wp\/v2\/types\/post"}],"author":[{"embeddable":true,"href":"https:\/\/ifa.uv.cl\/en\/wp-json\/wp\/v2\/users\/6"}],"replies":[{"embeddable":true,"href":"https:\/\/ifa.uv.cl\/en\/wp-json\/wp\/v2\/comments?post=21238"}],"version-history":[{"count":17,"href":"https:\/\/ifa.uv.cl\/en\/wp-json\/wp\/v2\/posts\/21238\/revisions"}],"predecessor-version":[{"id":21283,"href":"https:\/\/ifa.uv.cl\/en\/wp-json\/wp\/v2\/posts\/21238\/revisions\/21283"}],"wp:featuredmedia":[{"embeddable":true,"href":"https:\/\/ifa.uv.cl\/en\/wp-json\/wp\/v2\/media\/21264"}],"wp:attachment":[{"href":"https:\/\/ifa.uv.cl\/en\/wp-json\/wp\/v2\/media?parent=21238"}],"wp:term":[{"taxonomy":"category","embeddable":true,"href":"https:\/\/ifa.uv.cl\/en\/wp-json\/wp\/v2\/categories?post=21238"},{"taxonomy":"post_tag","embeddable":true,"href":"https:\/\/ifa.uv.cl\/en\/wp-json\/wp\/v2\/tags?post=21238"}],"curies":[{"name":"wp","href":"https:\/\/api.w.org\/{rel}","templated":true}]}}