{"id":21219,"date":"2025-06-23T18:47:29","date_gmt":"2025-06-23T22:47:29","guid":{"rendered":"https:\/\/ifa.uv.cl\/?p=21219"},"modified":"2025-06-23T18:53:17","modified_gmt":"2025-06-23T22:53:17","slug":"ifa-uv-y-radio-valentin-letelier-transmitieron-la-primera-luz-del-observatorio-vera-c-rubin-un-hito-astronomico-compartido-con-la-comunidad","status":"publish","type":"post","link":"https:\/\/ifa.uv.cl\/en\/ifa-uv-y-radio-valentin-letelier-transmitieron-la-primera-luz-del-observatorio-vera-c-rubin-un-hito-astronomico-compartido-con-la-comunidad\/","title":{"rendered":"IFA UV y Radio Valent\u00edn Letelier transmitieron la primera luz del Observatorio Vera C. Rubin: un hito astron\u00f3mico compartido con la comunidad"},"content":{"rendered":"\t\t<div data-elementor-type=\"wp-post\" data-elementor-id=\"21219\" class=\"elementor elementor-21219\">\n\t\t\t\t\t\t\t\t\t<section class=\"elementor-section elementor-top-section elementor-element elementor-element-7c7f122 elementor-section-boxed elementor-section-height-default elementor-section-height-default qodef-elementor-content-no\" data-id=\"7c7f122\" data-element_type=\"section\">\n\t\t\t\t\t\t<div class=\"elementor-container elementor-column-gap-default\">\n\t\t\t\t\t<div class=\"elementor-column elementor-col-100 elementor-top-column elementor-element elementor-element-aa8a5ae\" data-id=\"aa8a5ae\" data-element_type=\"column\">\n\t\t\t<div class=\"elementor-widget-wrap elementor-element-populated\">\n\t\t\t\t\t\t\t\t<div class=\"elementor-element elementor-element-d3cf318 elementor-widget elementor-widget-text-editor\" data-id=\"d3cf318\" data-element_type=\"widget\" data-widget_type=\"text-editor.default\">\n\t\t\t\t<div class=\"elementor-widget-container\">\n\t\t\t<style>\/*! elementor - v3.6.7 - 03-07-2022 *\/\n.elementor-widget-text-editor.elementor-drop-cap-view-stacked .elementor-drop-cap{background-color:#818a91;color:#fff}.elementor-widget-text-editor.elementor-drop-cap-view-framed .elementor-drop-cap{color:#818a91;border:3px solid;background-color:transparent}.elementor-widget-text-editor:not(.elementor-drop-cap-view-default) .elementor-drop-cap{margin-top:8px}.elementor-widget-text-editor:not(.elementor-drop-cap-view-default) .elementor-drop-cap-letter{width:1em;height:1em}.elementor-widget-text-editor .elementor-drop-cap{float:left;text-align:center;line-height:1;font-size:50px}.elementor-widget-text-editor .elementor-drop-cap-letter{display:inline-block}<\/style>\t\t\t\t<p>23 de junio 2025<\/p><p>El Instituto de F\u00edsica y Astronom\u00eda (IFA) de la Universidad de Valpara\u00edso, en colaboraci\u00f3n con Radio Valent\u00edn Letelier (RVL), realiz\u00f3 una transmisi\u00f3n especial para compartir con la comunidad la \u201cprimera luz\u201d del Observatorio Vera C. Rubin, uno de los hitos astron\u00f3micos m\u00e1s importantes del \u00faltimo tiempo a nivel global. El evento fue seguido por la audiencia radial y v\u00eda streaming, y congreg\u00f3 a cerca de veinte personas en el estudio de RVL, ubicado en Err\u00e1zuriz 1108, en la ciudad puerto.<\/p><p>\u00a0<\/p><p><img loading=\"lazy\" decoding=\"async\" class=\"aligncenter wp-image-21222 size-large\" src=\"https:\/\/ifa.uv.cl\/wp-content\/uploads\/2025\/06\/IMG_1218-1024x768.jpg\" alt=\"\" width=\"1024\" height=\"768\" srcset=\"https:\/\/ifa.uv.cl\/wp-content\/uploads\/2025\/06\/IMG_1218-1024x768.jpg 1024w, https:\/\/ifa.uv.cl\/wp-content\/uploads\/2025\/06\/IMG_1218-300x225.jpg 300w, https:\/\/ifa.uv.cl\/wp-content\/uploads\/2025\/06\/IMG_1218-768x576.jpg 768w, https:\/\/ifa.uv.cl\/wp-content\/uploads\/2025\/06\/IMG_1218-1536x1152.jpg 1536w, https:\/\/ifa.uv.cl\/wp-content\/uploads\/2025\/06\/IMG_1218-2048x1536.jpg 2048w\" sizes=\"auto, (max-width: 1024px) 100vw, 1024px\" \/><\/p><p>\u00a0<\/p><p>El programa cont\u00f3 con la participaci\u00f3n de destacadas astr\u00f3nomas y astr\u00f3nomos del IFA UV, as\u00ed como de investigadores asociados al N\u00facleo Milenio de Galaxias (MINGAL) y al N\u00facleo Milenio TITANS, dedicado al estudio de agujeros negros supermasivos. El panel presencial estuvo compuesto por los cient\u00edficos Eduardo Ibar, Patricia Ar\u00e9valo y Lorena Hern\u00e1ndez-Garc\u00eda, mientras que, de manera virtual, se sumaron al evento Holger Drass (Rubin Observatory), Monserrat Mart\u00ednez (MINGAL) y Daniela Grand\u00f3n (IFA UV), quienes aportaron con sus an\u00e1lisis y perspectivas desde distintos puntos del pa\u00eds.<\/p><p>\u00a0<\/p><p>Este hito, que se sum\u00f3 a centenares de actividades realizadas en todo el mundo, marc\u00f3 el inicio oficial de las observaciones cient\u00edficas del Observatorio Vera C. Rubin, ubicado en Cerro Pach\u00f3n, regi\u00f3n de Coquimbo. Esta instalaci\u00f3n astron\u00f3mica de vanguardia alberga el Simonyi Survey Telescope, un instrumento dise\u00f1ado para escanear el cielo completo cada tres noches durante al menos diez a\u00f1os. Gracias a su espejo de 8,4 metros, un sistema \u00f3ptico de tres espejos y la c\u00e1mara digital m\u00e1s grande jam\u00e1s construida para astronom\u00eda, el telescopio posee un campo visual extraordinariamente amplio, capaz de capturar im\u00e1genes detalladas de vastas regiones del cosmos.<br \/>Seg\u00fan los especialistas, la resoluci\u00f3n de estas im\u00e1genes es tan alta que para desplegar una sola, se necesitar\u00eda la capacidad combinada de 400 pantallas Ultra HD. Esta capacidad sin precedentes transformar\u00e1 la manera en que se estudian fen\u00f3menos astron\u00f3micos, permitiendo realizar un censo profundo y din\u00e1mico del cielo nocturno a una escala nunca alcanzada hasta ahora.<br \/>Durante la transmisi\u00f3n, el astr\u00f3nomo Eduardo Ibar, acad\u00e9mico del IFA, destac\u00f3 el car\u00e1cter transformador del proyecto: \u201cHoy estamos celebrando la primera luz del Observatorio Vera Rubin. Este es un proyecto deseado hace mucho tiempo, que finalmente se materializa. El telescopio no solo tomar\u00e1 im\u00e1genes del cielo, sino que las repetir\u00e1 cada tres d\u00edas durante diez a\u00f1os, creando una verdadera pel\u00edcula del universo en movimiento\u201d, explic\u00f3.<\/p><p>\u00a0<img loading=\"lazy\" decoding=\"async\" class=\"aligncenter wp-image-21226 size-large\" src=\"https:\/\/ifa.uv.cl\/wp-content\/uploads\/2025\/06\/NSF-DOE-Rubin-Virgo-cluster-2-Im3crop2-1024x627.jpg\" alt=\"\" width=\"1024\" height=\"627\" srcset=\"https:\/\/ifa.uv.cl\/wp-content\/uploads\/2025\/06\/NSF-DOE-Rubin-Virgo-cluster-2-Im3crop2-1024x627.jpg 1024w, https:\/\/ifa.uv.cl\/wp-content\/uploads\/2025\/06\/NSF-DOE-Rubin-Virgo-cluster-2-Im3crop2-300x184.jpg 300w, https:\/\/ifa.uv.cl\/wp-content\/uploads\/2025\/06\/NSF-DOE-Rubin-Virgo-cluster-2-Im3crop2-768x470.jpg 768w, https:\/\/ifa.uv.cl\/wp-content\/uploads\/2025\/06\/NSF-DOE-Rubin-Virgo-cluster-2-Im3crop2-1536x941.jpg 1536w, https:\/\/ifa.uv.cl\/wp-content\/uploads\/2025\/06\/NSF-DOE-Rubin-Virgo-cluster-2-Im3crop2-2048x1254.jpg 2048w\" sizes=\"auto, (max-width: 1024px) 100vw, 1024px\" \/><br \/>El doctor Ibar detall\u00f3 que este tipo de observaci\u00f3n permitir\u00e1 detectar objetos variables o transitorios en tiempo real, como supernovas o asteroides. En ese sentido, subray\u00f3 el rol clave del proyecto chileno ALeRCE, un broker astron\u00f3mico nacional, que funciona como interfaz entre los datos que genera el observatorio y la comunidad cient\u00edfica: \u201cALeRCE va a recibir m\u00e1s de diez millones de alertas cada noche, y debe ser capaz de filtrar esa informaci\u00f3n para identificar los objetos verdaderamente interesantes. Es el \u00fanico broker del hemisferio sur reconocido oficialmente por el observatorio\u201d, indic\u00f3.<br \/>Por su parte, la astr\u00f3noma postdoctoral Lorena Hern\u00e1ndez-Garc\u00eda, tambi\u00e9n investigadora del IFA, valor\u00f3 la potencia de las primeras im\u00e1genes obtenidas por el telescopio, especialmente por su capacidad para detectar galaxias extremadamente lejanas.<br \/>\u201cSi bien lo esperaba, lo que m\u00e1s me ha sorprendido es la profundidad a la que llegan las im\u00e1genes. Ya hab\u00edamos visto c\u00famulos como el de Virgo \u2014una de las primeras im\u00e1genes reveladas por el Observatorio Vera Rubin, distante, aproximadamente, a 55 millones de a\u00f1os luz de la Tierra\u2014, pero ahora, con esta c\u00e1mara mucho m\u00e1s potente, aparecen detalles que antes simplemente no estaban o no los pod\u00edamos apreciar. Es impresionante la cantidad de galaxias que ahora vamos a poder ver\u201d, relat\u00f3.<br \/>La doctora Lorena Hern\u00e1ndez-Garc\u00eda tambi\u00e9n forma parte del equipo de ALeRCE desde 2020, donde colabora en la clasificaci\u00f3n de objetos astron\u00f3micos mediante t\u00e9cnicas de machine learning. Tal como lo coment\u00f3, su labor se basa en el an\u00e1lisis de datos obtenidos por el Zwicky Transient Facility (ZTF), telescopio de 1,2 metros de di\u00e1metro, ubicado en el Observatorio Palomar, en California, Estados Unidos.<br \/>\u201cAhora, con este tipo de herramientas de \u00faltima generaci\u00f3n, nos permitir\u00e1 etiquetar r\u00e1pidamente los objetos o fen\u00f3menos detectados por el Observatorio Rubin. Saber si se trata de una supernova, un agujero negro o una estrella variable es esencial para orientar la investigaci\u00f3n\u201d, explic\u00f3.<br \/>Junto con profundizar en las implicancias cient\u00edficas del nuevo telescopio, el evento permiti\u00f3 resaltar el protagonismo de Chile como plataforma mundial para la astronom\u00eda del siglo XXI.<\/p><p><br \/>\u201cEstamos en un momento \u00fanico para estudiar astronom\u00eda en Chile. No solo por el Observatorio Vera Rubin, sino por los telescopios de 30 metros que vendr\u00e1n en la pr\u00f3xima d\u00e9cada. Y para eso necesitaremos m\u00e1s astr\u00f3nomos, ingenieros y especialistas en ciencia de datos. Es una gran oportunidad para las nuevas generaciones\u201d, agreg\u00f3 la doctora Hern\u00e1ndez-Garc\u00eda.<br \/>La transmisi\u00f3n se realiz\u00f3 en vivo por RVL 97.3 FM en Valpara\u00edso y fue seguida desde distintas partes del pa\u00eds.<\/p><p><img loading=\"lazy\" decoding=\"async\" class=\"alignnone wp-image-21215 size-large\" src=\"https:\/\/ifa.uv.cl\/wp-content\/uploads\/2025\/06\/NSF-DOE-Rubin-Trifid-and-Lagoon-Nebulas-10k-1024x628.jpg\" alt=\"\" width=\"1024\" height=\"628\" srcset=\"https:\/\/ifa.uv.cl\/wp-content\/uploads\/2025\/06\/NSF-DOE-Rubin-Trifid-and-Lagoon-Nebulas-10k-1024x628.jpg 1024w, https:\/\/ifa.uv.cl\/wp-content\/uploads\/2025\/06\/NSF-DOE-Rubin-Trifid-and-Lagoon-Nebulas-10k-300x184.jpg 300w, https:\/\/ifa.uv.cl\/wp-content\/uploads\/2025\/06\/NSF-DOE-Rubin-Trifid-and-Lagoon-Nebulas-10k-768x471.jpg 768w, https:\/\/ifa.uv.cl\/wp-content\/uploads\/2025\/06\/NSF-DOE-Rubin-Trifid-and-Lagoon-Nebulas-10k-1536x942.jpg 1536w, https:\/\/ifa.uv.cl\/wp-content\/uploads\/2025\/06\/NSF-DOE-Rubin-Trifid-and-Lagoon-Nebulas-10k-2048x1256.jpg 2048w\" sizes=\"auto, (max-width: 1024px) 100vw, 1024px\" \/><\/p><p>Nota: Pamela Simonetti \/ Fotos astron\u00f3micas: Vera C.Rubin Observatory<\/p>\t\t\t\t\t\t<\/div>\n\t\t\t\t<\/div>\n\t\t\t\t\t<\/div>\n\t\t<\/div>\n\t\t\t\t\t\t\t<\/div>\n\t\t<\/section>\n\t\t\t\t\t\t\t<\/div>\n\t\t","protected":false},"excerpt":{"rendered":"<p>La Universidad de Valpara\u00edso acerc\u00f3 a la ciudadan\u00eda uno de los eventos cient\u00edficos m\u00e1s relevantes del a\u00f1o, marcado por la activaci\u00f3n del telescopio m\u00e1s avanzado del hemisferio sur.<\/p>\n","protected":false},"author":6,"featured_media":21218,"comment_status":"closed","ping_status":"open","sticky":false,"template":"","format":"standard","meta":{"footnotes":""},"categories":[163,107],"tags":[138,138,143,143],"class_list":{"0":"post-21219","1":"post","2":"type-post","3":"status-publish","4":"format-standard","5":"has-post-thumbnail","6":"hentry","7":"category-noticias-en","8":"category-uncategorized","9":"tag-astronomia-en","11":"tag-ifa-en"},"_links":{"self":[{"href":"https:\/\/ifa.uv.cl\/en\/wp-json\/wp\/v2\/posts\/21219","targetHints":{"allow":["GET"]}}],"collection":[{"href":"https:\/\/ifa.uv.cl\/en\/wp-json\/wp\/v2\/posts"}],"about":[{"href":"https:\/\/ifa.uv.cl\/en\/wp-json\/wp\/v2\/types\/post"}],"author":[{"embeddable":true,"href":"https:\/\/ifa.uv.cl\/en\/wp-json\/wp\/v2\/users\/6"}],"replies":[{"embeddable":true,"href":"https:\/\/ifa.uv.cl\/en\/wp-json\/wp\/v2\/comments?post=21219"}],"version-history":[{"count":4,"href":"https:\/\/ifa.uv.cl\/en\/wp-json\/wp\/v2\/posts\/21219\/revisions"}],"predecessor-version":[{"id":21232,"href":"https:\/\/ifa.uv.cl\/en\/wp-json\/wp\/v2\/posts\/21219\/revisions\/21232"}],"wp:featuredmedia":[{"embeddable":true,"href":"https:\/\/ifa.uv.cl\/en\/wp-json\/wp\/v2\/media\/21218"}],"wp:attachment":[{"href":"https:\/\/ifa.uv.cl\/en\/wp-json\/wp\/v2\/media?parent=21219"}],"wp:term":[{"taxonomy":"category","embeddable":true,"href":"https:\/\/ifa.uv.cl\/en\/wp-json\/wp\/v2\/categories?post=21219"},{"taxonomy":"post_tag","embeddable":true,"href":"https:\/\/ifa.uv.cl\/en\/wp-json\/wp\/v2\/tags?post=21219"}],"curies":[{"name":"wp","href":"https:\/\/api.w.org\/{rel}","templated":true}]}}