{"id":21199,"date":"2025-06-18T10:37:02","date_gmt":"2025-06-18T14:37:02","guid":{"rendered":"https:\/\/ifa.uv.cl\/?p=21199"},"modified":"2025-06-18T10:41:52","modified_gmt":"2025-06-18T14:41:52","slug":"equipo-de-astronomos-del-ifa-uv-avanzan-en-investigacion-clave-con-nuevo-sondeo-infrarrojo-en-el-observatorio-vlt","status":"publish","type":"post","link":"https:\/\/ifa.uv.cl\/en\/equipo-de-astronomos-del-ifa-uv-avanzan-en-investigacion-clave-con-nuevo-sondeo-infrarrojo-en-el-observatorio-vlt\/","title":{"rendered":"Equipo de astr\u00f3nomos del IFA-UV avanzan en investigaci\u00f3n clave con nuevo sondeo infrarrojo en el Observatorio VLT"},"content":{"rendered":"\t\t<div data-elementor-type=\"wp-post\" data-elementor-id=\"21199\" class=\"elementor elementor-21199\">\n\t\t\t\t\t\t\t\t\t<section class=\"elementor-section elementor-top-section elementor-element elementor-element-7c7f122 elementor-section-boxed elementor-section-height-default elementor-section-height-default qodef-elementor-content-no\" data-id=\"7c7f122\" data-element_type=\"section\">\n\t\t\t\t\t\t<div class=\"elementor-container elementor-column-gap-default\">\n\t\t\t\t\t<div class=\"elementor-column elementor-col-100 elementor-top-column elementor-element elementor-element-aa8a5ae\" data-id=\"aa8a5ae\" data-element_type=\"column\">\n\t\t\t<div class=\"elementor-widget-wrap elementor-element-populated\">\n\t\t\t\t\t\t\t\t<div class=\"elementor-element elementor-element-d3cf318 elementor-widget elementor-widget-text-editor\" data-id=\"d3cf318\" data-element_type=\"widget\" data-widget_type=\"text-editor.default\">\n\t\t\t\t<div class=\"elementor-widget-container\">\n\t\t\t<style>\/*! elementor - v3.6.7 - 03-07-2022 *\/\n.elementor-widget-text-editor.elementor-drop-cap-view-stacked .elementor-drop-cap{background-color:#818a91;color:#fff}.elementor-widget-text-editor.elementor-drop-cap-view-framed .elementor-drop-cap{color:#818a91;border:3px solid;background-color:transparent}.elementor-widget-text-editor:not(.elementor-drop-cap-view-default) .elementor-drop-cap{margin-top:8px}.elementor-widget-text-editor:not(.elementor-drop-cap-view-default) .elementor-drop-cap-letter{width:1em;height:1em}.elementor-widget-text-editor .elementor-drop-cap{float:left;text-align:center;line-height:1;font-size:50px}.elementor-widget-text-editor .elementor-drop-cap-letter{display:inline-block}<\/style>\t\t\t\t<p>18 de junio 2025<\/p><p>\u00a0<\/p><p>La Universidad de Valpara\u00edso (UV) fortalece su liderazgo en astronom\u00eda infrarroja con una participaci\u00f3n protag\u00f3nica en uno de los programas cient\u00edficos m\u00e1s ambiciosos del Observatorio Europeo Austral (ESO): el sondeo espectrosc\u00f3pico KMOS VVVX-GalCen, recientemente aprobado como sondeo p\u00fablico y que contar\u00e1 con 120 noches de observaci\u00f3n en el telescopio Very Large Telescope (VLT), en el desierto de Atacama.<\/p><div id=\"attachment_21197\" style=\"width: 310px\" class=\"wp-caption alignleft\"><img loading=\"lazy\" decoding=\"async\" aria-describedby=\"caption-attachment-21197\" class=\"wp-image-21197 size-medium\" src=\"https:\/\/ifa.uv.cl\/wp-content\/uploads\/2025\/06\/IMG_1122-300x300.png\" alt=\"\" width=\"300\" height=\"300\" srcset=\"https:\/\/ifa.uv.cl\/wp-content\/uploads\/2025\/06\/IMG_1122-300x300.png 300w, https:\/\/ifa.uv.cl\/wp-content\/uploads\/2025\/06\/IMG_1122-150x150.png 150w, https:\/\/ifa.uv.cl\/wp-content\/uploads\/2025\/06\/IMG_1122.png 600w\" sizes=\"auto, (max-width: 300px) 100vw, 300px\" \/><p id=\"caption-attachment-21197\" class=\"wp-caption-text\">Astr\u00f3nomo e investigador principal Mat\u00edas G\u00f3mez (UAB)<\/p><\/div><p>\u00a0<\/p><p>El proyecto, liderado por el profesor Mat\u00edas G\u00f3mez de la Universidad Andr\u00e9s Bello (UNAB), re\u00fane a m\u00e1s de 100 investigadores de instituciones de todo el mundo. En esta colaboraci\u00f3n internacional, el Instituto de F\u00edsica y Astronom\u00eda (IFA) de la UV tiene un rol central, con tres de sus acad\u00e9micos liderando temas cient\u00edficos clave:<\/p><p>El profesor Zhen Guo encabeza el estudio de objetos estelares j\u00f3venes (YSOs), con el que se observar\u00e1n m\u00e1s de 7.000 protoestrellas invisibles en el \u00f3ptico. Ser\u00e1 el mayor sondeo espectrosc\u00f3pico de su tipo hasta la fecha, y permitir\u00e1 comprender mejor los procesos de acreci\u00f3n de masa y las primeras fases de la formaci\u00f3n estelar.<\/p><p>La profesora Jura Borissova, referente en el estudio de c\u00famulos abiertos, continuar\u00e1 su legado cient\u00edfico iniciado con los sondeos VVV y VVVX, utilizando c\u00famulos j\u00f3venes como herramientas para mapear la estructura y contenido estelar de la V\u00eda L\u00e1ctea.<\/p><p>El profesor Radostin Kurtev lidera el estudio de enanas marrones y planetas flotantes, con el objetivo de identificar poblaciones subestelares d\u00e9biles en asociaciones j\u00f3venes, aportando nuevos conocimientos sobre estos objetos escurridizos.<\/p><p>El sondeo KMOS VVVX-GalCen busca revelar en detalle las regiones m\u00e1s ocultas de nuestra galaxia, penetrando el polvo interestelar mediante espectroscop\u00eda en el infrarrojo cercano. Su dise\u00f1o se basa en el legado de los sondeos VVV y VVVX, y tiene como objetivo abordar preguntas fundamentales sobre la formaci\u00f3n estelar, la evoluci\u00f3n gal\u00e1ctica y la cosmolog\u00eda.<\/p><div id=\"attachment_21189\" style=\"width: 310px\" class=\"wp-caption alignleft\"><img loading=\"lazy\" decoding=\"async\" aria-describedby=\"caption-attachment-21189\" class=\"wp-image-21189 size-medium\" src=\"https:\/\/ifa.uv.cl\/wp-content\/uploads\/2025\/06\/IMG_1118-300x201.png\" alt=\"\" width=\"300\" height=\"201\" srcset=\"https:\/\/ifa.uv.cl\/wp-content\/uploads\/2025\/06\/IMG_1118-300x201.png 300w, https:\/\/ifa.uv.cl\/wp-content\/uploads\/2025\/06\/IMG_1118-768x514.png 768w, https:\/\/ifa.uv.cl\/wp-content\/uploads\/2025\/06\/IMG_1118.png 844w\" sizes=\"auto, (max-width: 300px) 100vw, 300px\" \/><p id=\"caption-attachment-21189\" class=\"wp-caption-text\">foto del espectr\u00f3grafo multiobjeto de banda K (KMOS), un instrumento de segunda generaci\u00f3n dise\u00f1ado para operar en el Very Large Telescope (VLT). Este dispositivo permite realizar espectroscop\u00eda de campo integral en las bandas del infrarrojo cercano para 24 objetivos simult\u00e1neamente.<\/p><\/div><p>\u201cEl sondeo KMOS se basa directamente en el legado del VVV\/VVVX, ambos con un s\u00f3lido liderazgo de los cient\u00edficos de la UV. Pasa del descubrimiento fotom\u00e9trico a la caracterizaci\u00f3n espectrosc\u00f3pica detallada, midiendo velocidades, composiciones y actividad de acreci\u00f3n de poblaciones previamente ocultas\u201d, explic\u00f3 el profesor Zhen Guo.<\/p><p>Adem\u00e1s del impacto cient\u00edfico, el proyecto tendr\u00e1 un fuerte componente formativo: sentar\u00e1 las bases para nuevas tesis de doctorado, pr\u00e1cticas avanzadas y colaboraciones internacionales entre estudiantes de la UV y centros de investigaci\u00f3n en Europa, China y Am\u00e9rica. Esta participaci\u00f3n consolida el compromiso de la Universidad de Valpara\u00edso con la ciencia de frontera y la cooperaci\u00f3n global en astronom\u00eda.<\/p><p>\u00a0<\/p><div id=\"attachment_21191\" style=\"width: 1034px\" class=\"wp-caption alignnone\"><img loading=\"lazy\" decoding=\"async\" aria-describedby=\"caption-attachment-21191\" class=\"wp-image-21191 size-large\" src=\"https:\/\/ifa.uv.cl\/wp-content\/uploads\/2025\/06\/IMG_1120-1024x682.png\" alt=\"\" width=\"1024\" height=\"682\" srcset=\"https:\/\/ifa.uv.cl\/wp-content\/uploads\/2025\/06\/IMG_1120-1024x682.png 1024w, https:\/\/ifa.uv.cl\/wp-content\/uploads\/2025\/06\/IMG_1120-300x200.png 300w, https:\/\/ifa.uv.cl\/wp-content\/uploads\/2025\/06\/IMG_1120-768x512.png 768w, https:\/\/ifa.uv.cl\/wp-content\/uploads\/2025\/06\/IMG_1120-1536x1023.png 1536w, https:\/\/ifa.uv.cl\/wp-content\/uploads\/2025\/06\/IMG_1120.png 1600w\" sizes=\"auto, (max-width: 1024px) 100vw, 1024px\" \/><p id=\"caption-attachment-21191\" class=\"wp-caption-text\">12\u00b0 Encuentro Cient\u00edfico VVV en Florian\u00f3polis, Brasil 7-11 de abril de 2025<\/p><\/div><p>\u00a0<\/p><p>\u00a0<\/p><p>\u00a0<\/p>\t\t\t\t\t\t<\/div>\n\t\t\t\t<\/div>\n\t\t\t\t\t<\/div>\n\t\t<\/div>\n\t\t\t\t\t\t\t<\/div>\n\t\t<\/section>\n\t\t\t\t\t\t\t<\/div>\n\t\t","protected":false},"excerpt":{"rendered":"<p>El Instituto de F\u00edsica y Astronom\u00eda celebra su papel clave en el reci\u00e9n aprobado sondeo infrarrojo KMOS VVVX-GalCen, seleccionado como sondeo p\u00fablico por el Observatorio Europeo Austral (ESO), con nada menos que 120 noches de observaci\u00f3n en el Very Large Telescope (VLT).<\/p>\n","protected":false},"author":6,"featured_media":21196,"comment_status":"closed","ping_status":"open","sticky":false,"template":"","format":"standard","meta":{"footnotes":""},"categories":[163,107],"tags":[138,138,143,143],"class_list":{"0":"post-21199","1":"post","2":"type-post","3":"status-publish","4":"format-standard","5":"has-post-thumbnail","6":"hentry","7":"category-noticias-en","8":"category-uncategorized","9":"tag-astronomia-en","11":"tag-ifa-en"},"_links":{"self":[{"href":"https:\/\/ifa.uv.cl\/en\/wp-json\/wp\/v2\/posts\/21199","targetHints":{"allow":["GET"]}}],"collection":[{"href":"https:\/\/ifa.uv.cl\/en\/wp-json\/wp\/v2\/posts"}],"about":[{"href":"https:\/\/ifa.uv.cl\/en\/wp-json\/wp\/v2\/types\/post"}],"author":[{"embeddable":true,"href":"https:\/\/ifa.uv.cl\/en\/wp-json\/wp\/v2\/users\/6"}],"replies":[{"embeddable":true,"href":"https:\/\/ifa.uv.cl\/en\/wp-json\/wp\/v2\/comments?post=21199"}],"version-history":[{"count":7,"href":"https:\/\/ifa.uv.cl\/en\/wp-json\/wp\/v2\/posts\/21199\/revisions"}],"predecessor-version":[{"id":21212,"href":"https:\/\/ifa.uv.cl\/en\/wp-json\/wp\/v2\/posts\/21199\/revisions\/21212"}],"wp:featuredmedia":[{"embeddable":true,"href":"https:\/\/ifa.uv.cl\/en\/wp-json\/wp\/v2\/media\/21196"}],"wp:attachment":[{"href":"https:\/\/ifa.uv.cl\/en\/wp-json\/wp\/v2\/media?parent=21199"}],"wp:term":[{"taxonomy":"category","embeddable":true,"href":"https:\/\/ifa.uv.cl\/en\/wp-json\/wp\/v2\/categories?post=21199"},{"taxonomy":"post_tag","embeddable":true,"href":"https:\/\/ifa.uv.cl\/en\/wp-json\/wp\/v2\/tags?post=21199"}],"curies":[{"name":"wp","href":"https:\/\/api.w.org\/{rel}","templated":true}]}}