{"id":21103,"date":"2025-05-15T10:27:17","date_gmt":"2025-05-15T14:27:17","guid":{"rendered":"https:\/\/ifa.uv.cl\/?p=21103"},"modified":"2025-05-15T10:30:24","modified_gmt":"2025-05-15T14:30:24","slug":"ifa-se-adjudica-fondos-para-innovadores-proyectos-con-el-telescopio-bochum-en-calle-larga","status":"publish","type":"post","link":"https:\/\/ifa.uv.cl\/en\/ifa-se-adjudica-fondos-para-innovadores-proyectos-con-el-telescopio-bochum-en-calle-larga\/","title":{"rendered":"IFA se adjudica fondos para proyectos con el hist\u00f3rico Telescopio Bochum en Calle Larga"},"content":{"rendered":"\t\t<div data-elementor-type=\"wp-post\" data-elementor-id=\"21103\" class=\"elementor elementor-21103\">\n\t\t\t\t\t\t\t\t\t<section class=\"elementor-section elementor-top-section elementor-element elementor-element-7c7f122 elementor-section-boxed elementor-section-height-default elementor-section-height-default qodef-elementor-content-no\" data-id=\"7c7f122\" data-element_type=\"section\">\n\t\t\t\t\t\t<div class=\"elementor-container elementor-column-gap-default\">\n\t\t\t\t\t<div class=\"elementor-column elementor-col-100 elementor-top-column elementor-element elementor-element-aa8a5ae\" data-id=\"aa8a5ae\" data-element_type=\"column\">\n\t\t\t<div class=\"elementor-widget-wrap elementor-element-populated\">\n\t\t\t\t\t\t\t\t<div class=\"elementor-element elementor-element-d3cf318 elementor-widget elementor-widget-text-editor\" data-id=\"d3cf318\" data-element_type=\"widget\" data-widget_type=\"text-editor.default\">\n\t\t\t\t<div class=\"elementor-widget-container\">\n\t\t\t<style>\/*! elementor - v3.6.7 - 03-07-2022 *\/\n.elementor-widget-text-editor.elementor-drop-cap-view-stacked .elementor-drop-cap{background-color:#818a91;color:#fff}.elementor-widget-text-editor.elementor-drop-cap-view-framed .elementor-drop-cap{color:#818a91;border:3px solid;background-color:transparent}.elementor-widget-text-editor:not(.elementor-drop-cap-view-default) .elementor-drop-cap{margin-top:8px}.elementor-widget-text-editor:not(.elementor-drop-cap-view-default) .elementor-drop-cap-letter{width:1em;height:1em}.elementor-widget-text-editor .elementor-drop-cap{float:left;text-align:center;line-height:1;font-size:50px}.elementor-widget-text-editor .elementor-drop-cap-letter{display:inline-block}<\/style>\t\t\t\t<p>9 de mayo de 2025<\/p><div id=\"attachment_21049\" style=\"width: 1034px\" class=\"wp-caption alignnone\"><img loading=\"lazy\" decoding=\"async\" aria-describedby=\"caption-attachment-21049\" class=\"wp-image-21049 size-large\" src=\"https:\/\/ifa.uv.cl\/wp-content\/uploads\/2025\/05\/luna-creciente-35-1-1024x631.jpg\" alt=\"\" width=\"1024\" height=\"631\" srcset=\"https:\/\/ifa.uv.cl\/wp-content\/uploads\/2025\/05\/luna-creciente-35-1-1024x631.jpg 1024w, https:\/\/ifa.uv.cl\/wp-content\/uploads\/2025\/05\/luna-creciente-35-1-300x185.jpg 300w, https:\/\/ifa.uv.cl\/wp-content\/uploads\/2025\/05\/luna-creciente-35-1-768x473.jpg 768w, https:\/\/ifa.uv.cl\/wp-content\/uploads\/2025\/05\/luna-creciente-35-1-1536x946.jpg 1536w, https:\/\/ifa.uv.cl\/wp-content\/uploads\/2025\/05\/luna-creciente-35-1-2048x1261.jpg 2048w\" sizes=\"auto, (max-width: 1024px) 100vw, 1024px\" \/><p id=\"caption-attachment-21049\" class=\"wp-caption-text\">Observatorio Pocuro, Telescopio Bochum en Calle Larga, regi\u00f3n de Valpara\u00edso<\/p><\/div><p class=\"\" data-start=\"255\" data-end=\"699\">El proyecto <strong data-start=\"302\" data-end=\"408\">\u201cTelescopio Bochum UV: explorando el universo a trav\u00e9s de la docencia, la difusi\u00f3n y la investigaci\u00f3n\u201d<\/strong>, liderado por la astr\u00f3noma Dra Catalina Arcos, encargada de Vinclulaci\u00f3n con el Medio del Instituto de F\u00edsica y Astronom\u00eda y, en colaboraci\u00f3n con la Dra. Maja Vuckovic, fue uno de los 10 seleccionados en las \u00faltimas convocatorias de fondos concursables de la Vicerrector\u00eda de Vinculaci\u00f3n con el Medio de la Universidad de Valpara\u00edso.<\/p><p class=\"\" data-start=\"701\" data-end=\"1086\">&#8220;Gracias a este financiamiento, se podr\u00e1n desarrollar <strong data-start=\"754\" data-end=\"801\">tareas clave de instrumentaci\u00f3n astron\u00f3mica<\/strong>, como la <strong data-start=\"811\" data-end=\"866\">limpieza y mantenci\u00f3n de los espejos del telescopio<\/strong>, as\u00ed como tambi\u00e9n impulsar <strong data-start=\"894\" data-end=\"961\">actividades de divulgaci\u00f3n cient\u00edfica con la comunidad regional<\/strong> y <strong data-start=\"964\" data-end=\"1000\">fortalecer su uso en la docencia<\/strong>, involucrando a estudiantes de pre y postgrado en experiencias de aprendizaje activo&#8221;, anunci\u00f3 la Dra. Arcos.<\/p><p class=\"\" data-start=\"1088\" data-end=\"1401\">Esta iniciativa busca reactivar y proyectar el uso del hist\u00f3rico <strong data-start=\"1153\" data-end=\"1174\">Telescopio Bochum<\/strong> como un recurso valioso para la educaci\u00f3n, la investigaci\u00f3n y la vinculaci\u00f3n con el medio, abriendo nuevas oportunidades para acercar la astronom\u00eda a la ciudadan\u00eda y promover el conocimiento cient\u00edfico.<\/p><p class=\"\" data-start=\"1403\" data-end=\"1707\">La entrega de este reconocimiento tuvo lugar durante la <strong data-start=\"1443\" data-end=\"1510\">Jornada de Lanzamiento de Proyectos de Vinculaci\u00f3n con el Medio<\/strong>, realizada en la Facultad de Ingenier\u00eda, instancia que destac\u00f3 el compromiso de la Universidad de Valpara\u00edso con el desarrollo territorial y la colaboraci\u00f3n entre el mundo acad\u00e9mico y la sociedad.<\/p><p>\n\t\t<style type=\"text\/css\">\n\t\t\t#gallery-1 {\n\t\t\t\tmargin: auto;\n\t\t\t}\n\t\t\t#gallery-1 .gallery-item {\n\t\t\t\tfloat: left;\n\t\t\t\tmargin-top: 10px;\n\t\t\t\ttext-align: center;\n\t\t\t\twidth: 33%;\n\t\t\t}\n\t\t\t#gallery-1 img {\n\t\t\t\tborder: 2px solid #cfcfcf;\n\t\t\t}\n\t\t\t#gallery-1 .gallery-caption {\n\t\t\t\tmargin-left: 0;\n\t\t\t}\n\t\t\t\/* see gallery_shortcode() in wp-includes\/media.php *\/\n\t\t<\/style>\n\t\t<div id='gallery-1' class='gallery galleryid-21103 gallery-columns-3 gallery-size-large'><dl class='gallery-item'>\n\t\t\t<dt class='gallery-icon portrait'>\n\t\t\t\t<a href='https:\/\/ifa.uv.cl\/en\/img_9495-2-3-2\/'><img loading=\"lazy\" decoding=\"async\" width=\"768\" height=\"1024\" src=\"https:\/\/ifa.uv.cl\/wp-content\/uploads\/2025\/04\/IMG_9495-2-2-768x1024.jpg\" class=\"attachment-large size-large\" alt=\"\" srcset=\"https:\/\/ifa.uv.cl\/wp-content\/uploads\/2025\/04\/IMG_9495-2-2-768x1024.jpg 768w, https:\/\/ifa.uv.cl\/wp-content\/uploads\/2025\/04\/IMG_9495-2-2-225x300.jpg 225w, https:\/\/ifa.uv.cl\/wp-content\/uploads\/2025\/04\/IMG_9495-2-2-1152x1536.jpg 1152w, https:\/\/ifa.uv.cl\/wp-content\/uploads\/2025\/04\/IMG_9495-2-2-1536x2048.jpg 1536w, https:\/\/ifa.uv.cl\/wp-content\/uploads\/2025\/04\/IMG_9495-2-2-scaled.jpg 1920w\" sizes=\"auto, (max-width: 768px) 100vw, 768px\" \/><\/a>\n\t\t\t<\/dt><\/dl><dl class='gallery-item'>\n\t\t\t<dt class='gallery-icon portrait'>\n\t\t\t\t<a href='https:\/\/ifa.uv.cl\/en\/img_f13bd508ad66-1-2-2\/'><img loading=\"lazy\" decoding=\"async\" width=\"822\" height=\"1024\" src=\"https:\/\/ifa.uv.cl\/wp-content\/uploads\/2025\/04\/IMG_F13BD508AD66-1-1-822x1024.jpeg\" class=\"attachment-large size-large\" alt=\"\" srcset=\"https:\/\/ifa.uv.cl\/wp-content\/uploads\/2025\/04\/IMG_F13BD508AD66-1-1-822x1024.jpeg 822w, https:\/\/ifa.uv.cl\/wp-content\/uploads\/2025\/04\/IMG_F13BD508AD66-1-1-241x300.jpeg 241w, https:\/\/ifa.uv.cl\/wp-content\/uploads\/2025\/04\/IMG_F13BD508AD66-1-1-768x957.jpeg 768w, https:\/\/ifa.uv.cl\/wp-content\/uploads\/2025\/04\/IMG_F13BD508AD66-1-1.jpeg 1170w\" sizes=\"auto, (max-width: 822px) 100vw, 822px\" \/><\/a>\n\t\t\t<\/dt><\/dl><dl class='gallery-item'>\n\t\t\t<dt class='gallery-icon portrait'>\n\t\t\t\t<a href='https:\/\/ifa.uv.cl\/en\/img_9510-2\/'><img loading=\"lazy\" decoding=\"async\" width=\"768\" height=\"1024\" src=\"https:\/\/ifa.uv.cl\/wp-content\/uploads\/2025\/04\/IMG_9510-768x1024.jpg\" class=\"attachment-large size-large\" alt=\"\" aria-describedby=\"gallery-1-20761\" srcset=\"https:\/\/ifa.uv.cl\/wp-content\/uploads\/2025\/04\/IMG_9510-768x1024.jpg 768w, https:\/\/ifa.uv.cl\/wp-content\/uploads\/2025\/04\/IMG_9510-225x300.jpg 225w, https:\/\/ifa.uv.cl\/wp-content\/uploads\/2025\/04\/IMG_9510-1152x1536.jpg 1152w, https:\/\/ifa.uv.cl\/wp-content\/uploads\/2025\/04\/IMG_9510-1536x2048.jpg 1536w, https:\/\/ifa.uv.cl\/wp-content\/uploads\/2025\/04\/IMG_9510-scaled.jpg 1920w\" sizes=\"auto, (max-width: 768px) 100vw, 768px\" \/><\/a>\n\t\t\t<\/dt>\n\t\t\t\t<dd class='wp-caption-text gallery-caption' id='gallery-1-20761'>\n\t\t\t\tCosmic Strings, banda de rock integrada por acad\u00e9micos del IFA-UV\n\t\t\t\t<\/dd><\/dl><br style=\"clear: both\" \/>\n\t\t<\/div>\n<\/p>\t\t\t\t\t\t<\/div>\n\t\t\t\t<\/div>\n\t\t\t\t\t<\/div>\n\t\t<\/div>\n\t\t\t\t\t\t\t<\/div>\n\t\t<\/section>\n\t\t\t\t\t\t\t<\/div>\n\t\t","protected":false},"excerpt":{"rendered":"<p>\u201cTelescopio Bochum UV: explorando el universo a trav\u00e9s de la docencia, la difusi\u00f3n y la investigaci\u00f3n\u201d es un proyecto liderado por la Encargada de Vinculaci\u00f3n con el Medio del Instituto de F\u00edsica y Astronom\u00eda, Dra. Catalina Arcos, en colaboraci\u00f3n con la Dra. Maja Vuckovic, y ha sido uno de los 10 seleccionados en las \u00faltimas convocatorias de fondos concursables de la Vicerrector\u00eda de Vinculaci\u00f3n con el Medio de la Universidad de Valpara\u00edso.<\/p>\n","protected":false},"author":6,"featured_media":21115,"comment_status":"closed","ping_status":"open","sticky":false,"template":"","format":"standard","meta":{"footnotes":""},"categories":[163,107],"tags":[138,143],"class_list":["post-21103","post","type-post","status-publish","format-standard","has-post-thumbnail","hentry","category-noticias-en","category-uncategorized","tag-astronomia-en","tag-ifa-en"],"_links":{"self":[{"href":"https:\/\/ifa.uv.cl\/en\/wp-json\/wp\/v2\/posts\/21103","targetHints":{"allow":["GET"]}}],"collection":[{"href":"https:\/\/ifa.uv.cl\/en\/wp-json\/wp\/v2\/posts"}],"about":[{"href":"https:\/\/ifa.uv.cl\/en\/wp-json\/wp\/v2\/types\/post"}],"author":[{"embeddable":true,"href":"https:\/\/ifa.uv.cl\/en\/wp-json\/wp\/v2\/users\/6"}],"replies":[{"embeddable":true,"href":"https:\/\/ifa.uv.cl\/en\/wp-json\/wp\/v2\/comments?post=21103"}],"version-history":[{"count":13,"href":"https:\/\/ifa.uv.cl\/en\/wp-json\/wp\/v2\/posts\/21103\/revisions"}],"predecessor-version":[{"id":21131,"href":"https:\/\/ifa.uv.cl\/en\/wp-json\/wp\/v2\/posts\/21103\/revisions\/21131"}],"wp:featuredmedia":[{"embeddable":true,"href":"https:\/\/ifa.uv.cl\/en\/wp-json\/wp\/v2\/media\/21115"}],"wp:attachment":[{"href":"https:\/\/ifa.uv.cl\/en\/wp-json\/wp\/v2\/media?parent=21103"}],"wp:term":[{"taxonomy":"category","embeddable":true,"href":"https:\/\/ifa.uv.cl\/en\/wp-json\/wp\/v2\/categories?post=21103"},{"taxonomy":"post_tag","embeddable":true,"href":"https:\/\/ifa.uv.cl\/en\/wp-json\/wp\/v2\/tags?post=21103"}],"curies":[{"name":"wp","href":"https:\/\/api.w.org\/{rel}","templated":true}]}}