{"id":20744,"date":"2025-04-02T16:20:24","date_gmt":"2025-04-02T19:20:24","guid":{"rendered":"https:\/\/ifa.uv.cl\/?p=20744"},"modified":"2025-04-03T10:59:51","modified_gmt":"2025-04-03T13:59:51","slug":"junto-a-la-comunidad-de-calle-larga-el-ifa-uv-celebro-el-dia-de-la-astronomia","status":"publish","type":"post","link":"https:\/\/ifa.uv.cl\/en\/junto-a-la-comunidad-de-calle-larga-el-ifa-uv-celebro-el-dia-de-la-astronomia\/","title":{"rendered":"Junto a la comunidad de Calle Larga el IFA-UV celebr\u00f3 el D\u00eda de la Astronom\u00eda"},"content":{"rendered":"\t\t<div data-elementor-type=\"wp-post\" data-elementor-id=\"20744\" class=\"elementor elementor-20744\">\n\t\t\t\t\t\t\t\t\t<section class=\"elementor-section elementor-top-section elementor-element elementor-element-7c7f122 elementor-section-boxed elementor-section-height-default elementor-section-height-default qodef-elementor-content-no\" data-id=\"7c7f122\" data-element_type=\"section\">\n\t\t\t\t\t\t<div class=\"elementor-container elementor-column-gap-default\">\n\t\t\t\t\t<div class=\"elementor-column elementor-col-100 elementor-top-column elementor-element elementor-element-aa8a5ae\" data-id=\"aa8a5ae\" data-element_type=\"column\">\n\t\t\t<div class=\"elementor-widget-wrap elementor-element-populated\">\n\t\t\t\t\t\t\t\t<div class=\"elementor-element elementor-element-d3cf318 elementor-widget elementor-widget-text-editor\" data-id=\"d3cf318\" data-element_type=\"widget\" data-widget_type=\"text-editor.default\">\n\t\t\t\t<div class=\"elementor-widget-container\">\n\t\t\t<style>\/*! elementor - v3.6.7 - 03-07-2022 *\/\n.elementor-widget-text-editor.elementor-drop-cap-view-stacked .elementor-drop-cap{background-color:#818a91;color:#fff}.elementor-widget-text-editor.elementor-drop-cap-view-framed .elementor-drop-cap{color:#818a91;border:3px solid;background-color:transparent}.elementor-widget-text-editor:not(.elementor-drop-cap-view-default) .elementor-drop-cap{margin-top:8px}.elementor-widget-text-editor:not(.elementor-drop-cap-view-default) .elementor-drop-cap-letter{width:1em;height:1em}.elementor-widget-text-editor .elementor-drop-cap{float:left;text-align:center;line-height:1;font-size:50px}.elementor-widget-text-editor .elementor-drop-cap-letter{display:inline-block}<\/style>\t\t\t\t<p>2 de abril de 2025<\/p><p>Con la participaci\u00f3n de una delegaci\u00f3n de estudiantes de pregrado y postgrado, junto a acad\u00e9micos del Instituto de F\u00edsica y Astronom\u00eda de la Universidad de Valpara\u00edso (IFA-UV), se celebr\u00f3 el D\u00eda de la Astronom\u00eda en la comunidad de Calle Larga, a los pies de la cordillera de Los Andes, en el antiguo sector de Pocuro. Este evento, organizado en colaboraci\u00f3n con la Municipalidad de Calle Larga y la Asociaci\u00f3n Astron\u00f3mica Aconcagua, reuni\u00f3 a la comunidad en una jornada de divulgaci\u00f3n cient\u00edfica, arte, observaciones astron\u00f3micas y arqueolog\u00eda. La actividad se llev\u00f3 a cabo el s\u00e1bado 29 de marzo, desde las 17:00 hasta las 22:00 horas, en las dependencias del Centro Cultural Pedro Aguirre Cerda y sus jardines.<\/p><p>Uno de los momentos m\u00e1s esperados fue la presentaci\u00f3n de la banda de rock astrof\u00edsico &#8220;Cosmic Strings&#8221;, integrada por acad\u00e9micos de f\u00edsica y astronom\u00eda del IFA-UV. En guitarra y voz estuvo el f\u00edsico escoc\u00e9s Graeme Candlish, acompa\u00f1ado por el astrof\u00edsico alem\u00e1n Claus Tappert, quien tambi\u00e9n particip\u00f3 en guitarra y voz. Los f\u00edsicos chilenos V\u00edctor C\u00e1rdenas y Jos\u00e9 Villanueva tocaron la bater\u00eda y la guitarra\/voz, respectivamente, mientras que el astrometeor\u00f3logo Omar Cuevas complet\u00f3 la formaci\u00f3n en bajo y voz. Su espect\u00e1culo destac\u00f3 por la combinaci\u00f3n de composiciones musicales inspiradas en la f\u00edsica y el universo con la proyecci\u00f3n de im\u00e1genes astron\u00f3micas relacionadas con sus canciones.<\/p><p>El evento, de car\u00e1cter gratuito, fue organizado por el Instituto de F\u00edsica y Astronom\u00eda (IFA-UV) de la Facultad de Ciencias de la Universidad de Valpara\u00edso, en colaboraci\u00f3n con la Municipalidad de Calle Larga, el Observatorio Pocuro y la Asociaci\u00f3n Astron\u00f3mica Aconcagua. Adem\u00e1s, cont\u00f3 con el respaldo de la Agencia Nacional de Investigaci\u00f3n y Desarrollo (ANID), la Seremi de Ciencia y Tecnolog\u00eda para la Macrozona Centro y el Plan Lector del Servicio del Patrimonio.<\/p><p>El programa de actividades comenz\u00f3 a las 17:00 horas con la bienvenida a la comunidad en el Sal\u00f3n Aconcagua del Centro Cultural Pedro Aguirre Cerda, donde representantes del Observatorio Pocuro y la Municipalidad realizaron la presentaci\u00f3n oficial del D\u00eda de la Astronom\u00eda. Desde las 17:30 hasta las 19:30 horas, en el patio del museo, se llevaron a cabo exposiciones interactivas sobre astronom\u00eda y f\u00edsica, abiertas a toda la familia. A las 18:30 horas, los asistentes pudieron participar en la observaci\u00f3n solar y en una visita a los petroglifos cercanos al telescopio Bochum, en una actividad organizada por el Observatorio Pocuro y el \u00e1rea de Turismo, que combin\u00f3 astronom\u00eda y patrimonio cultural.<\/p><p>M\u00e1s tarde, a las 20:00 horas, se realiz\u00f3 una exposici\u00f3n de dibujos astron\u00f3micos elaborados por estudiantes de la comuna, con entrega de reconocimientos por parte de la municipalidad de Calle Larga. A partir de las 20:30 horas, se llev\u00f3 a cabo una observaci\u00f3n nocturna con telescopio, que incluy\u00f3 una visita al telescopio Bochum para una experiencia \u00fanica de exploraci\u00f3n del cosmos. Finalmente, a las 21:00 horas, la jornada cerr\u00f3 con el concierto de &#8220;Cosmic Strings&#8221;.<\/p><p>Este evento represent\u00f3 una oportunidad excepcional para acercarse a la ciencia a trav\u00e9s de experiencias interactivas, arte y m\u00fasica, en un ambiente familiar y comunitario. La invitaci\u00f3n estuvo abierta a todas y todos los interesados en descubrir los misterios del universo.<\/p><p><a href=\"https:\/\/www.instagram.com\/reel\/DH4Uk91PB_h\/?utm_source=ig_web_copy_link&amp;igsh=MzRlODBiNWFlZA==\">Ver video aqu\u00ed<\/a><\/p><p>\n\t\t<style type=\"text\/css\">\n\t\t\t#gallery-1 {\n\t\t\t\tmargin: auto;\n\t\t\t}\n\t\t\t#gallery-1 .gallery-item {\n\t\t\t\tfloat: left;\n\t\t\t\tmargin-top: 10px;\n\t\t\t\ttext-align: center;\n\t\t\t\twidth: 33%;\n\t\t\t}\n\t\t\t#gallery-1 img {\n\t\t\t\tborder: 2px solid #cfcfcf;\n\t\t\t}\n\t\t\t#gallery-1 .gallery-caption {\n\t\t\t\tmargin-left: 0;\n\t\t\t}\n\t\t\t\/* see gallery_shortcode() in wp-includes\/media.php *\/\n\t\t<\/style>\n\t\t<div id='gallery-1' class='gallery galleryid-20744 gallery-columns-3 gallery-size-large'><dl class='gallery-item'>\n\t\t\t<dt class='gallery-icon portrait'>\n\t\t\t\t<a href='https:\/\/ifa.uv.cl\/en\/img_a274142d9dee-1-2\/'><img loading=\"lazy\" decoding=\"async\" width=\"824\" height=\"1024\" src=\"https:\/\/ifa.uv.cl\/wp-content\/uploads\/2025\/04\/IMG_A274142D9DEE-1-824x1024.jpeg\" class=\"attachment-large size-large\" alt=\"\" aria-describedby=\"gallery-1-20803\" srcset=\"https:\/\/ifa.uv.cl\/wp-content\/uploads\/2025\/04\/IMG_A274142D9DEE-1-824x1024.jpeg 824w, https:\/\/ifa.uv.cl\/wp-content\/uploads\/2025\/04\/IMG_A274142D9DEE-1-241x300.jpeg 241w, https:\/\/ifa.uv.cl\/wp-content\/uploads\/2025\/04\/IMG_A274142D9DEE-1-768x954.jpeg 768w, https:\/\/ifa.uv.cl\/wp-content\/uploads\/2025\/04\/IMG_A274142D9DEE-1.jpeg 1170w\" sizes=\"auto, (max-width: 824px) 100vw, 824px\" \/><\/a>\n\t\t\t<\/dt>\n\t\t\t\t<dd class='wp-caption-text gallery-caption' id='gallery-1-20803'>\n\t\t\t\tActividades con los m\u00e1s peque\u00f1itos\n\t\t\t\t<\/dd><\/dl><dl class='gallery-item'>\n\t\t\t<dt class='gallery-icon portrait'>\n\t\t\t\t<a href='https:\/\/ifa.uv.cl\/en\/img_f13bd508ad66-1-2\/'><img loading=\"lazy\" decoding=\"async\" width=\"822\" height=\"1024\" src=\"https:\/\/ifa.uv.cl\/wp-content\/uploads\/2025\/04\/IMG_F13BD508AD66-1-822x1024.jpeg\" class=\"attachment-large size-large\" alt=\"\" aria-describedby=\"gallery-1-20805\" srcset=\"https:\/\/ifa.uv.cl\/wp-content\/uploads\/2025\/04\/IMG_F13BD508AD66-1-822x1024.jpeg 822w, https:\/\/ifa.uv.cl\/wp-content\/uploads\/2025\/04\/IMG_F13BD508AD66-1-241x300.jpeg 241w, https:\/\/ifa.uv.cl\/wp-content\/uploads\/2025\/04\/IMG_F13BD508AD66-1-768x957.jpeg 768w, https:\/\/ifa.uv.cl\/wp-content\/uploads\/2025\/04\/IMG_F13BD508AD66-1.jpeg 1170w\" sizes=\"auto, (max-width: 822px) 100vw, 822px\" \/><\/a>\n\t\t\t<\/dt>\n\t\t\t\t<dd class='wp-caption-text gallery-caption' id='gallery-1-20805'>\n\t\t\t\tEl exitoso taller Pinta tu planeta \n\t\t\t\t<\/dd><\/dl><dl class='gallery-item'>\n\t\t\t<dt class='gallery-icon portrait'>\n\t\t\t\t<a href='https:\/\/ifa.uv.cl\/en\/img_9495-2-2\/'><img loading=\"lazy\" decoding=\"async\" width=\"768\" height=\"1024\" src=\"https:\/\/ifa.uv.cl\/wp-content\/uploads\/2025\/04\/IMG_9495-2-768x1024.jpg\" class=\"attachment-large size-large\" alt=\"\" aria-describedby=\"gallery-1-20808\" srcset=\"https:\/\/ifa.uv.cl\/wp-content\/uploads\/2025\/04\/IMG_9495-2-768x1024.jpg 768w, https:\/\/ifa.uv.cl\/wp-content\/uploads\/2025\/04\/IMG_9495-2-225x300.jpg 225w, https:\/\/ifa.uv.cl\/wp-content\/uploads\/2025\/04\/IMG_9495-2-1152x1536.jpg 1152w, https:\/\/ifa.uv.cl\/wp-content\/uploads\/2025\/04\/IMG_9495-2-1536x2048.jpg 1536w, https:\/\/ifa.uv.cl\/wp-content\/uploads\/2025\/04\/IMG_9495-2-scaled.jpg 1920w\" sizes=\"auto, (max-width: 768px) 100vw, 768px\" \/><\/a>\n\t\t\t<\/dt>\n\t\t\t\t<dd class='wp-caption-text gallery-caption' id='gallery-1-20808'>\n\t\t\t\tGrupo de estudiantes de postgrado del IFA que asistieron como monitores en Calle Larga (de izq. a der.: Jassir \n\t\t\t\t<\/dd><\/dl><br style=\"clear: both\" \/><dl class='gallery-item'>\n\t\t\t<dt class='gallery-icon portrait'>\n\t\t\t\t<a href='https:\/\/ifa.uv.cl\/en\/img_9510-2\/'><img loading=\"lazy\" decoding=\"async\" width=\"768\" height=\"1024\" src=\"https:\/\/ifa.uv.cl\/wp-content\/uploads\/2025\/04\/IMG_9510-768x1024.jpg\" class=\"attachment-large size-large\" alt=\"\" aria-describedby=\"gallery-1-20761\" srcset=\"https:\/\/ifa.uv.cl\/wp-content\/uploads\/2025\/04\/IMG_9510-768x1024.jpg 768w, https:\/\/ifa.uv.cl\/wp-content\/uploads\/2025\/04\/IMG_9510-225x300.jpg 225w, https:\/\/ifa.uv.cl\/wp-content\/uploads\/2025\/04\/IMG_9510-1152x1536.jpg 1152w, https:\/\/ifa.uv.cl\/wp-content\/uploads\/2025\/04\/IMG_9510-1536x2048.jpg 1536w, https:\/\/ifa.uv.cl\/wp-content\/uploads\/2025\/04\/IMG_9510-scaled.jpg 1920w\" sizes=\"auto, (max-width: 768px) 100vw, 768px\" \/><\/a>\n\t\t\t<\/dt>\n\t\t\t\t<dd class='wp-caption-text gallery-caption' id='gallery-1-20761'>\n\t\t\t\tCosmic Strings, banda de rock integrada por acad\u00e9micos del IFA-UV\n\t\t\t\t<\/dd><\/dl><dl class='gallery-item'>\n\t\t\t<dt class='gallery-icon landscape'>\n\t\t\t\t<a href='https:\/\/ifa.uv.cl\/en\/whatsapp-image-2025-03-30-at-13-13-46-2\/'><img loading=\"lazy\" decoding=\"async\" width=\"1024\" height=\"768\" src=\"https:\/\/ifa.uv.cl\/wp-content\/uploads\/2025\/04\/WhatsApp-Image-2025-03-30-at-13.13.46-1024x768.jpeg\" class=\"attachment-large size-large\" alt=\"\" aria-describedby=\"gallery-1-20751\" srcset=\"https:\/\/ifa.uv.cl\/wp-content\/uploads\/2025\/04\/WhatsApp-Image-2025-03-30-at-13.13.46-1024x768.jpeg 1024w, https:\/\/ifa.uv.cl\/wp-content\/uploads\/2025\/04\/WhatsApp-Image-2025-03-30-at-13.13.46-300x225.jpeg 300w, https:\/\/ifa.uv.cl\/wp-content\/uploads\/2025\/04\/WhatsApp-Image-2025-03-30-at-13.13.46-768x576.jpeg 768w, https:\/\/ifa.uv.cl\/wp-content\/uploads\/2025\/04\/WhatsApp-Image-2025-03-30-at-13.13.46-1536x1152.jpeg 1536w, https:\/\/ifa.uv.cl\/wp-content\/uploads\/2025\/04\/WhatsApp-Image-2025-03-30-at-13.13.46.jpeg 2016w\" sizes=\"auto, (max-width: 1024px) 100vw, 1024px\" \/><\/a>\n\t\t\t<\/dt>\n\t\t\t\t<dd class='wp-caption-text gallery-caption' id='gallery-1-20751'>\n\t\t\t\tPetroglifos que fueron visitados por el p\u00fablico asistente\n\t\t\t\t<\/dd><\/dl><dl class='gallery-item'>\n\t\t\t<dt class='gallery-icon landscape'>\n\t\t\t\t<a href='https:\/\/ifa.uv.cl\/en\/img_9474-1-2\/'><img loading=\"lazy\" decoding=\"async\" width=\"1024\" height=\"768\" src=\"https:\/\/ifa.uv.cl\/wp-content\/uploads\/2025\/04\/IMG_9474-1-1024x768.jpg\" class=\"attachment-large size-large\" alt=\"\" aria-describedby=\"gallery-1-20749\" srcset=\"https:\/\/ifa.uv.cl\/wp-content\/uploads\/2025\/04\/IMG_9474-1-1024x768.jpg 1024w, https:\/\/ifa.uv.cl\/wp-content\/uploads\/2025\/04\/IMG_9474-1-300x225.jpg 300w, https:\/\/ifa.uv.cl\/wp-content\/uploads\/2025\/04\/IMG_9474-1-768x576.jpg 768w, https:\/\/ifa.uv.cl\/wp-content\/uploads\/2025\/04\/IMG_9474-1-1536x1152.jpg 1536w, https:\/\/ifa.uv.cl\/wp-content\/uploads\/2025\/04\/IMG_9474-1-2048x1536.jpg 2048w\" sizes=\"auto, (max-width: 1024px) 100vw, 1024px\" \/><\/a>\n\t\t\t<\/dt>\n\t\t\t\t<dd class='wp-caption-text gallery-caption' id='gallery-1-20749'>\n\t\t\t\tStand del Plan Lector a cargo de Isabella Sotoliccio\n\t\t\t\t<\/dd><\/dl><br style=\"clear: both\" \/>\n\t\t<\/div>\n<\/p><p>\u00a0<\/p>\t\t\t\t\t\t<\/div>\n\t\t\t\t<\/div>\n\t\t\t\t\t<\/div>\n\t\t<\/div>\n\t\t\t\t\t\t\t<\/div>\n\t\t<\/section>\n\t\t\t\t\t\t\t<\/div>\n\t\t","protected":false},"excerpt":{"rendered":"<p>Con una entretenida tarde de actividades de divulgaci\u00f3n astron\u00f3mica el IFA-UV junto a la Municipalidad de Calle Larga celebr\u00f3 D\u00eda de la Astronom\u00eda el s\u00e1bado 29 de marzo a los pies de la cordillera de Los Andes.<\/p>\n","protected":false},"author":6,"featured_media":20747,"comment_status":"closed","ping_status":"open","sticky":false,"template":"","format":"standard","meta":{"footnotes":""},"categories":[163,107],"tags":[138,138,143,143],"class_list":{"0":"post-20744","1":"post","2":"type-post","3":"status-publish","4":"format-standard","5":"has-post-thumbnail","6":"hentry","7":"category-noticias-en","8":"category-uncategorized","9":"tag-astronomia-en","11":"tag-ifa-en"},"_links":{"self":[{"href":"https:\/\/ifa.uv.cl\/en\/wp-json\/wp\/v2\/posts\/20744","targetHints":{"allow":["GET"]}}],"collection":[{"href":"https:\/\/ifa.uv.cl\/en\/wp-json\/wp\/v2\/posts"}],"about":[{"href":"https:\/\/ifa.uv.cl\/en\/wp-json\/wp\/v2\/types\/post"}],"author":[{"embeddable":true,"href":"https:\/\/ifa.uv.cl\/en\/wp-json\/wp\/v2\/users\/6"}],"replies":[{"embeddable":true,"href":"https:\/\/ifa.uv.cl\/en\/wp-json\/wp\/v2\/comments?post=20744"}],"version-history":[{"count":25,"href":"https:\/\/ifa.uv.cl\/en\/wp-json\/wp\/v2\/posts\/20744\/revisions"}],"predecessor-version":[{"id":20821,"href":"https:\/\/ifa.uv.cl\/en\/wp-json\/wp\/v2\/posts\/20744\/revisions\/20821"}],"wp:featuredmedia":[{"embeddable":true,"href":"https:\/\/ifa.uv.cl\/en\/wp-json\/wp\/v2\/media\/20747"}],"wp:attachment":[{"href":"https:\/\/ifa.uv.cl\/en\/wp-json\/wp\/v2\/media?parent=20744"}],"wp:term":[{"taxonomy":"category","embeddable":true,"href":"https:\/\/ifa.uv.cl\/en\/wp-json\/wp\/v2\/categories?post=20744"},{"taxonomy":"post_tag","embeddable":true,"href":"https:\/\/ifa.uv.cl\/en\/wp-json\/wp\/v2\/tags?post=20744"}],"curies":[{"name":"wp","href":"https:\/\/api.w.org\/{rel}","templated":true}]}}