{"id":20732,"date":"2025-04-01T10:50:34","date_gmt":"2025-04-01T13:50:34","guid":{"rendered":"https:\/\/ifa.uv.cl\/el-instituto-de-fisica-y-astronomia-de-la-universidad-de-valparaiso-inaugura-su-ciclo-de-charlas-publicas-2025-con-una-conferencia-sobre-contaminacion-luminica-y-con-nuevo-horario\/"},"modified":"2025-04-01T19:37:54","modified_gmt":"2025-04-01T22:37:54","slug":"el-instituto-de-fisica-y-astronomia-de-la-universidad-de-valparaiso-inaugura-su-ciclo-de-charlas-publicas-2025-con-una-conferencia-sobre-contaminacion-luminica-y-con-nuevo-horario","status":"publish","type":"post","link":"https:\/\/ifa.uv.cl\/en\/el-instituto-de-fisica-y-astronomia-de-la-universidad-de-valparaiso-inaugura-su-ciclo-de-charlas-publicas-2025-con-una-conferencia-sobre-contaminacion-luminica-y-con-nuevo-horario\/","title":{"rendered":"El Instituto de F\u00edsica y Astronom\u00eda de la Universidad de Valpara\u00edso inaugura su ciclo de charlas p\u00fablicas 2025 con una conferencia sobre contaminaci\u00f3n lum\u00ednica y con nuevo horario"},"content":{"rendered":"\t\t<div data-elementor-type=\"wp-post\" data-elementor-id=\"20732\" class=\"elementor elementor-20732\">\n\t\t\t\t\t\t\t\t\t<section class=\"elementor-section elementor-top-section elementor-element elementor-element-7c7f122 elementor-section-boxed elementor-section-height-default elementor-section-height-default qodef-elementor-content-no\" data-id=\"7c7f122\" data-element_type=\"section\">\n\t\t\t\t\t\t<div class=\"elementor-container elementor-column-gap-default\">\n\t\t\t\t\t<div class=\"elementor-column elementor-col-100 elementor-top-column elementor-element elementor-element-aa8a5ae\" data-id=\"aa8a5ae\" data-element_type=\"column\">\n\t\t\t<div class=\"elementor-widget-wrap elementor-element-populated\">\n\t\t\t\t\t\t\t\t<div class=\"elementor-element elementor-element-d3cf318 elementor-widget elementor-widget-text-editor\" data-id=\"d3cf318\" data-element_type=\"widget\" data-widget_type=\"text-editor.default\">\n\t\t\t\t<div class=\"elementor-widget-container\">\n\t\t\t<style>\/*! elementor - v3.6.7 - 03-07-2022 *\/\n.elementor-widget-text-editor.elementor-drop-cap-view-stacked .elementor-drop-cap{background-color:#818a91;color:#fff}.elementor-widget-text-editor.elementor-drop-cap-view-framed .elementor-drop-cap{color:#818a91;border:3px solid;background-color:transparent}.elementor-widget-text-editor:not(.elementor-drop-cap-view-default) .elementor-drop-cap{margin-top:8px}.elementor-widget-text-editor:not(.elementor-drop-cap-view-default) .elementor-drop-cap-letter{width:1em;height:1em}.elementor-widget-text-editor .elementor-drop-cap{float:left;text-align:center;line-height:1;font-size:50px}.elementor-widget-text-editor .elementor-drop-cap-letter{display:inline-block}<\/style>\t\t\t\t<p>1 abril de 2025<\/p><blockquote><p><i><span style=\"font-weight: 400;\">La charla se llevar\u00e1 a cabo en la Sala Rub\u00e9n Dar\u00edo, el lunes 14 de abril, a las 17:30 hrs. La entrada es liberada y est\u00e1 dirigida a todas las personas interesadas en la astronom\u00eda y la protecci\u00f3n del medioambiente.<\/span><\/i><\/p><\/blockquote><p><span style=\"font-weight: 400;\">El Instituto de F\u00edsica y Astronom\u00eda de la Universidad de Valpara\u00edso invita a la comunidad a participar en el inicio de su ciclo 2025 de charlas p\u00fablicas de Astronom\u00eda, un espacio de divulgaci\u00f3n cient\u00edfica abierto a todo p\u00fablico. La primera charla de este a\u00f1o, titulada <\/span><b>&#8220;Cielos oscuros: un patrimonio cient\u00edfico y cultural&#8221;<\/b><span style=\"font-weight: 400;\">, ser\u00e1 presentada por <\/span><b>Juan Pablo Valenzano, Coordinador de proyectos de la Fundaci\u00f3n Cielos de Chile<\/b><span style=\"font-weight: 400;\">.<\/span><\/p><p><span style=\"font-weight: 400;\">Chile cuenta con cielos de excepcional calidad para la observaci\u00f3n astron\u00f3mica, lo que lo ha convertido en un referente mundial en la materia. Sin embargo, el incremento de la contaminaci\u00f3n lum\u00ednica en los \u00faltimos a\u00f1os ha generado un impacto negativo en este recurso invaluable. Esta problem\u00e1tica no solo afecta la investigaci\u00f3n cient\u00edfica, sino que tambi\u00e9n tiene repercusiones en la biodiversidad y la salud de las personas.<\/span><\/p><p><span style=\"font-weight: 400;\">En esta charla, se abordar\u00e1 la importancia de la preservaci\u00f3n de los cielos oscuros y las acciones necesarias para promover una iluminaci\u00f3n sustentable. A trav\u00e9s de este espacio de conversaci\u00f3n, se busca concientizar a la comunidad sobre la relevancia de proteger este patrimonio natural y cultural, asegurando su conservaci\u00f3n para las futuras generaciones.<\/span><\/p><p><span style=\"font-weight: 400;\">En el contexto actual, este tema adquiere una relevancia especial en nuestro pa\u00eds, ya que los principales observatorios instalados en Chile, ubicados en Cerro Paranal y Armazones, enfrentan una seria amenaza a la calidad de sus cielos oscuros, poniendo en riesgo las condiciones \u00f3ptimas para la observaci\u00f3n astron\u00f3mica.\u00a0\u00a0<\/span><\/p><p><span style=\"font-weight: 400;\">Ante esta situaci\u00f3n, la comunidad astron\u00f3mica y, en particular, nuestra universidad han llevado a cabo diversas acciones para visibilizar y apoyar la protecci\u00f3n de este sitio clave para la ciencia ante el megaproyecto INNA, impulsado por AES Andes que pretende instalar una planta de hidr\u00f3geno y amon\u00edaco verde a pocos kil\u00f3metros del observatorio. En el marco de la celebraci\u00f3n del D\u00eda de la Astronom\u00eda, el rector de la Universidad de Valpara\u00edso, Osvaldo Corrales, hizo un en\u00e9rgico llamado a la comunidad durante su discurso inaugural, instando a \u201csumarse a las distintas campa\u00f1as que llevan adelante acad\u00e9micos, acad\u00e9micas, estudiantes y ciudadanos, para frenar un proyecto que amenaza seriamente a uno de los centros de observaci\u00f3n m\u00e1s importantes de nuestro pa\u00eds, como es el Observatorio Paranal en Antofagasta\u201d.\u00a0\u00a0<\/span><\/p><p><span style=\"font-weight: 400;\">El rector enfatiz\u00f3: \u201cTuve la oportunidad de conocer ese lugar \u00fanico en el mundo, cerca del cual el European Southern Observatory (ESO) construye adem\u00e1s el telescopio con el espejo m\u00e1s grande del planeta. Despu\u00e9s de apreciar y conocer la labor que all\u00ed se desarrolla, no puedo sino sumarme a las voces que han denunciado esta amenaza, que no solo afecta a este observatorio, sino tambi\u00e9n a los esfuerzos internacionales y nacionales en astronom\u00eda, que han posicionado a Chile como un referente mundial en la exploraci\u00f3n del universo, gracias a sus cielos privilegiados\u201d.<\/span><\/p><p><span style=\"font-weight: 400;\">Asimismo, el rector Corrales en enero pasado y, en su calidad como presidente del Consejo de Rectores y Rectoras de las Universidades Chilenas (CRUCH), reforz\u00f3 la urgencia de proteger los cielos del norte de Chile, fundamentales para la astronom\u00eda mundial advirtiendo acerca del megaproyecto INNA que pone en peligro no solo la calidad del cielo en Paranal y Cerro Armazones, sino tambi\u00e9n el liderazgo de Chile en la investigaci\u00f3n astron\u00f3mica. <\/span><a href=\"https:\/\/consejoderectores.cl\/2025\/01\/19\/declaracion-publica-cruch-advierte-riesgos-para-el-desarrollo-de-la-astronomia-en-chile-y-su-liderazgo-internacional\/\"><span style=\"font-weight: 400;\">Ver aqu\u00ed.<\/span><\/a><\/p><h3><b>Historia de la protecci\u00f3n de los cielos oscuros en Chile<\/b><\/h3><p><span style=\"font-weight: 400;\">Los primeros esfuerzos de astr\u00f3nomos profesionales en Chile por proteger los cielos nocturnos del pa\u00eds comenzaron a mediados de la d\u00e9cada de 1990 en el Observatorio Interamericano de Cerro Tololo y se concretaron con la constituci\u00f3n de la Oficina de Protecci\u00f3n de la Calidad del Cielo del Norte de Chile (OPCC) en el a\u00f1o 2000.<\/span><\/p><p><span style=\"font-weight: 400;\">En 2019, un grupo de astr\u00f3nomos y personas preocupadas por el cielo oscuro, con el apoyo del Observatorio Europeo Austral, el Observatorio Las Campanas y el Gran Telescopio de Magallanes se unieron para crear la Fundaci\u00f3n Cielos de Chile, con el fin de profundizar la articulaci\u00f3n de las comunidades, universidades y las instituciones p\u00fablicas y privadas, para frenar el avance de la contaminaci\u00f3n lum\u00ednica.<\/span><\/p>\t\t\t\t\t\t<\/div>\n\t\t\t\t<\/div>\n\t\t\t\t\t<\/div>\n\t\t<\/div>\n\t\t\t\t\t\t\t<\/div>\n\t\t<\/section>\n\t\t\t\t\t\t\t<\/div>\n\t\t","protected":false},"excerpt":{"rendered":"<p>La charla se llevar\u00e1 a cabo en la Sala Rub\u00e9n Dar\u00edo, el lunes 14 de abril, a las 17:30 hrs. La entrada es liberada y est\u00e1 dirigida a todas las personas interesadas en la astronom\u00eda y la protecci\u00f3n del medioambiente.<\/p>\n","protected":false},"author":6,"featured_media":20730,"comment_status":"closed","ping_status":"open","sticky":false,"template":"","format":"standard","meta":{"footnotes":""},"categories":[163,107],"tags":[138,143],"class_list":["post-20732","post","type-post","status-publish","format-standard","has-post-thumbnail","hentry","category-noticias-en","category-uncategorized","tag-astronomia-en","tag-ifa-en"],"_links":{"self":[{"href":"https:\/\/ifa.uv.cl\/en\/wp-json\/wp\/v2\/posts\/20732","targetHints":{"allow":["GET"]}}],"collection":[{"href":"https:\/\/ifa.uv.cl\/en\/wp-json\/wp\/v2\/posts"}],"about":[{"href":"https:\/\/ifa.uv.cl\/en\/wp-json\/wp\/v2\/types\/post"}],"author":[{"embeddable":true,"href":"https:\/\/ifa.uv.cl\/en\/wp-json\/wp\/v2\/users\/6"}],"replies":[{"embeddable":true,"href":"https:\/\/ifa.uv.cl\/en\/wp-json\/wp\/v2\/comments?post=20732"}],"version-history":[{"count":3,"href":"https:\/\/ifa.uv.cl\/en\/wp-json\/wp\/v2\/posts\/20732\/revisions"}],"predecessor-version":[{"id":20737,"href":"https:\/\/ifa.uv.cl\/en\/wp-json\/wp\/v2\/posts\/20732\/revisions\/20737"}],"wp:featuredmedia":[{"embeddable":true,"href":"https:\/\/ifa.uv.cl\/en\/wp-json\/wp\/v2\/media\/20730"}],"wp:attachment":[{"href":"https:\/\/ifa.uv.cl\/en\/wp-json\/wp\/v2\/media?parent=20732"}],"wp:term":[{"taxonomy":"category","embeddable":true,"href":"https:\/\/ifa.uv.cl\/en\/wp-json\/wp\/v2\/categories?post=20732"},{"taxonomy":"post_tag","embeddable":true,"href":"https:\/\/ifa.uv.cl\/en\/wp-json\/wp\/v2\/tags?post=20732"}],"curies":[{"name":"wp","href":"https:\/\/api.w.org\/{rel}","templated":true}]}}