{"id":20719,"date":"2025-03-31T11:14:05","date_gmt":"2025-03-31T14:14:05","guid":{"rendered":"https:\/\/ifa.uv.cl\/profesor-jose-villanueva-asume-direccion-del-instituto-de-fisica-y-astronomia-uv\/"},"modified":"2025-03-31T11:14:05","modified_gmt":"2025-03-31T14:14:05","slug":"profesor-jose-villanueva-asume-direccion-del-instituto-de-fisica-y-astronomia-uv","status":"publish","type":"post","link":"https:\/\/ifa.uv.cl\/en\/profesor-jose-villanueva-asume-direccion-del-instituto-de-fisica-y-astronomia-uv\/","title":{"rendered":"Profesor Jos\u00e9 Villanueva asume direcci\u00f3n del Instituto de F\u00edsica y Astronom\u00eda UV"},"content":{"rendered":"\t\t<div data-elementor-type=\"wp-post\" data-elementor-id=\"20719\" class=\"elementor elementor-20719\">\n\t\t\t\t\t\t\t\t\t<section class=\"elementor-section elementor-top-section elementor-element elementor-element-7c7f122 elementor-section-boxed elementor-section-height-default elementor-section-height-default qodef-elementor-content-no\" data-id=\"7c7f122\" data-element_type=\"section\">\n\t\t\t\t\t\t<div class=\"elementor-container elementor-column-gap-default\">\n\t\t\t\t\t<div class=\"elementor-column elementor-col-100 elementor-top-column elementor-element elementor-element-aa8a5ae\" data-id=\"aa8a5ae\" data-element_type=\"column\">\n\t\t\t<div class=\"elementor-widget-wrap elementor-element-populated\">\n\t\t\t\t\t\t\t\t<div class=\"elementor-element elementor-element-d3cf318 elementor-widget elementor-widget-text-editor\" data-id=\"d3cf318\" data-element_type=\"widget\" data-widget_type=\"text-editor.default\">\n\t\t\t\t<div class=\"elementor-widget-container\">\n\t\t\t<style>\/*! elementor - v3.6.7 - 03-07-2022 *\/\n.elementor-widget-text-editor.elementor-drop-cap-view-stacked .elementor-drop-cap{background-color:#818a91;color:#fff}.elementor-widget-text-editor.elementor-drop-cap-view-framed .elementor-drop-cap{color:#818a91;border:3px solid;background-color:transparent}.elementor-widget-text-editor:not(.elementor-drop-cap-view-default) .elementor-drop-cap{margin-top:8px}.elementor-widget-text-editor:not(.elementor-drop-cap-view-default) .elementor-drop-cap-letter{width:1em;height:1em}.elementor-widget-text-editor .elementor-drop-cap{float:left;text-align:center;line-height:1;font-size:50px}.elementor-widget-text-editor .elementor-drop-cap-letter{display:inline-block}<\/style>\t\t\t\t<p>26 de marzo de 2025<\/p><p>El doctor en F\u00edsica liderar\u00e1 al IFA durante el periodo 2025-2028, con el desaf\u00edo de consolidar la excelencia acad\u00e9mica y fortalecer la unificaci\u00f3n del instituto.<br \/>El Instituto de F\u00edsica y Astronom\u00eda de la Universidad de Valpara\u00edso (IFA-UV), durante el mes de marzo inici\u00f3 una nueva etapa bajo la direcci\u00f3n del doctor Jos\u00e9 Villanueva, quien asumi\u00f3 el cargo para el periodo 2025-2028. Con una destacada trayectoria en el \u00e1mbito de la cosmolog\u00eda te\u00f3rica y la gravitaci\u00f3n, el profesor Villanueva ya hab\u00eda liderado el instituto entre 2015 y 2017, experiencia que le otorga una perspectiva m\u00e1s madura y realista sobre los desaf\u00edos actuales.<\/p><p>&#8220;Ahora es distinto a la primera vez, porque como todas las primeras veces, hay harto de aprendizaje&#8221;, coment\u00f3. &#8220;Asumo este cargo con mayor madurez. Inicialmente, uno puede tener expectativas idealistas sobre lo que se puede lograr; sin embargo, al estar en la posici\u00f3n, se comprende que existen factores externos que limitan ciertas acciones. Es fundamental tener el coraje para reconocer que aunque se desee implementar ciertas iniciativas que se consideran beneficiosas, no siempre es posible debido a circunstancias fuera de nuestro control&#8221;, advirti\u00f3 el nuevo director.<\/p><p>Con el grado de doctor en F\u00edsica otorgado por la Pontificia Universidad Cat\u00f3lica de Valpara\u00edso, el profesor Villanueva se ha especializado en \u00e1reas como la inflaci\u00f3n c\u00f3smica, energ\u00eda oscura, materia oscura y pruebas de la relatividad general, contribuyendo significativamente al entendimiento de la din\u00e1mica del universo en distintas \u00e9pocas. Antes de integrarse a la Universidad de Valpara\u00edso en 2013, se desempe\u00f1\u00f3 como acad\u00e9mico en la Universidad de Tarapac\u00e1 entre 2010 y 2012.<\/p><p>En el \u00e1mbito docente, ha impartido asignaturas de pregrado que abarcan desde termodin\u00e1mica, electromagnetismo y mec\u00e1nica cl\u00e1sica hasta cosmolog\u00eda y relatividad general, demostrando un compromiso constante con la formaci\u00f3n integral de sus estudiantes.<\/p><p>Bajo su direcci\u00f3n subray\u00f3 la importancia de mantener y potenciar los logros alcanzados en gestiones anteriores, apuntando que la administraci\u00f3n saliente \u201cfue muy buena y dej\u00f3 las cosas muy bien ordenadas\u201d.<\/p><p>Entre las prioridades de su gesti\u00f3n, el doctor Villanueva destac\u00f3 la importancia de mantener la excelencia en la academia y la investigaci\u00f3n, as\u00ed como potenciar la vinculaci\u00f3n con el medio. Adem\u00e1s, subray\u00f3 la necesidad de unificar al Instituto en un \u00fanico edificio, ya que actualmente se encuentra segregado en distintas ubicaciones. A pesar de que esta dispersi\u00f3n no es \u201cuna excusa para no avanzar\u201d, el doctor Villanueva considera esencial la unificaci\u00f3n f\u00edsica del instituto en un solo edificio, para \u201cfortalecer la colaboraci\u00f3n y eficiencia del equipo\u201d.<\/p><p>El IFA-UV est\u00e1 compuesto por veinti\u00fan acad\u00e9micos, de los cuales catorce se especializan en diversas \u00e1reas de la astronom\u00eda y siete en f\u00edsica. Durante este periodo, se espera la incorporaci\u00f3n de dos nuevos cargos, uno para f\u00edsica y otro para astronom\u00eda, lo que ampliar\u00e1 el equipo a quince astr\u00f3nomos y ocho f\u00edsicos. El nuevo director relev\u00f3 la importancia de ofrecer un ambiente grato y propicio para estos nuevos colegas, asegurando su integraci\u00f3n efectiva al instituto.<\/p><p>Otro de los desaf\u00edos que el doctor Villanueva se ha propuesto es mejorar la calidad y cantidad de ingresos a los programas de pregrado y postgrado. Reconoci\u00f3 las limitaciones en la formaci\u00f3n primaria y secundaria que afectan el nivel de los estudiantes que ingresan al pregrado, pero recalc\u00f3 la responsabilidad del Instituto en preparar a los estudiantes para competir al m\u00e1s alto nivel en el \u00e1mbito acad\u00e9mico nacional.<\/p><p>Nota: Pamela Simonetti \/ Foto: Mat\u00edas Salazar<\/p><p>\u00a0<\/p>\t\t\t\t\t\t<\/div>\n\t\t\t\t<\/div>\n\t\t\t\t\t<\/div>\n\t\t<\/div>\n\t\t\t\t\t\t\t<\/div>\n\t\t<\/section>\n\t\t\t\t\t\t\t<\/div>\n\t\t","protected":false},"excerpt":{"rendered":"<p>El doctor en F\u00edsica liderar\u00e1 al IFA durante el periodo 2025-2028, con el desaf\u00edo de consolidar la excelencia acad\u00e9mica y fortalecer la unificaci\u00f3n del instituto.<\/p>\n","protected":false},"author":6,"featured_media":20717,"comment_status":"closed","ping_status":"open","sticky":false,"template":"","format":"standard","meta":{"footnotes":""},"categories":[163,107],"tags":[138,143],"class_list":["post-20719","post","type-post","status-publish","format-standard","has-post-thumbnail","hentry","category-noticias-en","category-uncategorized","tag-astronomia-en","tag-ifa-en"],"_links":{"self":[{"href":"https:\/\/ifa.uv.cl\/en\/wp-json\/wp\/v2\/posts\/20719","targetHints":{"allow":["GET"]}}],"collection":[{"href":"https:\/\/ifa.uv.cl\/en\/wp-json\/wp\/v2\/posts"}],"about":[{"href":"https:\/\/ifa.uv.cl\/en\/wp-json\/wp\/v2\/types\/post"}],"author":[{"embeddable":true,"href":"https:\/\/ifa.uv.cl\/en\/wp-json\/wp\/v2\/users\/6"}],"replies":[{"embeddable":true,"href":"https:\/\/ifa.uv.cl\/en\/wp-json\/wp\/v2\/comments?post=20719"}],"version-history":[{"count":0,"href":"https:\/\/ifa.uv.cl\/en\/wp-json\/wp\/v2\/posts\/20719\/revisions"}],"wp:featuredmedia":[{"embeddable":true,"href":"https:\/\/ifa.uv.cl\/en\/wp-json\/wp\/v2\/media\/20717"}],"wp:attachment":[{"href":"https:\/\/ifa.uv.cl\/en\/wp-json\/wp\/v2\/media?parent=20719"}],"wp:term":[{"taxonomy":"category","embeddable":true,"href":"https:\/\/ifa.uv.cl\/en\/wp-json\/wp\/v2\/categories?post=20719"},{"taxonomy":"post_tag","embeddable":true,"href":"https:\/\/ifa.uv.cl\/en\/wp-json\/wp\/v2\/tags?post=20719"}],"curies":[{"name":"wp","href":"https:\/\/api.w.org\/{rel}","templated":true}]}}