{"id":20580,"date":"2025-03-25T11:40:14","date_gmt":"2025-03-25T14:40:14","guid":{"rendered":"https:\/\/ifa.uv.cl\/junto-a-la-comunidad-de-calle-larga-el-ifa-uv-celebra-el-dia-de-la-astronomia\/"},"modified":"2025-03-25T12:03:13","modified_gmt":"2025-03-25T15:03:13","slug":"junto-a-la-comunidad-de-calle-larga-el-ifa-uv-celebra-el-dia-de-la-astronomia","status":"publish","type":"post","link":"https:\/\/ifa.uv.cl\/en\/junto-a-la-comunidad-de-calle-larga-el-ifa-uv-celebra-el-dia-de-la-astronomia\/","title":{"rendered":"Junto a la comunidad de Calle Larga el IFA-UV celebra el D\u00eda de la Astronom\u00eda"},"content":{"rendered":"\t\t<div data-elementor-type=\"wp-post\" data-elementor-id=\"20580\" class=\"elementor elementor-20580\">\n\t\t\t\t\t\t\t\t\t<section class=\"elementor-section elementor-top-section elementor-element elementor-element-7c7f122 elementor-section-boxed elementor-section-height-default elementor-section-height-default qodef-elementor-content-no\" data-id=\"7c7f122\" data-element_type=\"section\">\n\t\t\t\t\t\t<div class=\"elementor-container elementor-column-gap-default\">\n\t\t\t\t\t<div class=\"elementor-column elementor-col-100 elementor-top-column elementor-element elementor-element-aa8a5ae\" data-id=\"aa8a5ae\" data-element_type=\"column\">\n\t\t\t<div class=\"elementor-widget-wrap elementor-element-populated\">\n\t\t\t\t\t\t\t\t<div class=\"elementor-element elementor-element-d3cf318 elementor-widget elementor-widget-text-editor\" data-id=\"d3cf318\" data-element_type=\"widget\" data-widget_type=\"text-editor.default\">\n\t\t\t\t<div class=\"elementor-widget-container\">\n\t\t\t<style>\/*! elementor - v3.6.7 - 03-07-2022 *\/\n.elementor-widget-text-editor.elementor-drop-cap-view-stacked .elementor-drop-cap{background-color:#818a91;color:#fff}.elementor-widget-text-editor.elementor-drop-cap-view-framed .elementor-drop-cap{color:#818a91;border:3px solid;background-color:transparent}.elementor-widget-text-editor:not(.elementor-drop-cap-view-default) .elementor-drop-cap{margin-top:8px}.elementor-widget-text-editor:not(.elementor-drop-cap-view-default) .elementor-drop-cap-letter{width:1em;height:1em}.elementor-widget-text-editor .elementor-drop-cap{float:left;text-align:center;line-height:1;font-size:50px}.elementor-widget-text-editor .elementor-drop-cap-letter{display:inline-block}<\/style>\t\t\t\t<p>25 de marzo de 2025<\/p><p>A los pies de la cordillera de Los Andes, en el antiguo sector de Pocuro en la comuna de Calle Larga, se ubica el Telescopio Bochum del Instituto de F\u00edsica y Astronom\u00eda de la Universidad de Valpara\u00edso. All\u00ed es donde cada a\u00f1o,\u00a0 en colaboraci\u00f3n con la Municipalidad de Calle Larga y la Asociaci\u00f3n Astron\u00f3mica Aconcagua, se realiza la celebraci\u00f3n del D\u00eda de la Astronom\u00eda. Una tarde nutrida de actividades de divulgaci\u00f3n cient\u00edfica, arte, observaciones astron\u00f3micas y arqueolog\u00eda est\u00e1 programada para el s\u00e1bado 29 de marzo desde las 17 horas hasta las 22 horas en dependencias del Centro Cultural Pedro Aguirre Cerda y sus jardines.<\/p><p>La celebraci\u00f3n contar\u00e1 con la presentaci\u00f3n de la reconocida e inigualable banda de rock astrof\u00edsico, integrada por acad\u00e9micos de f\u00edsica y astronom\u00eda del IFA-UV. En guitarra y voz estar\u00e1 el f\u00edsico escoc\u00e9s Graeme Candlish, mientras que el astrof\u00edsico alem\u00e1n Claus Tappert tambi\u00e9n se desempe\u00f1ar\u00e1 en guitarra y voz. Los f\u00edsicos chilenos V\u00edctor C\u00e1rdenas y Jos\u00e9 Villanueva participar\u00e1n en bater\u00eda y guitarra\/voz, respectivamente, y el astrometeor\u00f3logo Omar Cuevas completar\u00e1 la formaci\u00f3n en bajo y voz. La genialidad de su presentaci\u00f3n se ampl\u00eda a\u00fan m\u00e1s, ya que mientras presentan sus propias composiciones musicales con temas sobre f\u00edsica y el universo proyectan\u00a0im\u00e1genes astron\u00f3micas relativas a sus canciones.\u00a0<\/p><p>Cabe recordar que el evento es totalmente gratuito y est\u00e1 organizado por el Instituto de F\u00edsica y Astronom\u00eda (IFA-UV) de la Facultad de Ciencias de la Universidad de Valpara\u00edso junto a la Municipalidad de Calle Larga, el Observatorio Pocuro y la Asociaci\u00f3n Astron\u00f3mica Aconcagua. Han colaborado en este evento, adem\u00e1s, la Agencia Nacional de Investigaci\u00f3n y Desarrollo (ANID), la Seremi de Ciencia y Tecnolog\u00eda para la Macrozona Centro y el Plan Lector del Servicio del Patrimonio.<\/p><p><strong>Programa de actividades:<\/strong><\/p><p><strong>17:00 &#8211; 17:30 hrs. | Bienvenida a la comunidad <\/strong>Lugar: Sal\u00f3n Aconcagua, CCPAC<\/p><p>Presentaci\u00f3n oficial del D\u00eda de la Astronom\u00eda a cargo de representantes del Observatorio Pocuro, la Municipalidad.<\/p><p><strong>17:30 &#8211; 19:30 hrs. | Stands permanentes del IFA <\/strong>Lugar: Patio del museo Exposiciones gratuitas e interactivas sobre astronom\u00eda y f\u00edsica para toda la familia. Entrada liberada.<\/p><p><strong>18:30 &#8211; 19:30 hrs. | Observaci\u00f3n solar y visita a los petroglifos <\/strong>A cargo de Observatorio Pocuro y Turismo. Actividad que combina la astronom\u00eda con el patrimonio cultural.<\/p><p><strong>20:00 &#8211; 20:30 hrs. | Presentaci\u00f3n de dibujos del cosmos <\/strong>Exposici\u00f3n de dibujos astron\u00f3micos realizados por estudiantes de la comuna y entrega de reconocimientos junto a la alcaldesa Dina Gonz\u00e1lez<\/p><p><strong>20:30 &#8211; 23:00 hrs. | Observaci\u00f3n nocturna por telescopio <\/strong>Incluye visita al telescopio Bochum para una experiencia \u00fanica de exploraci\u00f3n del cosmos.<\/p><p><strong>21:00 &#8211; 22:00 hrs. | Concierto de rock &#8220;Cosmic Strings&#8221; <\/strong>Presentaci\u00f3n de la banda de rock astrof\u00edsico integrada por profesores de f\u00edsica y astronom\u00eda del IFA-UV.<\/p><p>Este evento representa una oportunidad excepcional para acercarse a la ciencia a trav\u00e9s de experiencias interactivas, arte y m\u00fasica, en un ambiente familiar y comunitario. La invitaci\u00f3n est\u00e1 abierta a todas y todos los interesados en descubrir los misterios del universo.<\/p><p><img loading=\"lazy\" decoding=\"async\" class=\"alignnone wp-image-20572 size-large\" src=\"https:\/\/ifa.uv.cl\/wp-content\/uploads\/2025\/03\/dia-astronomia-calle-larga-2025-2-1-819x1024.jpg\" alt=\"\" width=\"819\" height=\"1024\" srcset=\"https:\/\/ifa.uv.cl\/wp-content\/uploads\/2025\/03\/dia-astronomia-calle-larga-2025-2-1-819x1024.jpg 819w, https:\/\/ifa.uv.cl\/wp-content\/uploads\/2025\/03\/dia-astronomia-calle-larga-2025-2-1-240x300.jpg 240w, https:\/\/ifa.uv.cl\/wp-content\/uploads\/2025\/03\/dia-astronomia-calle-larga-2025-2-1-768x960.jpg 768w, https:\/\/ifa.uv.cl\/wp-content\/uploads\/2025\/03\/dia-astronomia-calle-larga-2025-2-1.jpg 1080w\" sizes=\"auto, (max-width: 819px) 100vw, 819px\" \/><\/p>\t\t\t\t\t\t<\/div>\n\t\t\t\t<\/div>\n\t\t\t\t\t<\/div>\n\t\t<\/div>\n\t\t\t\t\t\t\t<\/div>\n\t\t<\/section>\n\t\t\t\t\t\t\t<\/div>\n\t\t","protected":false},"excerpt":{"rendered":"<p>El IFA-UV junto a la Municipalidad de Calle Larga celebrar\u00e1 D\u00eda de la Astronom\u00eda este 29 de marzo desde las 17 hasta las 22 horas con stands de divulgaci\u00f3n, arte, observaciones nocturnas, arqueolog\u00eda ligada a la astronom\u00eda y la banda de rock astrof\u00edsico &#8220;Cosmic Strings&#8221; que cerrar\u00e1n con el broche de oro al anochecer.<\/p>\n","protected":false},"author":6,"featured_media":20563,"comment_status":"closed","ping_status":"open","sticky":false,"template":"","format":"standard","meta":{"footnotes":""},"categories":[163,107],"tags":[138,138,143,143],"class_list":{"0":"post-20580","1":"post","2":"type-post","3":"status-publish","4":"format-standard","5":"has-post-thumbnail","6":"hentry","7":"category-noticias-en","8":"category-uncategorized","9":"tag-astronomia-en","11":"tag-ifa-en"},"_links":{"self":[{"href":"https:\/\/ifa.uv.cl\/en\/wp-json\/wp\/v2\/posts\/20580","targetHints":{"allow":["GET"]}}],"collection":[{"href":"https:\/\/ifa.uv.cl\/en\/wp-json\/wp\/v2\/posts"}],"about":[{"href":"https:\/\/ifa.uv.cl\/en\/wp-json\/wp\/v2\/types\/post"}],"author":[{"embeddable":true,"href":"https:\/\/ifa.uv.cl\/en\/wp-json\/wp\/v2\/users\/6"}],"replies":[{"embeddable":true,"href":"https:\/\/ifa.uv.cl\/en\/wp-json\/wp\/v2\/comments?post=20580"}],"version-history":[{"count":61,"href":"https:\/\/ifa.uv.cl\/en\/wp-json\/wp\/v2\/posts\/20580\/revisions"}],"predecessor-version":[{"id":20701,"href":"https:\/\/ifa.uv.cl\/en\/wp-json\/wp\/v2\/posts\/20580\/revisions\/20701"}],"wp:featuredmedia":[{"embeddable":true,"href":"https:\/\/ifa.uv.cl\/en\/wp-json\/wp\/v2\/media\/20563"}],"wp:attachment":[{"href":"https:\/\/ifa.uv.cl\/en\/wp-json\/wp\/v2\/media?parent=20580"}],"wp:term":[{"taxonomy":"category","embeddable":true,"href":"https:\/\/ifa.uv.cl\/en\/wp-json\/wp\/v2\/categories?post=20580"},{"taxonomy":"post_tag","embeddable":true,"href":"https:\/\/ifa.uv.cl\/en\/wp-json\/wp\/v2\/tags?post=20580"}],"curies":[{"name":"wp","href":"https:\/\/api.w.org\/{rel}","templated":true}]}}