{"id":20529,"date":"2025-03-22T12:02:31","date_gmt":"2025-03-22T15:02:31","guid":{"rendered":"https:\/\/ifa.uv.cl\/?p=20529"},"modified":"2025-03-22T12:20:43","modified_gmt":"2025-03-22T15:20:43","slug":"uv-lidera-conmemoracion-del-dia-de-la-astronomia-2025-en-el-teatro-municipal-de-vina-del-mar","status":"publish","type":"post","link":"https:\/\/ifa.uv.cl\/en\/uv-lidera-conmemoracion-del-dia-de-la-astronomia-2025-en-el-teatro-municipal-de-vina-del-mar\/","title":{"rendered":"UV lidera conmemoraci\u00f3n del D\u00eda de la Astronom\u00eda 2025 en el Teatro Municipal de Vi\u00f1a del Mar"},"content":{"rendered":"\t\t<div data-elementor-type=\"wp-post\" data-elementor-id=\"20529\" class=\"elementor elementor-20529\">\n\t\t\t\t\t\t\t\t\t<section class=\"elementor-section elementor-top-section elementor-element elementor-element-7c7f122 elementor-section-boxed elementor-section-height-default elementor-section-height-default qodef-elementor-content-no\" data-id=\"7c7f122\" data-element_type=\"section\">\n\t\t\t\t\t\t<div class=\"elementor-container elementor-column-gap-default\">\n\t\t\t\t\t<div class=\"elementor-column elementor-col-100 elementor-top-column elementor-element elementor-element-aa8a5ae\" data-id=\"aa8a5ae\" data-element_type=\"column\">\n\t\t\t<div class=\"elementor-widget-wrap elementor-element-populated\">\n\t\t\t\t\t\t\t\t<div class=\"elementor-element elementor-element-d3cf318 elementor-widget elementor-widget-text-editor\" data-id=\"d3cf318\" data-element_type=\"widget\" data-widget_type=\"text-editor.default\">\n\t\t\t\t<div class=\"elementor-widget-container\">\n\t\t\t<style>\/*! elementor - v3.6.7 - 03-07-2022 *\/\n.elementor-widget-text-editor.elementor-drop-cap-view-stacked .elementor-drop-cap{background-color:#818a91;color:#fff}.elementor-widget-text-editor.elementor-drop-cap-view-framed .elementor-drop-cap{color:#818a91;border:3px solid;background-color:transparent}.elementor-widget-text-editor:not(.elementor-drop-cap-view-default) .elementor-drop-cap{margin-top:8px}.elementor-widget-text-editor:not(.elementor-drop-cap-view-default) .elementor-drop-cap-letter{width:1em;height:1em}.elementor-widget-text-editor .elementor-drop-cap{float:left;text-align:center;line-height:1;font-size:50px}.elementor-widget-text-editor .elementor-drop-cap-letter{display:inline-block}<\/style>\t\t\t\t<p>21 de marzo de 2025<\/p><h4>Con un despliegue de actividades educativas y de divulgaci\u00f3n para la comunidad.<\/h4><p><\/p><p>El Instituto de F\u00edsica y Astronom\u00eda de la Universidad de Valpara\u00edso (IFA-UV), en alianza con el Teatro Municipal de Vi\u00f1a del Mar y con el apoyo de diversas instituciones, despleg\u00f3 una serie de actividades para conmemorar el D\u00eda de la Astronom\u00eda 2025, en el marco del equinoccio de oto\u00f1o. La jornada, que cont\u00f3 con la participaci\u00f3n de escolares, profesores y p\u00fablico general, tuvo como objetivo acercar la astronom\u00eda a la comunidad y destacar la relevancia de esta disciplina en el pa\u00eds.<\/p><p>Chile es reconocido a nivel mundial como una de las principales ventanas al universo, albergando los telescopios m\u00e1s avanzados del planeta. As\u00ed lo destac\u00f3 el doctor Eduardo Ibar, exdirector del IFA-UV, quien se\u00f1al\u00f3: &#8220;Chile es la ventana al universo. Esto ha sido reconocido por organismos internacionales que han decidido invertir en nuestro pa\u00eds para instalar telescopios y tecnolog\u00edas de \u00faltima generaci\u00f3n. Al final de la d\u00e9cada, Chile concentrar\u00e1 la mayor cantidad de observatorios astron\u00f3micos en el mundo, lo que nos posicionar\u00e1 a la vanguardia del desarrollo astron\u00f3mico a nivel global&#8221;.<\/p><p>En esa l\u00ednea, relev\u00f3 la reciente adjudicaci\u00f3n de la Asamblea General de la Uni\u00f3n Astron\u00f3mica Internacional para 2030, un hito que reafirma el liderazgo de Chile en la materia. &#8220;Esperamos que para entonces est\u00e9n operativos observatorios como el ELT y el GMT, que revolucionar\u00e1n nuestro conocimiento del universo. Celebrar la astronom\u00eda en Chile es esencial, y actividades como esta, enmarcadas en el equinoccio, permiten visibilizar nuestra enorme capacidad astron\u00f3mica&#8221;, agreg\u00f3 Ibar.<\/p><p>La astr\u00f3noma Catalina Arcos, coordinadora de Vinculaci\u00f3n con el Medio del IFA-UV, detall\u00f3 las actividades desarrolladas durante la jornada: &#8220;Hoy celebramos el D\u00eda de la Astronom\u00eda, que coincide con el equinoccio de oto\u00f1o, con un completo programa de divulgaci\u00f3n. Durante la ma\u00f1ana, realizamos stands informativos, charlas y actividades interactivas dirigidas a escolares, pero abiertas a toda la comunidad. En la tarde, lanzamos un proyecto virtual sobre los observatorios en Chile y realizamos talleres de ciencia ciudadana para docentes de ense\u00f1anza b\u00e1sica y media. Finalmente, cerramos la jornada con la obra de teatro &#8216;KeL\u00dc: Dos astr\u00f3nomas, dos \u00e9pocas, el mismo cielo&#8217;, que aborda la vida y contribuciones de Mar\u00eda Teresa Ruiz y Cecilia Payne-Gaposchkin&#8221;.<\/p><p>Asimismo, adelant\u00f3 que las actividades continuar\u00e1n con una celebraci\u00f3n especial el s\u00e1bado 29 de marzo, en conjunto con la Municipalidad de Calle Larga, en Los Andes. &#8220;Ese d\u00eda realizaremos actividades desde las 17:00 horas, enfocadas especialmente en ni\u00f1os, como Pinta tu Planeta y Crea tu Nebulosa. Cerraremos la jornada con una obra de teatro a cargo de nuestra exdoctora Elena L\u00f3pez y con la presentaci\u00f3n de la banda Cosmic Strings, conformada por acad\u00e9micos del IFA, quienes tocar\u00e1n en vivo mientras realizamos observaciones nocturnas&#8221;, explic\u00f3.<\/p><p>La doctora Arcos enfatiz\u00f3 el compromiso del IFA-UV con la divulgaci\u00f3n cient\u00edfica: &#8220;Nuestra misi\u00f3n, adem\u00e1s de la investigaci\u00f3n y la docencia en pregrado y postgrado, es acercar la astronom\u00eda a la comunidad. Queremos incentivar la curiosidad cient\u00edfica y motivar a las futuras generaciones a seguir carreras en esta disciplina&#8221;.<\/p><p>La convocatoria cont\u00f3 con la participaci\u00f3n de colegios de diversos niveles educativos y p\u00fablico en general. &#8220;Es gratificante ver el entusiasmo de los estudiantes y la comunidad por la astronom\u00eda\u201d, subray\u00f3 la astr\u00f3noma.<\/p><h4>Din\u00e1micas y juegos<\/h4><p>Laura Santacruz, coordinadora del Proyecto Ciencia e Innovaci\u00f3n 2030 UV, destac\u00f3 por su parte: &#8220;Nuestro stand presenta c\u00f3mo el proyecto Ciencia e Innovaci\u00f3n 2030 impacta en la carrera de Licenciatura en F\u00edsica. A trav\u00e9s de videos de realidad virtual, los estudiantes pueden explorar el espacio, identificar planetas, el sol y la luna, adem\u00e1s de participar en din\u00e1micas interactivas con preguntas y juegos que les permiten aprender de manera l\u00fadica. Tambi\u00e9n les entregamos algunos obsequios del proyecto&#8221;, explic\u00f3.<\/p><p>Por su parte, Yafir Salas, mag\u00edster en Astrof\u00edsica, quien estaba en los stands, relev\u00f3 que \u201cestamos haciendo preguntas a los estudiantes que visitaron nuestro stand e introduci\u00e9ndoles un poco sobre la astronom\u00eda y probar tambi\u00e9n qu\u00e9 nivel de conocimientos tienen sobre la astronom\u00eda\u201d. Mientras que Felipe Figueroa, estudiante de primer a\u00f1o del Doctorado en Astrof\u00edsica del IFA, a cargo de otro de los stands del evento, explic\u00f3 que \u201caqu\u00ed ofrecemos informaci\u00f3n sobre la Licenciatura en F\u00edsica, el pregrado y el doctorado, del cual soy exalumno. Adem\u00e1s, contamos con experimentos que representan la parte pr\u00e1ctica de la licenciatura, permitiendo a los visitantes conocer de cerca algunos de los aspectos fundamentales de la f\u00edsica y la astronom\u00eda\u201d.<\/p><h4>Acercar la ciencia<\/h4><p>Los visitantes valoraron la iniciativa y la oportunidad de acercar la astronom\u00eda a las aulas. Evelyn Mella, profesora de Ciencias del Colegio Enrique C\u00e1rdenas Rivera de Re\u00f1aca Alto, destac\u00f3 la relevancia de la actividad: &#8220;Muy buena iniciativa, que da pie para que se pueda hacer nuevamente. Adem\u00e1s, que vengan otros colegios y que m\u00e1s ni\u00f1os tengan la experiencia, ha sido muy bueno&#8221;. Por su parte, Paola Farf\u00e1n, docente del Colegio Mar Abierto, expres\u00f3: \u201cEs una buena idea, de acercar una ciencia que suele ser un poco m\u00e1s lejana para los ni\u00f1os, como es la astronom\u00eda. Adem\u00e1s que se conmemora aqu\u00ed, este d\u00eda, a trav\u00e9s de diferentes muestras&#8221;.<\/p><p>Los estudiantes tambi\u00e9n opinaron positivamente. Hugo Ruiz, del Colegio Mar Abierto, valor\u00f3 la instancia: &#8220;La experiencia me ha parecido muy interesante e impactante, ya que hay muchos ni\u00f1os de distintos colegios y distintas zonas de Vi\u00f1a y me parece, como digo, una instancia incre\u00edble para poder conocer sobre la astronom\u00eda&#8221;. Y Constanza Villar, del Colegio San Blas de Quilpu\u00e9, indic\u00f3: &#8220;Me ha parecido genial, es una muy buena idea y es muy divertido, porque as\u00ed los ni\u00f1os saben m\u00e1s de las cosas y aprenden m\u00e1s&#8221;.<\/p><p>El evento cont\u00f3 con la colaboraci\u00f3n de diversas instituciones incluyendo el Proyecto Ciencia e Innovaci\u00f3n 2030 UV, ANID, N\u00facleos Milenio MINGAL, TITANS y YEMS, Fundaci\u00f3n Cielos de Chile, Dedoscopio, Astrodi\u00e1logos, Corporaci\u00f3n Astron\u00f3mica Marga-Marga, Sociedad Astron\u00f3mica de Valpara\u00edso y Vi\u00f1a del Mar (SAVAL), Punto Lector, Servicio Nacional del Patrimonio Cultural y Fundaci\u00f3n Altura Patrimonio.<\/p><h4>Mujeres en la ciencia y protecci\u00f3n de la observaci\u00f3n<\/h4><p>El programa continu\u00f3 por la tarde en el Teatro Municipal de la Ciudad Jard\u00edn con la presentaci\u00f3n de la obra \u201cKeL\u00dc: Dos astr\u00f3nomas, dos \u00e9pocas, el mismo cielo\u201d, que aborda el descubrimiento de una enana marr\u00f3n en Atacama mediante un relato que vincula a dos astr\u00f3nomas fundamentales en la historia de la ciencia: Mar\u00eda Teresa Ruiz y Cecilia Payne-Gaposchkin. La obra, dirigida por Ana L\u00f3pez Montaner y con dramaturgia de Ximena Carrera Venegas, cont\u00f3 con las actuaciones de Blanca Lewin y Adriana Stuven. Ambientada en una noche de 1997 en el observatorio La Silla, la obra plantea un encuentro atemporal entre ambas cient\u00edficas, explorando las luces y sombras de sus trayectorias, sus decisiones y los obst\u00e1culos hist\u00f3ricos que han enfrentado las mujeres en la ciencia.<\/p><p>El rector \u00a0de la Universidad de Valpara\u00edso, Osvaldo Corrales, hizo un fuerte llamado a la comunidad en el discurso inaugural previo a la presentaci\u00f3n de la obra, invitando \u201ca sumarse a las distintas campa\u00f1as que llevan a cabo acad\u00e9micos y acad\u00e9micas, as\u00ed como estudiantes y distintas personalidades y ciudadanos, para frenar un proyecto que amenaza seriamente a uno de los m\u00e1s importantes centros de observaci\u00f3n de nuestro pa\u00eds como es el observatorio Paranal en Antofagasta\u201d.<\/p><p>Se\u00f1al\u00f3 el rector: \u201cTuve la oportunidad de conocer ese lugar \u00fanico en el mundo cerca del cual la European Sourthen Observatory (ESO) construye adem\u00e1s el observatorio con el espejo m\u00e1s grande del mundo. Despu\u00e9s de apreciar y conocer la labor que all\u00ed se desarrolla no puedo sino sumarme a las voces que han denunciado esta amenaza, que no solo afecta a este observatorio, sino que tambi\u00e9n al conjunto de esfuerzos internacionales y nacionales en torno a la astronom\u00eda, que han catapultado a nuestro pa\u00eds a un sitial de privilegio en el mundo, acogiendo, gracias a sus cielos sin iguales, los m\u00e1s relevantes espacios para la investigaci\u00f3n del universo\u201d.<\/p><p>En la oportunidad, el seremi de Ciencia, Tecnolog\u00eda, Conocimiento e Innovaci\u00f3n de la Macrozona Centro, Rodrigo Gonz\u00e1lez, recalc\u00f3 el aporte del Instituto de F\u00edsica y Astronom\u00eda de la Universidad de Valpara\u00edso como instituci\u00f3n acad\u00e9mica fundadora de esta disciplina en la regi\u00f3n as\u00ed como su activo compromiso con la divulgaci\u00f3n cient\u00edfica.<\/p><p>Al finalizar la obra, en representaci\u00f3n del Municipio de Vi\u00f1a del Mar, la administradora del Teatro Municipal, Vanessa Grondona, hizo entrega de un reconocimiento a la astr\u00f3noma Mar\u00eda Teresa Ruiz, Premio Nacional de Ciencias F\u00edsicas Exactas en 1997, invitada especialmente a la funci\u00f3n, por su contribuci\u00f3n a la ciencia y liderazgo en la divulgaci\u00f3n del conocimiento.<\/p><p>\u00a0<\/p><p>\n\t\t<style type=\"text\/css\">\n\t\t\t#gallery-1 {\n\t\t\t\tmargin: auto;\n\t\t\t}\n\t\t\t#gallery-1 .gallery-item {\n\t\t\t\tfloat: left;\n\t\t\t\tmargin-top: 10px;\n\t\t\t\ttext-align: center;\n\t\t\t\twidth: 50%;\n\t\t\t}\n\t\t\t#gallery-1 img {\n\t\t\t\tborder: 2px solid #cfcfcf;\n\t\t\t}\n\t\t\t#gallery-1 .gallery-caption {\n\t\t\t\tmargin-left: 0;\n\t\t\t}\n\t\t\t\/* see gallery_shortcode() in wp-includes\/media.php *\/\n\t\t<\/style>\n\t\t<div id='gallery-1' class='gallery galleryid-20529 gallery-columns-2 gallery-size-medium'><dl class='gallery-item'>\n\t\t\t<dt class='gallery-icon landscape'>\n\t\t\t\t<a href='https:\/\/ifa.uv.cl\/en\/whatsapp-image-2025-03-20-at-19-03-58-2\/'><img loading=\"lazy\" decoding=\"async\" width=\"300\" height=\"225\" src=\"https:\/\/ifa.uv.cl\/wp-content\/uploads\/2025\/03\/WhatsApp-Image-2025-03-20-at-19.03.58-300x225.jpeg\" class=\"attachment-medium size-medium\" alt=\"\" srcset=\"https:\/\/ifa.uv.cl\/wp-content\/uploads\/2025\/03\/WhatsApp-Image-2025-03-20-at-19.03.58-300x225.jpeg 300w, https:\/\/ifa.uv.cl\/wp-content\/uploads\/2025\/03\/WhatsApp-Image-2025-03-20-at-19.03.58-1024x768.jpeg 1024w, https:\/\/ifa.uv.cl\/wp-content\/uploads\/2025\/03\/WhatsApp-Image-2025-03-20-at-19.03.58-768x576.jpeg 768w, https:\/\/ifa.uv.cl\/wp-content\/uploads\/2025\/03\/WhatsApp-Image-2025-03-20-at-19.03.58-1536x1152.jpeg 1536w, https:\/\/ifa.uv.cl\/wp-content\/uploads\/2025\/03\/WhatsApp-Image-2025-03-20-at-19.03.58-2048x1536.jpeg 2048w\" sizes=\"auto, (max-width: 300px) 100vw, 300px\" \/><\/a>\n\t\t\t<\/dt><\/dl><dl class='gallery-item'>\n\t\t\t<dt class='gallery-icon landscape'>\n\t\t\t\t<a href='https:\/\/ifa.uv.cl\/en\/diaastronomia2025-2\/'><img loading=\"lazy\" decoding=\"async\" width=\"300\" height=\"200\" src=\"https:\/\/ifa.uv.cl\/wp-content\/uploads\/2025\/03\/diaastronomia2025-300x200.jpg\" class=\"attachment-medium size-medium\" alt=\"\" srcset=\"https:\/\/ifa.uv.cl\/wp-content\/uploads\/2025\/03\/diaastronomia2025-300x200.jpg 300w, https:\/\/ifa.uv.cl\/wp-content\/uploads\/2025\/03\/diaastronomia2025-1024x683.jpg 1024w, https:\/\/ifa.uv.cl\/wp-content\/uploads\/2025\/03\/diaastronomia2025-768x512.jpg 768w, https:\/\/ifa.uv.cl\/wp-content\/uploads\/2025\/03\/diaastronomia2025-1536x1024.jpg 1536w, https:\/\/ifa.uv.cl\/wp-content\/uploads\/2025\/03\/diaastronomia2025-2048x1365.jpg 2048w\" sizes=\"auto, (max-width: 300px) 100vw, 300px\" \/><\/a>\n\t\t\t<\/dt><\/dl><br style=\"clear: both\" \/><dl class='gallery-item'>\n\t\t\t<dt class='gallery-icon landscape'>\n\t\t\t\t<a href='https:\/\/ifa.uv.cl\/en\/astronomia-6-de-8-2\/'><img loading=\"lazy\" decoding=\"async\" width=\"300\" height=\"200\" src=\"https:\/\/ifa.uv.cl\/wp-content\/uploads\/2025\/03\/astronomia-6-de-8-300x200.jpg\" class=\"attachment-medium size-medium\" alt=\"\" srcset=\"https:\/\/ifa.uv.cl\/wp-content\/uploads\/2025\/03\/astronomia-6-de-8-300x200.jpg 300w, https:\/\/ifa.uv.cl\/wp-content\/uploads\/2025\/03\/astronomia-6-de-8-1024x683.jpg 1024w, https:\/\/ifa.uv.cl\/wp-content\/uploads\/2025\/03\/astronomia-6-de-8-768x512.jpg 768w, https:\/\/ifa.uv.cl\/wp-content\/uploads\/2025\/03\/astronomia-6-de-8-1536x1024.jpg 1536w, https:\/\/ifa.uv.cl\/wp-content\/uploads\/2025\/03\/astronomia-6-de-8-2048x1365.jpg 2048w\" sizes=\"auto, (max-width: 300px) 100vw, 300px\" \/><\/a>\n\t\t\t<\/dt><\/dl><dl class='gallery-item'>\n\t\t\t<dt class='gallery-icon landscape'>\n\t\t\t\t<a href='https:\/\/ifa.uv.cl\/en\/14-astronomia-19-2\/'><img loading=\"lazy\" decoding=\"async\" width=\"300\" height=\"200\" src=\"https:\/\/ifa.uv.cl\/wp-content\/uploads\/2025\/03\/14-Astronomia-19-300x200.jpg\" class=\"attachment-medium size-medium\" alt=\"\" srcset=\"https:\/\/ifa.uv.cl\/wp-content\/uploads\/2025\/03\/14-Astronomia-19-300x200.jpg 300w, https:\/\/ifa.uv.cl\/wp-content\/uploads\/2025\/03\/14-Astronomia-19-1024x683.jpg 1024w, https:\/\/ifa.uv.cl\/wp-content\/uploads\/2025\/03\/14-Astronomia-19-768x512.jpg 768w, https:\/\/ifa.uv.cl\/wp-content\/uploads\/2025\/03\/14-Astronomia-19-1536x1024.jpg 1536w, https:\/\/ifa.uv.cl\/wp-content\/uploads\/2025\/03\/14-Astronomia-19.jpg 1920w\" sizes=\"auto, (max-width: 300px) 100vw, 300px\" \/><\/a>\n\t\t\t<\/dt><\/dl><br style=\"clear: both\" \/><dl class='gallery-item'>\n\t\t\t<dt class='gallery-icon landscape'>\n\t\t\t\t<a href='https:\/\/ifa.uv.cl\/en\/11-astronomia-17-2\/'><img loading=\"lazy\" decoding=\"async\" width=\"300\" height=\"200\" src=\"https:\/\/ifa.uv.cl\/wp-content\/uploads\/2025\/03\/11-Astronomia-17-300x200.jpg\" class=\"attachment-medium size-medium\" alt=\"\" srcset=\"https:\/\/ifa.uv.cl\/wp-content\/uploads\/2025\/03\/11-Astronomia-17-300x200.jpg 300w, https:\/\/ifa.uv.cl\/wp-content\/uploads\/2025\/03\/11-Astronomia-17-1024x683.jpg 1024w, https:\/\/ifa.uv.cl\/wp-content\/uploads\/2025\/03\/11-Astronomia-17-768x512.jpg 768w, https:\/\/ifa.uv.cl\/wp-content\/uploads\/2025\/03\/11-Astronomia-17-1536x1024.jpg 1536w, https:\/\/ifa.uv.cl\/wp-content\/uploads\/2025\/03\/11-Astronomia-17.jpg 1920w\" sizes=\"auto, (max-width: 300px) 100vw, 300px\" \/><\/a>\n\t\t\t<\/dt><\/dl><dl class='gallery-item'>\n\t\t\t<dt class='gallery-icon landscape'>\n\t\t\t\t<a href='https:\/\/ifa.uv.cl\/en\/07-astronomia-13-2\/'><img loading=\"lazy\" decoding=\"async\" width=\"300\" height=\"201\" src=\"https:\/\/ifa.uv.cl\/wp-content\/uploads\/2025\/03\/07-Astronomia-13-300x201.jpg\" class=\"attachment-medium size-medium\" alt=\"\" srcset=\"https:\/\/ifa.uv.cl\/wp-content\/uploads\/2025\/03\/07-Astronomia-13-300x201.jpg 300w, https:\/\/ifa.uv.cl\/wp-content\/uploads\/2025\/03\/07-Astronomia-13-1024x686.jpg 1024w, https:\/\/ifa.uv.cl\/wp-content\/uploads\/2025\/03\/07-Astronomia-13-768x514.jpg 768w, https:\/\/ifa.uv.cl\/wp-content\/uploads\/2025\/03\/07-Astronomia-13-1536x1029.jpg 1536w, https:\/\/ifa.uv.cl\/wp-content\/uploads\/2025\/03\/07-Astronomia-13.jpg 1920w\" sizes=\"auto, (max-width: 300px) 100vw, 300px\" \/><\/a>\n\t\t\t<\/dt><\/dl><br style=\"clear: both\" \/><dl class='gallery-item'>\n\t\t\t<dt class='gallery-icon landscape'>\n\t\t\t\t<a href='https:\/\/ifa.uv.cl\/en\/05-astronomia-10-2\/'><img loading=\"lazy\" decoding=\"async\" width=\"300\" height=\"211\" src=\"https:\/\/ifa.uv.cl\/wp-content\/uploads\/2025\/03\/05-Astronomia-10-300x211.jpg\" class=\"attachment-medium size-medium\" alt=\"\" srcset=\"https:\/\/ifa.uv.cl\/wp-content\/uploads\/2025\/03\/05-Astronomia-10-300x211.jpg 300w, https:\/\/ifa.uv.cl\/wp-content\/uploads\/2025\/03\/05-Astronomia-10-1024x722.jpg 1024w, https:\/\/ifa.uv.cl\/wp-content\/uploads\/2025\/03\/05-Astronomia-10-768x541.jpg 768w, https:\/\/ifa.uv.cl\/wp-content\/uploads\/2025\/03\/05-Astronomia-10-1536x1082.jpg 1536w, https:\/\/ifa.uv.cl\/wp-content\/uploads\/2025\/03\/05-Astronomia-10.jpg 1920w\" sizes=\"auto, (max-width: 300px) 100vw, 300px\" \/><\/a>\n\t\t\t<\/dt><\/dl>\n\t\t\t<br style='clear: both' \/>\n\t\t<\/div>\n<\/p><p><em><strong>Nota: Pamela Simonetti \/ Fotos: Denis Isla y Mat\u00edas Salazar \/ Video: Felipe Olgu\u00edn<\/strong><\/em><\/p>\t\t\t\t\t\t<\/div>\n\t\t\t\t<\/div>\n\t\t\t\t\t<\/div>\n\t\t<\/div>\n\t\t\t\t\t\t\t<\/div>\n\t\t<\/section>\n\t\t\t\t\t\t\t<\/div>\n\t\t","protected":false},"excerpt":{"rendered":"<p>El Instituto de F\u00edsica y Astronom\u00eda de la Universidad de Valpara\u00edso (IFA-UV), en alianza con el Teatro Municipal de Vi\u00f1a del Mar y con el apoyo de diversas instituciones, despleg\u00f3 una serie de actividades para conmemorar el D\u00eda de la Astronom\u00eda 2025, en el marco del equinoccio de oto\u00f1o. La jornada, que cont\u00f3 con la participaci\u00f3n de escolares, profesores y p\u00fablico general, tuvo como objetivo acercar la astronom\u00eda a la comunidad y destacar la relevancia de esta disciplina en el pa\u00eds.<\/p>\n","protected":false},"author":6,"featured_media":20528,"comment_status":"closed","ping_status":"open","sticky":false,"template":"","format":"standard","meta":{"footnotes":""},"categories":[163,107],"tags":[138,138,143,143],"class_list":{"0":"post-20529","1":"post","2":"type-post","3":"status-publish","4":"format-standard","5":"has-post-thumbnail","6":"hentry","7":"category-noticias-en","8":"category-uncategorized","9":"tag-astronomia-en","11":"tag-ifa-en"},"_links":{"self":[{"href":"https:\/\/ifa.uv.cl\/en\/wp-json\/wp\/v2\/posts\/20529","targetHints":{"allow":["GET"]}}],"collection":[{"href":"https:\/\/ifa.uv.cl\/en\/wp-json\/wp\/v2\/posts"}],"about":[{"href":"https:\/\/ifa.uv.cl\/en\/wp-json\/wp\/v2\/types\/post"}],"author":[{"embeddable":true,"href":"https:\/\/ifa.uv.cl\/en\/wp-json\/wp\/v2\/users\/6"}],"replies":[{"embeddable":true,"href":"https:\/\/ifa.uv.cl\/en\/wp-json\/wp\/v2\/comments?post=20529"}],"version-history":[{"count":7,"href":"https:\/\/ifa.uv.cl\/en\/wp-json\/wp\/v2\/posts\/20529\/revisions"}],"predecessor-version":[{"id":20559,"href":"https:\/\/ifa.uv.cl\/en\/wp-json\/wp\/v2\/posts\/20529\/revisions\/20559"}],"wp:featuredmedia":[{"embeddable":true,"href":"https:\/\/ifa.uv.cl\/en\/wp-json\/wp\/v2\/media\/20528"}],"wp:attachment":[{"href":"https:\/\/ifa.uv.cl\/en\/wp-json\/wp\/v2\/media?parent=20529"}],"wp:term":[{"taxonomy":"category","embeddable":true,"href":"https:\/\/ifa.uv.cl\/en\/wp-json\/wp\/v2\/categories?post=20529"},{"taxonomy":"post_tag","embeddable":true,"href":"https:\/\/ifa.uv.cl\/en\/wp-json\/wp\/v2\/tags?post=20529"}],"curies":[{"name":"wp","href":"https:\/\/api.w.org\/{rel}","templated":true}]}}