{"id":20375,"date":"2025-03-12T18:15:25","date_gmt":"2025-03-12T21:15:25","guid":{"rendered":"https:\/\/ifa.uv.cl\/?p=20375"},"modified":"2025-03-17T15:28:32","modified_gmt":"2025-03-17T18:28:32","slug":"ifa-uv-celebra-el-dia-de-la-astronomia-2025-en-el-teatro-municipal-de-vina-del-mar","status":"publish","type":"post","link":"https:\/\/ifa.uv.cl\/en\/ifa-uv-celebra-el-dia-de-la-astronomia-2025-en-el-teatro-municipal-de-vina-del-mar\/","title":{"rendered":"Universidad de Valpara\u00edso y Teatro Municipal de Vi\u00f1a del Mar se unen para celebrar el D\u00eda de la Astronom\u00eda 2025"},"content":{"rendered":"\t\t<div data-elementor-type=\"wp-post\" data-elementor-id=\"20375\" class=\"elementor elementor-20375\">\n\t\t\t\t\t\t\t\t\t<section class=\"elementor-section elementor-top-section elementor-element elementor-element-7c7f122 elementor-section-boxed elementor-section-height-default elementor-section-height-default qodef-elementor-content-no\" data-id=\"7c7f122\" data-element_type=\"section\">\n\t\t\t\t\t\t<div class=\"elementor-container elementor-column-gap-default\">\n\t\t\t\t\t<div class=\"elementor-column elementor-col-100 elementor-top-column elementor-element elementor-element-aa8a5ae\" data-id=\"aa8a5ae\" data-element_type=\"column\">\n\t\t\t<div class=\"elementor-widget-wrap elementor-element-populated\">\n\t\t\t\t\t\t\t\t<div class=\"elementor-element elementor-element-d3cf318 elementor-widget elementor-widget-text-editor\" data-id=\"d3cf318\" data-element_type=\"widget\" data-widget_type=\"text-editor.default\">\n\t\t\t\t<div class=\"elementor-widget-container\">\n\t\t\t<style>\/*! elementor - v3.6.7 - 03-07-2022 *\/\n.elementor-widget-text-editor.elementor-drop-cap-view-stacked .elementor-drop-cap{background-color:#818a91;color:#fff}.elementor-widget-text-editor.elementor-drop-cap-view-framed .elementor-drop-cap{color:#818a91;border:3px solid;background-color:transparent}.elementor-widget-text-editor:not(.elementor-drop-cap-view-default) .elementor-drop-cap{margin-top:8px}.elementor-widget-text-editor:not(.elementor-drop-cap-view-default) .elementor-drop-cap-letter{width:1em;height:1em}.elementor-widget-text-editor .elementor-drop-cap{float:left;text-align:center;line-height:1;font-size:50px}.elementor-widget-text-editor .elementor-drop-cap-letter{display:inline-block}<\/style>\t\t\t\t<p>12 de marzo de 2025<\/p><p><b>Universidad de Valpara\u00edso y Teatro Municipal de Vi\u00f1a del Mar se unen para celebrar el D\u00eda de la Astronom\u00eda 2025<\/b><\/p><p><span style=\"font-weight: 400;\">Cada equinoccio de oto\u00f1o marca una transici\u00f3n en el hemisferio sur: despedimos el verano y damos la bienvenida a una estaci\u00f3n donde las temperaturas comienzan a descender y los d\u00edas se acortan. En este contexto, Chile celebra el D\u00eda de la Astronom\u00eda.<\/span><\/p><p><span style=\"font-weight: 400;\">\u00c9ste fue instaurado el 21 de marzo de 2014 gracias a un acuerdo entre CONICYT, la Fundaci\u00f3n Planetario de la Universidad de Santiago de Chile y la Sociedad Chilena de Astronom\u00eda (SOCHIAS). Desde entonces, esta fecha ha servido como un puente entre la ciencia y la sociedad, permitiendo la divulgaci\u00f3n y el acceso a la astronom\u00eda en diversas regiones del pa\u00eds.<\/span><\/p><p><span style=\"font-weight: 400;\">Para conmemorar esta jornada, el Instituto de F\u00edsica y Astronom\u00eda de la Universidad de Valpara\u00edso (UV), en alianza con el Teatro Municipal de Vi\u00f1a del Mar, ha organizado una serie de actividades de divulgaci\u00f3n y formaci\u00f3n en colaboraci\u00f3n con diversas instituciones acad\u00e9micas, territoriales y educativas. Entre ellas se encuentran la *Facultad de Ciencias UV, Ciencia 2030, ANID, los N\u00facleos Milenio MINGAL, TITANS y YEMS, la Fundaci\u00f3n Cielos de Chile, Dedoscopio (Astronom\u00eda Inclusiva), Astrodi\u00e1logos, la Corporaci\u00f3n Astron\u00f3mica Marga-Marga, la Sociedad Astron\u00f3mica de Valpara\u00edso y Vi\u00f1a del Mar (SAVAL), Punto Lector, el Servicio Nacional del Patrimonio Cultural y la Fundaci\u00f3n Altura Patrimonio.<\/span><\/p><p><span style=\"font-weight: 400;\">Las actividades comenzar\u00e1n con la participaci\u00f3n de diversos establecimientos educacionales de la V regi\u00f3n, cuyos estudiantes podr\u00e1n disfrutar de stands interactivos, demostraciones astron\u00f3micas y observaci\u00f3n del sol con telescopios.<\/span><\/p><p><strong><a href=\"https:\/\/docs.google.com\/forms\/d\/e\/1FAIpQLSdgAi_RPnNHuHR0U0JEBZKf9WW-Xc4j3ZlPZznFJdPOeEoewA\/viewform\">LINK INSCRIPCI\u00d3N COLEGIOS AQU\u00cd<\/a><\/strong><\/p><p>\u00a0<\/p><p><span style=\"font-weight: 400;\">Posteriormente, el IFA en conjunto con la Fundaci\u00f3n Altura Patrimonio realizar\u00e1 el lanzamiento del proyecto \u201cBajo el Cielo de Chile\u201d, una plataforma web que recopila la historia de los observatorios astron\u00f3micos en Chile desde la \u00e9poca incaica hasta el siglo XIX. La presentaci\u00f3n contar\u00e1 con la participaci\u00f3n del Dr. Eduardo Ibar (IFA-UV), director del proyecto, y Daniela Bustamante, arquitecta y presidenta de la Fundaci\u00f3n Altura Patrimonio.\u00a0 Estel proyecto sistematiza y profundiza el conocimiento sobre el patrimonio astron\u00f3mico nacional en la plataforma patrimonioastronomico.cl en donde se ofrece un recorrido por sitios representativos de este legado, destacando su excepcional v\u00ednculo con la cultura y la naturaleza, adem\u00e1s de generar conciencia sobre la importancia de su cuidado.<\/span><\/p><p><span style=\"font-weight: 400;\">Asimismo, a las 16:30 hrs se llevar\u00e1 a cabo un Taller de Ciencia Ciudadana dirigido a docentes de educaci\u00f3n b\u00e1sica y media, en el que\u00a0 destacados astr\u00f3nomos compartir\u00e1n sus investigaciones en proyectos como Galaxy Zoo (Dra. Yara Jaff\u00e9, N\u00facleo Milenio MINGAL), medici\u00f3n de la curvatura de la Tierra (Dr. Rodrigo Herrera-Camus, N\u00facleo Milenio MINGAL) y medici\u00f3n del vapor de agua (Dr. Neil Nagar, N\u00facleo Milenio TITANS).<\/span><\/p><p><strong>Funci\u00f3n gratuita para todo p\u00fablico &#8220;KeL\u00dc: Dos astr\u00f3nomas, dos \u00e9pocas, el mismo cielo&#8221;<\/strong><\/p><p>Para cerrar esta jornada, se presentar\u00e1 la obra de teatro KeL\u00dc: Dos astr\u00f3nomas, dos \u00e9pocas, el mismo cielo, un montaje que aborda el descubrimiento de una enana marr\u00f3n en Atacama a trav\u00e9s de un relato que vincula a dos astr\u00f3nomas fundamentales en la historia de la ciencia: Mar\u00eda Teresa Ruiz y Cecilia Payne-Gaposchkin. A pesar de pertenecer a contextos hist\u00f3ricos y nacionales distintos, ambas son presentadas bajo un mismo cielo, unidas por su pasi\u00f3n por la astronom\u00eda. <br \/>Dirigida por Ana L\u00f3pez Montaner y con dramaturgia de Ximena Carrera Venegas, la obra cuenta con las actuaciones principales de Blanca Lewin y Adriana Stuven. La historia se sit\u00faa en una noche de 1997 en el observatorio La Silla, donde se plantea un encuentro atemporal entre las cient\u00edficas. A trav\u00e9s de un di\u00e1logo que desaf\u00eda la linealidad del tiempo, la obra explora las luces y sombras de sus trayectorias, sus decisiones y los obst\u00e1culos hist\u00f3ricos que han enfrentado las mujeres en la ciencia.<\/p><p>Kel\u00fc se presenta como una experiencia que fusiona el teatro y la divulgaci\u00f3n cient\u00edfica, logrando inspirar a la audiencia tanto en el \u00e1mbito astron\u00f3mico como en el terreno dram\u00e1tico.<\/p><p><strong><a href=\"https:\/\/docs.google.com\/forms\/d\/1pREr9aqMF8xr-FGP8nR-WbyWz1s2JDcklGoXgCSFh78\/viewform?ts=67d2d864&amp;edit_requested=true\">LINK INSCRIPCI\u00d3N AQU\u00cd<\/a><\/strong><\/p>\t\t\t\t\t\t<\/div>\n\t\t\t\t<\/div>\n\t\t\t\t\t<\/div>\n\t\t<\/div>\n\t\t\t\t\t\t\t<\/div>\n\t\t<\/section>\n\t\t\t\t\t\t\t<\/div>\n\t\t","protected":false},"excerpt":{"rendered":"<p>El Instituto de F\u00edsica y Astronom\u00eda de la Universidad de Valpara\u00edso, en alianza con el Teatro Municipal de Vi\u00f1a del Mar, invita a la comunidad a participar en el &#8220;D\u00eda de la Astronom\u00eda 2025&#8221;, una jornada de actividades educativas, art\u00edsticas y cient\u00edficas que se llevar\u00e1 a cabo el 20 de marzo desde las 10:00 hrs. en el Teatro Municipal de Vi\u00f1a del Mar (Plaza Vergara S\/N, Vi\u00f1a del Mar).<\/p>\n","protected":false},"author":6,"featured_media":20373,"comment_status":"closed","ping_status":"open","sticky":false,"template":"","format":"standard","meta":{"footnotes":""},"categories":[163,107],"tags":[138,138,143,143],"class_list":{"0":"post-20375","1":"post","2":"type-post","3":"status-publish","4":"format-standard","5":"has-post-thumbnail","6":"hentry","7":"category-noticias-en","8":"category-uncategorized","9":"tag-astronomia-en","11":"tag-ifa-en"},"_links":{"self":[{"href":"https:\/\/ifa.uv.cl\/en\/wp-json\/wp\/v2\/posts\/20375","targetHints":{"allow":["GET"]}}],"collection":[{"href":"https:\/\/ifa.uv.cl\/en\/wp-json\/wp\/v2\/posts"}],"about":[{"href":"https:\/\/ifa.uv.cl\/en\/wp-json\/wp\/v2\/types\/post"}],"author":[{"embeddable":true,"href":"https:\/\/ifa.uv.cl\/en\/wp-json\/wp\/v2\/users\/6"}],"replies":[{"embeddable":true,"href":"https:\/\/ifa.uv.cl\/en\/wp-json\/wp\/v2\/comments?post=20375"}],"version-history":[{"count":44,"href":"https:\/\/ifa.uv.cl\/en\/wp-json\/wp\/v2\/posts\/20375\/revisions"}],"predecessor-version":[{"id":20509,"href":"https:\/\/ifa.uv.cl\/en\/wp-json\/wp\/v2\/posts\/20375\/revisions\/20509"}],"wp:featuredmedia":[{"embeddable":true,"href":"https:\/\/ifa.uv.cl\/en\/wp-json\/wp\/v2\/media\/20373"}],"wp:attachment":[{"href":"https:\/\/ifa.uv.cl\/en\/wp-json\/wp\/v2\/media?parent=20375"}],"wp:term":[{"taxonomy":"category","embeddable":true,"href":"https:\/\/ifa.uv.cl\/en\/wp-json\/wp\/v2\/categories?post=20375"},{"taxonomy":"post_tag","embeddable":true,"href":"https:\/\/ifa.uv.cl\/en\/wp-json\/wp\/v2\/tags?post=20375"}],"curies":[{"name":"wp","href":"https:\/\/api.w.org\/{rel}","templated":true}]}}