{"id":20296,"date":"2025-01-13T13:38:15","date_gmt":"2025-01-13T16:38:15","guid":{"rendered":"https:\/\/ifa.uv.cl\/?p=20296"},"modified":"2025-01-13T13:38:31","modified_gmt":"2025-01-13T16:38:31","slug":"astronomo-de-la-uv-descubre-los-primeros-estallidos-de-estrellas-bebes-recien-nacidas-en-nuestra-via-lactea","status":"publish","type":"post","link":"https:\/\/ifa.uv.cl\/en\/astronomo-de-la-uv-descubre-los-primeros-estallidos-de-estrellas-bebes-recien-nacidas-en-nuestra-via-lactea\/","title":{"rendered":"Astr\u00f3nomo de la UV descubre los primeros estallidos de estrellas beb\u00e9s reci\u00e9n nacidas en nuestra V\u00eda L\u00e1ctea"},"content":{"rendered":"\t\t<div data-elementor-type=\"wp-post\" data-elementor-id=\"20296\" class=\"elementor elementor-20296\">\n\t\t\t\t\t\t\t\t\t<section class=\"elementor-section elementor-top-section elementor-element elementor-element-7c7f122 elementor-section-boxed elementor-section-height-default elementor-section-height-default qodef-elementor-content-no\" data-id=\"7c7f122\" data-element_type=\"section\">\n\t\t\t\t\t\t<div class=\"elementor-container elementor-column-gap-default\">\n\t\t\t\t\t<div class=\"elementor-column elementor-col-100 elementor-top-column elementor-element elementor-element-aa8a5ae\" data-id=\"aa8a5ae\" data-element_type=\"column\">\n\t\t\t<div class=\"elementor-widget-wrap elementor-element-populated\">\n\t\t\t\t\t\t\t\t<div class=\"elementor-element elementor-element-d3cf318 elementor-widget elementor-widget-text-editor\" data-id=\"d3cf318\" data-element_type=\"widget\" data-widget_type=\"text-editor.default\">\n\t\t\t\t<div class=\"elementor-widget-container\">\n\t\t\t<style>\/*! elementor - v3.6.7 - 03-07-2022 *\/\n.elementor-widget-text-editor.elementor-drop-cap-view-stacked .elementor-drop-cap{background-color:#818a91;color:#fff}.elementor-widget-text-editor.elementor-drop-cap-view-framed .elementor-drop-cap{color:#818a91;border:3px solid;background-color:transparent}.elementor-widget-text-editor:not(.elementor-drop-cap-view-default) .elementor-drop-cap{margin-top:8px}.elementor-widget-text-editor:not(.elementor-drop-cap-view-default) .elementor-drop-cap-letter{width:1em;height:1em}.elementor-widget-text-editor .elementor-drop-cap{float:left;text-align:center;line-height:1;font-size:50px}.elementor-widget-text-editor .elementor-drop-cap-letter{display:inline-block}<\/style>\t\t\t\t<p>13 de enero de 2025<\/p><p>\u00a0<\/p><p>En el \u00faltimo siglo, los astr\u00f3nomos descubrieron que las estrellas nacen a partir de nubes oscuras en la galaxia. Sin embargo, todav\u00eda existen muchas dudas sobre el nacimiento y crecimiento de las estrellas. Una pregunta en particular es c\u00f3mo las estrellas j\u00f3venes adquieren su masa en las etapas m\u00e1s tempranas. \u00bfRecogen material de forma constante? \u00bfO act\u00faan como beb\u00e9s humanos, ingiriendo materiales de vez en cuando?<\/p><p>\n\t\t<style type=\"text\/css\">\n\t\t\t#gallery-1 {\n\t\t\t\tmargin: auto;\n\t\t\t}\n\t\t\t#gallery-1 .gallery-item {\n\t\t\t\tfloat: left;\n\t\t\t\tmargin-top: 10px;\n\t\t\t\ttext-align: center;\n\t\t\t\twidth: 50%;\n\t\t\t}\n\t\t\t#gallery-1 img {\n\t\t\t\tborder: 2px solid #cfcfcf;\n\t\t\t}\n\t\t\t#gallery-1 .gallery-caption {\n\t\t\t\tmargin-left: 0;\n\t\t\t}\n\t\t\t\/* see gallery_shortcode() in wp-includes\/media.php *\/\n\t\t<\/style>\n\t\t<div id='gallery-1' class='gallery galleryid-20296 gallery-columns-2 gallery-size-large'><dl class='gallery-item'>\n\t\t\t<dt class='gallery-icon portrait'>\n\t\t\t\t<a href='https:\/\/ifa.uv.cl\/en\/dr-calum-morris-2\/'><img loading=\"lazy\" decoding=\"async\" width=\"619\" height=\"1024\" src=\"https:\/\/ifa.uv.cl\/wp-content\/uploads\/2025\/01\/Dr.-Calum-Morris-619x1024.jpeg\" class=\"attachment-large size-large\" alt=\"\" aria-describedby=\"gallery-1-20302\" srcset=\"https:\/\/ifa.uv.cl\/wp-content\/uploads\/2025\/01\/Dr.-Calum-Morris-619x1024.jpeg 619w, https:\/\/ifa.uv.cl\/wp-content\/uploads\/2025\/01\/Dr.-Calum-Morris-181x300.jpeg 181w, https:\/\/ifa.uv.cl\/wp-content\/uploads\/2025\/01\/Dr.-Calum-Morris-768x1270.jpeg 768w, https:\/\/ifa.uv.cl\/wp-content\/uploads\/2025\/01\/Dr.-Calum-Morris-929x1536.jpeg 929w, https:\/\/ifa.uv.cl\/wp-content\/uploads\/2025\/01\/Dr.-Calum-Morris.jpeg 1170w\" sizes=\"auto, (max-width: 619px) 100vw, 619px\" \/><\/a>\n\t\t\t<\/dt>\n\t\t\t\t<dd class='wp-caption-text gallery-caption' id='gallery-1-20302'>\n\t\t\t\tDr. Calum Morris de la Universidad de Hertfordshire (Reino Unido) \n\t\t\t\t<\/dd><\/dl><dl class='gallery-item'>\n\t\t\t<dt class='gallery-icon portrait'>\n\t\t\t\t<a href='https:\/\/ifa.uv.cl\/en\/zhen-guo-4-2\/'><img loading=\"lazy\" decoding=\"async\" width=\"767\" height=\"1024\" src=\"https:\/\/ifa.uv.cl\/wp-content\/uploads\/2024\/08\/Zhen-Guo-1-767x1024.jpg\" class=\"attachment-large size-large\" alt=\"\" aria-describedby=\"gallery-1-18788\" srcset=\"https:\/\/ifa.uv.cl\/wp-content\/uploads\/2024\/08\/Zhen-Guo-1-767x1024.jpg 767w, https:\/\/ifa.uv.cl\/wp-content\/uploads\/2024\/08\/Zhen-Guo-1-225x300.jpg 225w, https:\/\/ifa.uv.cl\/wp-content\/uploads\/2024\/08\/Zhen-Guo-1-768x1025.jpg 768w, https:\/\/ifa.uv.cl\/wp-content\/uploads\/2024\/08\/Zhen-Guo-1.jpg 824w\" sizes=\"auto, (max-width: 767px) 100vw, 767px\" \/><\/a>\n\t\t\t<\/dt>\n\t\t\t\t<dd class='wp-caption-text gallery-caption' id='gallery-1-18788'>\n\t\t\t\tZhen Guo (IFA-UV)\n\t\t\t\t<\/dd><\/dl><br style=\"clear: both\" \/>\n\t\t<\/div>\n<\/p><p>Un grupo de investigaci\u00f3n liderado por el Dr. Calum Morris de la Universidad de Hertfordshire (Reino Unido) y como coautor el astr\u00f3nomo Dr. Zhen Guo del Instituto de F\u00edsica y Astronom\u00eda de la Universidad de Valpara\u00edso han estudiado el crecimiento de masa en estrellas j\u00f3venes de nuestra galaxia, la V\u00eda L\u00e1ctea. Descubrieron que decenas de estrellas reci\u00e9n nacidas, de un mill\u00f3n de a\u00f1os de vida, est\u00e1n experimentando etapas de brillo como consecuencia de un proceso acelerado de acumulaci\u00f3n de masa. Este trabajo ha sido recientemente aceptado para ser publicado en la prestigiosa revista cient\u00edfica <em>Monthly Notices of the Royal Astronomical Society<\/em>.<\/p><p>Las estrellas reci\u00e9n nacidas estudiadas en este trabajo se encuentran en una regi\u00f3n de formaci\u00f3n estelar conocida como el complejo Cygnus-X. Esta regi\u00f3n es particularmente interesante para los astr\u00f3nomos porque alberga miles de estrellas beb\u00e9s reci\u00e9n nacidas y sus nebulosas de formaci\u00f3n (ver Figura 1). Estas estrellas son especiales porque la mayor\u00eda a\u00fan se encuentra dentro de su \u201cembri\u00f3n\u201d de formaci\u00f3n, lo que permite conservar informaci\u00f3n clave sobre las primeras etapas de la evoluci\u00f3n estelar. Sin embargo, monitorear estas estrellas presenta ciertas dificultades, ya que est\u00e1n escondidas detr\u00e1s de la nebulosa circundante y, por lo tanto, son invisibles en longitudes de onda \u00f3pticas. Para observar estas estrellas ocultas, el equipo de investigaci\u00f3n utiliz\u00f3 datos de luz infrarroja media recopilados por el telescopio espacial Wide-field Infrared Survey Explorer (WISE) de la NASA.<\/p><p>El equipo identific\u00f3 48 estrellas j\u00f3venes en la regi\u00f3n Cygnus-X que mostraron cambios significativos en su brillo durante la \u00faltima d\u00e9cada, correlacionados con aumentos repentinos en la cantidad de material acumulado sobre las estrellas. De manera destacable, 14 de estas estrellas presentaron caracter\u00edsticas extraordinarias que se asemejan a los raros estallidos tipo \u201cFUOr\u201d, con un aumento de brillo superior a 40 veces. \u201cEsta investigaci\u00f3n confirma que el proceso de acumulaci\u00f3n de masa en estrellas reci\u00e9n nacidas es epis\u00f3dico\u201d, se\u00f1al\u00f3 el Dr. Morris. \u201cTambi\u00e9n observamos que las estrellas m\u00e1s j\u00f3venes tienden a ser m\u00e1s inestables. Este es un descubrimiento importante que sugiere que las etapas tempranas de la evoluci\u00f3n estelar podr\u00edan ser m\u00e1s activas y violentas de lo que pens\u00e1bamos anteriormente\u201d.<\/p><p>Este trabajo de investigaci\u00f3n tiene un gran potencial de impacto en la comunidad cient\u00edfica, ya que el comportamiento estelar en etapas tan tempranas a\u00fan no ha sido estudiado sistem\u00e1ticamente. El profesor Zhen Guo, segundo autor del art\u00edculo, a\u00f1ade: \u201cEste innovador estudio tambi\u00e9n arroja luz sobre la formaci\u00f3n de planetas j\u00f3venes. A\u00fan no sabemos si nuestro sistema solar pas\u00f3 por un proceso de formaci\u00f3n igualmente intenso, pero, si as\u00ed fuese, ser\u00eda fascinante entender c\u00f3mo se form\u00f3 la Tierra en medio de tal \u2018cambio clim\u00e1tico\u2019 en el espacio\u201d. Los investigadores esperan que con la puesta en marcha del Telescopio Rubin, ubicado en el norte de Chile, se podr\u00e1n descubrir a\u00fan m\u00e1s estrellas reci\u00e9n nacidas que experimentan erupciones.<\/p>\t\t\t\t\t\t<\/div>\n\t\t\t\t<\/div>\n\t\t\t\t\t<\/div>\n\t\t<\/div>\n\t\t\t\t\t\t\t<\/div>\n\t\t<\/section>\n\t\t\t\t\t\t\t<\/div>\n\t\t","protected":false},"excerpt":{"rendered":"<p>El Dr. Zhen Guo, astr\u00f3nomo y acad\u00e9mico del IFA-UV participa en este trabajo de investigaci\u00f3n que tiene un gran impacto en la comunidad cient\u00edfica, ya que el comportamiento estelar en etapas tan tempranas a\u00fan no ha sido estudiado sistem\u00e1ticamente.<\/p>\n","protected":false},"author":6,"featured_media":20298,"comment_status":"closed","ping_status":"open","sticky":false,"template":"","format":"standard","meta":{"footnotes":""},"categories":[163,107],"tags":[138,138,143,143],"class_list":{"0":"post-20296","1":"post","2":"type-post","3":"status-publish","4":"format-standard","5":"has-post-thumbnail","6":"hentry","7":"category-noticias-en","8":"category-uncategorized","9":"tag-astronomia-en","11":"tag-ifa-en"},"_links":{"self":[{"href":"https:\/\/ifa.uv.cl\/en\/wp-json\/wp\/v2\/posts\/20296","targetHints":{"allow":["GET"]}}],"collection":[{"href":"https:\/\/ifa.uv.cl\/en\/wp-json\/wp\/v2\/posts"}],"about":[{"href":"https:\/\/ifa.uv.cl\/en\/wp-json\/wp\/v2\/types\/post"}],"author":[{"embeddable":true,"href":"https:\/\/ifa.uv.cl\/en\/wp-json\/wp\/v2\/users\/6"}],"replies":[{"embeddable":true,"href":"https:\/\/ifa.uv.cl\/en\/wp-json\/wp\/v2\/comments?post=20296"}],"version-history":[{"count":4,"href":"https:\/\/ifa.uv.cl\/en\/wp-json\/wp\/v2\/posts\/20296\/revisions"}],"predecessor-version":[{"id":20307,"href":"https:\/\/ifa.uv.cl\/en\/wp-json\/wp\/v2\/posts\/20296\/revisions\/20307"}],"wp:featuredmedia":[{"embeddable":true,"href":"https:\/\/ifa.uv.cl\/en\/wp-json\/wp\/v2\/media\/20298"}],"wp:attachment":[{"href":"https:\/\/ifa.uv.cl\/en\/wp-json\/wp\/v2\/media?parent=20296"}],"wp:term":[{"taxonomy":"category","embeddable":true,"href":"https:\/\/ifa.uv.cl\/en\/wp-json\/wp\/v2\/categories?post=20296"},{"taxonomy":"post_tag","embeddable":true,"href":"https:\/\/ifa.uv.cl\/en\/wp-json\/wp\/v2\/tags?post=20296"}],"curies":[{"name":"wp","href":"https:\/\/api.w.org\/{rel}","templated":true}]}}