{"id":20199,"date":"2024-12-11T10:03:25","date_gmt":"2024-12-11T13:03:25","guid":{"rendered":"https:\/\/ifa.uv.cl\/equipo-de-astronomos-del-ifa-uv-se-reune-en-pleno-en-concepcion-para-avanzar-en-el-estudio-de-agujeros-negros\/"},"modified":"2024-12-12T14:27:00","modified_gmt":"2024-12-12T17:27:00","slug":"equipo-de-astronomos-del-ifa-uv-se-reune-en-pleno-en-concepcion-para-avanzar-en-el-estudio-de-agujeros-negros","status":"publish","type":"post","link":"https:\/\/ifa.uv.cl\/en\/equipo-de-astronomos-del-ifa-uv-se-reune-en-pleno-en-concepcion-para-avanzar-en-el-estudio-de-agujeros-negros\/","title":{"rendered":"Equipo de astr\u00f3nomos especializados en agujeros negros del IFA-UV se re\u00fane en pleno en Concepci\u00f3n"},"content":{"rendered":"\t\t<div data-elementor-type=\"wp-post\" data-elementor-id=\"20199\" class=\"elementor elementor-20199\">\n\t\t\t\t\t\t\t\t\t<section class=\"elementor-section elementor-top-section elementor-element elementor-element-7c7f122 elementor-section-boxed elementor-section-height-default elementor-section-height-default qodef-elementor-content-no\" data-id=\"7c7f122\" data-element_type=\"section\">\n\t\t\t\t\t\t<div class=\"elementor-container elementor-column-gap-default\">\n\t\t\t\t\t<div class=\"elementor-column elementor-col-100 elementor-top-column elementor-element elementor-element-aa8a5ae\" data-id=\"aa8a5ae\" data-element_type=\"column\">\n\t\t\t<div class=\"elementor-widget-wrap elementor-element-populated\">\n\t\t\t\t\t\t\t\t<div class=\"elementor-element elementor-element-d3cf318 elementor-widget elementor-widget-text-editor\" data-id=\"d3cf318\" data-element_type=\"widget\" data-widget_type=\"text-editor.default\">\n\t\t\t\t<div class=\"elementor-widget-container\">\n\t\t\t<style>\/*! elementor - v3.6.7 - 03-07-2022 *\/\n.elementor-widget-text-editor.elementor-drop-cap-view-stacked .elementor-drop-cap{background-color:#818a91;color:#fff}.elementor-widget-text-editor.elementor-drop-cap-view-framed .elementor-drop-cap{color:#818a91;border:3px solid;background-color:transparent}.elementor-widget-text-editor:not(.elementor-drop-cap-view-default) .elementor-drop-cap{margin-top:8px}.elementor-widget-text-editor:not(.elementor-drop-cap-view-default) .elementor-drop-cap-letter{width:1em;height:1em}.elementor-widget-text-editor .elementor-drop-cap{float:left;text-align:center;line-height:1;font-size:50px}.elementor-widget-text-editor .elementor-drop-cap-letter{display:inline-block}<\/style>\t\t\t\t<p>11 de diciembre de 2024<\/p><p><span style=\"font-weight: 400;\">El N\u00facleo Milenio TITANS, reconocido por su investigaci\u00f3n en agujeros negros a nivel internacional, celebrar\u00e1 esta semana su primera reuni\u00f3n oficial en la Universidad de Concepci\u00f3n. Entre el mi\u00e9rcoles 11 y el viernes 13 de diciembre, asistir\u00e1 de parte del Instituto de F\u00edsica y Astronom\u00eda de la Universidad de Valpara\u00edso la acad\u00e9mica Dra. Patricia Ar\u00e9valo, la investigadora Dra.Lorena Hern\u00e1ndez-Garc\u00eda, los estudiantes de postgrado en Astrof\u00edsica especializados en agujeros negros Consuelo Nu\u00f1ez, Jos\u00e9 Barr\u00eda, Jhon Cer\u00f3n, Aldo Aliaga y Felipe Jaque junto a la encargada de difusi\u00f3n Aulikki Pollak, quienes se congregar\u00e1n con todos los otros integrantes de las universidades que son miembros del N\u00facleo TITANS para abordar los desaf\u00edos y oportunidades que surgen de la intersecci\u00f3n entre la tecnolog\u00eda avanzada y el estudio de los agujeros negros.\u00a0\u00a0<\/span><\/p><p><span style=\"font-weight: 400;\">Fundado para fomentar la investigaci\u00f3n interdisciplinaria, el N\u00facleo Milenio TITANS combina esfuerzos en \u00e1reas como la astrof\u00edsica y las tecnolog\u00edas de observaci\u00f3n. Durante los tres d\u00edas del evento, los asistentes participar\u00e1n en conferencias, talleres y mesas redondas centradas en temas clave como la expansi\u00f3n de redes de telescopios, nuevas t\u00e9cnicas de observaci\u00f3n y el impacto social y cient\u00edfico de los descubrimientos.\u00a0\u00a0<\/span><\/p><p><span style=\"font-weight: 400;\">Adem\u00e1s, se presentar\u00e1n los proyectos financiados por el Instituto, y se promover\u00e1n colaboraciones entre las universidades que participan en el proyecto: la Universidad de Concepci\u00f3n, la Universidad de Valpara\u00edso, la Universidad de Chile y la Universidad Adolfo Ib\u00e1\u00f1ez.<\/span><\/p><p><span style=\"font-weight: 400;\">El Dr. Neil Nagar del Departamento de Astronom\u00eda de la Universidad de Concepci\u00f3n, director del Instituto Milenio TITANS, inaugurar\u00e1 el evento destacando la importancia de esta alianza estrat\u00e9gica para impulsar la innovaci\u00f3n y la ciencia en Chile. \u201cEste equipo de excelencia a nivel nacional nos ha permitido obtener una evaluaci\u00f3n m\u00e1xima y continuar financiando tanto nuestras investigaciones como el intenso trabajo de divulgaci\u00f3n cient\u00edfica que llevamos a cabo con colegios y profesores\u201d, se\u00f1al\u00f3 Nagar.\u00a0\u00a0<\/span><\/p><p><b>Aportes Cient\u00edficos y Labor de Divulgaci\u00f3n<\/b><\/p><p><span style=\"font-weight: 400;\">Actualmente, el equipo del N\u00facleo Milenio TITANS se dedica al estudio de los agujeros negros mediante teor\u00eda, simulaciones y observaciones. Su trabajo se centra en la demograf\u00eda y las estructuras m\u00e1s cercanas de estos objetos c\u00f3smicos. Entre sus proyectos destacan los esfuerzos por ampliar los estudios iniciados con las observaciones pioneras del Telescopio del Horizonte de Eventos (EHT), que lograron las primeras im\u00e1genes del agujero negro de la galaxia M87 y de Sagitario A* (Sgr A*), el supermasivo de la V\u00eda L\u00e1ctea, extendi\u00e9ndolos a decenas de agujeros negros adicionales.\u00a0<\/span><\/p><p><span style=\"font-weight: 400;\">Estos an\u00e1lisis incluyen la exploraci\u00f3n de la variabilidad en la emisi\u00f3n de los agujeros negros, un enfoque clave para comprender su din\u00e1mica. Aunque muchos estudios ya son posibles con el EHT actual, TITANS participa activamente en proyectos de mejora del EHT, como la instalaci\u00f3n de nuevos radiotelescopios, con especial inter\u00e9s en establecer uno o m\u00e1s en Chile.<\/span><\/p><p><span style=\"font-weight: 400;\">En materia de divulgaci\u00f3n en sus casi tres a\u00f1os de existencia, TITANS ha realizado importantes aportes cient\u00edficos y ha llevado la astronom\u00eda a diversas comunidades a trav\u00e9s de iniciativas como el Congreso Astron\u00f3mico Escolar, la Escuela de Astronom\u00eda para Profesores y el innovador programa de astronom\u00eda inclusiva \u201cDedoscopio\u201d.<\/span><\/p><p><b>Congreso Astron\u00f3mico Escolar y Escuela para Profesores<\/b><\/p><p><span style=\"font-weight: 400;\">El Congreso Astron\u00f3mico Escolar, que cumple 12 a\u00f1os, se ha consolidado como un espacio de formaci\u00f3n para estudiantes y profesores de educaci\u00f3n b\u00e1sica y media en todo Chile. Durante este evento, los participantes exponen investigaciones cient\u00edficas guiadas por astr\u00f3nomos profesionales, fomentando el inter\u00e9s en la astronom\u00eda y el pensamiento cr\u00edtico en las nuevas generaciones.\u00a0\u00a0<\/span><\/p><p><span style=\"font-weight: 400;\">Pamela Henr\u00edquez, coordinadora de estas iniciativas, destac\u00f3: &#8220;La misi\u00f3n del congreso es empoderar a los estudiantes y docentes para que se conviertan en protagonistas del conocimiento astron\u00f3mico, conect\u00e1ndolos con el universo desde sus propios contextos educativos&#8221;.\u00a0\u00a0<\/span><\/p><p><b>Dedoscopio: Astronom\u00eda para Todos<\/b><\/p><p><span style=\"font-weight: 400;\">El programa Dedoscopio, liderado por Carla Fuentes Mu\u00f1oz y Pamela Paredes Sabando, ambas cient\u00edficas de la Universidad de Concepci\u00f3n, busca acercar la astronom\u00eda a personas con discapacidad visual. Este innovador proyecto combina ciencia y accesibilidad, ofreciendo experiencias t\u00e1ctiles y auditivas que permiten explorar el cosmos de manera inclusiva.\u00a0\u00a0<\/span><\/p><p><b>Charla para la comunidad<\/b><\/p><p><span style=\"font-weight: 400;\">En el marco de este encuentro nacional de cient\u00edficos el pr\u00f3ximo jueves 12 de diciembre a las 17:00 horas, el Museo de Historia Natural de Concepci\u00f3n ser\u00e1 el escenario de la charla titulada <\/span><b>\u201cDos agujeros negros y un banquete c\u00f3smico\u201d<\/b><span style=\"font-weight: 400;\">, a cargo de la destacada astrof\u00edsica Dra. Lorena Hern\u00e1ndez-Garc\u00eda, investigadora del N\u00facleo Milenio TITANS que viajar\u00e1 desde Valpara\u00edso para este evento.<\/span><\/p><p><span style=\"font-weight: 400;\">Durante esta actividad, la cient\u00edfica expondr\u00e1 sobre el reciente hallazgo que ella lider\u00f3 y que fue noticia a nivel mundial junto a la NASA. La fusi\u00f3n de agujeros negros y los eventos energ\u00e9ticos asociados a estos \u201cbanquetes c\u00f3smicos\u201d es resultado de observaciones realizadas con el Observatorio Neil Gehrels Swift de la NASA.<\/span><\/p><p><span style=\"font-weight: 400;\">\u201cEs un evento muy extra\u00f1o, llamado AT 2021hdr, el cual vemos aumentar su brillo cada pocos meses\u201d, dijo la astrof\u00edsica e investigadora del N\u00facleo Milenio TITANS en Chile.<\/span><\/p><p><span style=\"font-weight: 400;\">La charla est\u00e1 dirigida a todo p\u00fablico y tiene acceso gratuito.<\/span><\/p>\t\t\t\t\t\t<\/div>\n\t\t\t\t<\/div>\n\t\t\t\t\t<\/div>\n\t\t<\/div>\n\t\t\t\t\t\t\t<\/div>\n\t\t<\/section>\n\t\t\t\t\t\t\t<\/div>\n\t\t","protected":false},"excerpt":{"rendered":"<p>El N\u00facleo Milenio TITANS, reconocido por su investigaci\u00f3n en agujeros negros a nivel internacional, se reunir\u00e1 esta semana en pleno en la Universidad de Concepci\u00f3n. Entre el mi\u00e9rcoles 11 y el viernes 13 de diciembre, asistir\u00e1 un amplio y destacado equipo de  investigadores, acad\u00e9micos y estudiantes del IFA-UV para abordar los desaf\u00edos y oportunidades que surgen de la intersecci\u00f3n entre la tecnolog\u00eda avanzada y el estudio de los agujeros negros.<\/p>\n","protected":false},"author":6,"featured_media":20201,"comment_status":"closed","ping_status":"open","sticky":false,"template":"","format":"standard","meta":{"footnotes":""},"categories":[163,107],"tags":[138,143],"class_list":["post-20199","post","type-post","status-publish","format-standard","has-post-thumbnail","hentry","category-noticias-en","category-uncategorized","tag-astronomia-en","tag-ifa-en"],"_links":{"self":[{"href":"https:\/\/ifa.uv.cl\/en\/wp-json\/wp\/v2\/posts\/20199","targetHints":{"allow":["GET"]}}],"collection":[{"href":"https:\/\/ifa.uv.cl\/en\/wp-json\/wp\/v2\/posts"}],"about":[{"href":"https:\/\/ifa.uv.cl\/en\/wp-json\/wp\/v2\/types\/post"}],"author":[{"embeddable":true,"href":"https:\/\/ifa.uv.cl\/en\/wp-json\/wp\/v2\/users\/6"}],"replies":[{"embeddable":true,"href":"https:\/\/ifa.uv.cl\/en\/wp-json\/wp\/v2\/comments?post=20199"}],"version-history":[{"count":1,"href":"https:\/\/ifa.uv.cl\/en\/wp-json\/wp\/v2\/posts\/20199\/revisions"}],"predecessor-version":[{"id":20202,"href":"https:\/\/ifa.uv.cl\/en\/wp-json\/wp\/v2\/posts\/20199\/revisions\/20202"}],"wp:featuredmedia":[{"embeddable":true,"href":"https:\/\/ifa.uv.cl\/en\/wp-json\/wp\/v2\/media\/20201"}],"wp:attachment":[{"href":"https:\/\/ifa.uv.cl\/en\/wp-json\/wp\/v2\/media?parent=20199"}],"wp:term":[{"taxonomy":"category","embeddable":true,"href":"https:\/\/ifa.uv.cl\/en\/wp-json\/wp\/v2\/categories?post=20199"},{"taxonomy":"post_tag","embeddable":true,"href":"https:\/\/ifa.uv.cl\/en\/wp-json\/wp\/v2\/tags?post=20199"}],"curies":[{"name":"wp","href":"https:\/\/api.w.org\/{rel}","templated":true}]}}