{"id":20004,"date":"2024-11-26T16:21:13","date_gmt":"2024-11-26T19:21:13","guid":{"rendered":"https:\/\/ifa.uv.cl\/?p=20004"},"modified":"2024-11-26T16:26:18","modified_gmt":"2024-11-26T19:26:18","slug":"musica-clasica-y-ciencia-ayudara-la-mosca-efimera-a-entender-la-evolucion","status":"publish","type":"post","link":"https:\/\/ifa.uv.cl\/en\/musica-clasica-y-ciencia-ayudara-la-mosca-efimera-a-entender-la-evolucion\/","title":{"rendered":"M\u00fasica cl\u00e1sica y ciencia: \u00bfAyudar\u00e1 la mosca ef\u00edmera a entender la evoluci\u00f3n?"},"content":{"rendered":"\t\t<div data-elementor-type=\"wp-post\" data-elementor-id=\"20004\" class=\"elementor elementor-20004\">\n\t\t\t\t\t\t\t\t\t<section class=\"elementor-section elementor-top-section elementor-element elementor-element-7c7f122 elementor-section-boxed elementor-section-height-default elementor-section-height-default qodef-elementor-content-no\" data-id=\"7c7f122\" data-element_type=\"section\">\n\t\t\t\t\t\t<div class=\"elementor-container elementor-column-gap-default\">\n\t\t\t\t\t<div class=\"elementor-column elementor-col-100 elementor-top-column elementor-element elementor-element-aa8a5ae\" data-id=\"aa8a5ae\" data-element_type=\"column\">\n\t\t\t<div class=\"elementor-widget-wrap elementor-element-populated\">\n\t\t\t\t\t\t\t\t<div class=\"elementor-element elementor-element-d3cf318 elementor-widget elementor-widget-text-editor\" data-id=\"d3cf318\" data-element_type=\"widget\" data-widget_type=\"text-editor.default\">\n\t\t\t\t<div class=\"elementor-widget-container\">\n\t\t\t<style>\/*! elementor - v3.6.7 - 03-07-2022 *\/\n.elementor-widget-text-editor.elementor-drop-cap-view-stacked .elementor-drop-cap{background-color:#818a91;color:#fff}.elementor-widget-text-editor.elementor-drop-cap-view-framed .elementor-drop-cap{color:#818a91;border:3px solid;background-color:transparent}.elementor-widget-text-editor:not(.elementor-drop-cap-view-default) .elementor-drop-cap{margin-top:8px}.elementor-widget-text-editor:not(.elementor-drop-cap-view-default) .elementor-drop-cap-letter{width:1em;height:1em}.elementor-widget-text-editor .elementor-drop-cap{float:left;text-align:center;line-height:1;font-size:50px}.elementor-widget-text-editor .elementor-drop-cap-letter{display:inline-block}<\/style>\t\t\t\t<p>26 de noviembre de 2024<\/p><blockquote><p><strong>Lunes 2 de diciembre de 2024 a las 18:00 horas en la sala Rub\u00e9n Dar\u00edo del Centro de Extensi\u00f3n de la Universidad de Valpara\u00edso, ubicado en Err\u00e1zuriz 1108.<\/strong><\/p><\/blockquote><p>\u00a0<\/p><p>En la \u00faltima fecha de nuestro ciclo de Charlas P\u00fablicas de Astronom\u00eda de la UV 2024 presentaremos un evento muy especial: un concierto en vivo con obras musicales de dos genios contempor\u00e1neos entre s\u00ed: dos sinfon\u00edas del genio de la astronom\u00eda, William Herschel y el divertimento KV137 del genio de la m\u00fasica cl\u00e1sica Wolfgang A. Mozart.<\/p><p>A trav\u00e9s de estas piezas musicales, el p\u00fablico podr\u00e1 reflexionar sobre si la genialidad cient\u00edfica puede estar vinculada con la art\u00edstica. El concierto ser\u00e1 presentado por la Agrupaci\u00f3n Musical de C\u00e1mara UV que dirige el profesor Gonzalo Valencia.<\/p><p>A continuaci\u00f3n, un peque\u00f1o insecto servir\u00e1 como met\u00e1fora para explicar la situaci\u00f3n de los astr\u00f3nomos cuando tratan de entender la evoluci\u00f3n de estrellas y galaxias en el Universo. La charla correspondiente \u201c\u00bfAyudar\u00e1 la mosca ef\u00edmera a entender la evoluci\u00f3n?\u201d, ser\u00e1 dictada por el profesor y astr\u00f3nomo Dr. Nikolaus Vogt, fundador del Ciclo de Charlas P\u00fablicas de la UV, que ha sido un pionero en destacar la importancia de estas iniciativas de acercar la ciencia a la comunidad general y que poco a poco est\u00e1n ganando reconocimiento dentro de la comunidad cient\u00edfica.<\/p><p>\u00a0<\/p><p>La actividad est\u00e1 dirigida a todo p\u00fablico con entrada liberada y promete ser una experiencia \u00fanica que combinar\u00e1 conocimientos, arte y reflexi\u00f3n en el marco del cierre del este exitoso ciclo de charlas 2024.<\/p><p>Cabe recordar que ese mismo lunes 2 de diciembre se realizar\u00e1 una entrevista al Dr. Nikolaus Vogt a las 11:30 horas en el programa Caf\u00e9 Negro que conduce Ren\u00e9 Cevasco en la Radio Valent\u00edn Letelier 97.3 FM.<\/p><p>\u00a0<\/p>\t\t\t\t\t\t<\/div>\n\t\t\t\t<\/div>\n\t\t\t\t\t<\/div>\n\t\t<\/div>\n\t\t\t\t\t\t\t<\/div>\n\t\t<\/section>\n\t\t\t\t\t\t\t<\/div>\n\t\t","protected":false},"excerpt":{"rendered":"<p>Imperdible es la \u00faltima charla titulada \u201cM\u00fasica cl\u00e1sica y ciencia: \u00bfAyudar\u00e1 la mosca ef\u00edmera a entender la evoluci\u00f3n?\u201d organizada por el Instituto de F\u00edsica y Astronom\u00eda y que se presentar\u00e1 el pr\u00f3ximo lunes 2 de diciembre de 2024 a las 18:00 horas en la sala Rub\u00e9n Dar\u00edo del Centro de Extensi\u00f3n de la Universidad de Valpara\u00edso, ubicado en Err\u00e1zuriz 1108.<\/p>\n","protected":false},"author":6,"featured_media":19986,"comment_status":"closed","ping_status":"open","sticky":false,"template":"","format":"standard","meta":{"footnotes":""},"categories":[163,107],"tags":[138,143],"class_list":["post-20004","post","type-post","status-publish","format-standard","has-post-thumbnail","hentry","category-noticias-en","category-uncategorized","tag-astronomia-en","tag-ifa-en"],"_links":{"self":[{"href":"https:\/\/ifa.uv.cl\/en\/wp-json\/wp\/v2\/posts\/20004","targetHints":{"allow":["GET"]}}],"collection":[{"href":"https:\/\/ifa.uv.cl\/en\/wp-json\/wp\/v2\/posts"}],"about":[{"href":"https:\/\/ifa.uv.cl\/en\/wp-json\/wp\/v2\/types\/post"}],"author":[{"embeddable":true,"href":"https:\/\/ifa.uv.cl\/en\/wp-json\/wp\/v2\/users\/6"}],"replies":[{"embeddable":true,"href":"https:\/\/ifa.uv.cl\/en\/wp-json\/wp\/v2\/comments?post=20004"}],"version-history":[{"count":5,"href":"https:\/\/ifa.uv.cl\/en\/wp-json\/wp\/v2\/posts\/20004\/revisions"}],"predecessor-version":[{"id":20014,"href":"https:\/\/ifa.uv.cl\/en\/wp-json\/wp\/v2\/posts\/20004\/revisions\/20014"}],"wp:featuredmedia":[{"embeddable":true,"href":"https:\/\/ifa.uv.cl\/en\/wp-json\/wp\/v2\/media\/19986"}],"wp:attachment":[{"href":"https:\/\/ifa.uv.cl\/en\/wp-json\/wp\/v2\/media?parent=20004"}],"wp:term":[{"taxonomy":"category","embeddable":true,"href":"https:\/\/ifa.uv.cl\/en\/wp-json\/wp\/v2\/categories?post=20004"},{"taxonomy":"post_tag","embeddable":true,"href":"https:\/\/ifa.uv.cl\/en\/wp-json\/wp\/v2\/tags?post=20004"}],"curies":[{"name":"wp","href":"https:\/\/api.w.org\/{rel}","templated":true}]}}