{"id":19984,"date":"2024-11-25T18:58:01","date_gmt":"2024-11-25T21:58:01","guid":{"rendered":"https:\/\/ifa.uv.cl\/?p=19984"},"modified":"2024-11-25T19:02:27","modified_gmt":"2024-11-25T22:02:27","slug":"puerto-montt-sera-sede-del-primer-congreso-de-divulgacion-astronomica-en-chile","status":"publish","type":"post","link":"https:\/\/ifa.uv.cl\/en\/puerto-montt-sera-sede-del-primer-congreso-de-divulgacion-astronomica-en-chile\/","title":{"rendered":"Puerto Montt ser\u00e1 sede del Primer Congreso de Divulgaci\u00f3n Astron\u00f3mica en Chile"},"content":{"rendered":"\t\t<div data-elementor-type=\"wp-post\" data-elementor-id=\"19984\" class=\"elementor elementor-19984\">\n\t\t\t\t\t\t\t\t\t<section class=\"elementor-section elementor-top-section elementor-element elementor-element-7c7f122 elementor-section-boxed elementor-section-height-default elementor-section-height-default qodef-elementor-content-no\" data-id=\"7c7f122\" data-element_type=\"section\">\n\t\t\t\t\t\t<div class=\"elementor-container elementor-column-gap-default\">\n\t\t\t\t\t<div class=\"elementor-column elementor-col-100 elementor-top-column elementor-element elementor-element-aa8a5ae\" data-id=\"aa8a5ae\" data-element_type=\"column\">\n\t\t\t<div class=\"elementor-widget-wrap elementor-element-populated\">\n\t\t\t\t\t\t\t\t<div class=\"elementor-element elementor-element-d3cf318 elementor-widget elementor-widget-text-editor\" data-id=\"d3cf318\" data-element_type=\"widget\" data-widget_type=\"text-editor.default\">\n\t\t\t\t<div class=\"elementor-widget-container\">\n\t\t\t<style>\/*! elementor - v3.6.7 - 03-07-2022 *\/\n.elementor-widget-text-editor.elementor-drop-cap-view-stacked .elementor-drop-cap{background-color:#818a91;color:#fff}.elementor-widget-text-editor.elementor-drop-cap-view-framed .elementor-drop-cap{color:#818a91;border:3px solid;background-color:transparent}.elementor-widget-text-editor:not(.elementor-drop-cap-view-default) .elementor-drop-cap{margin-top:8px}.elementor-widget-text-editor:not(.elementor-drop-cap-view-default) .elementor-drop-cap-letter{width:1em;height:1em}.elementor-widget-text-editor .elementor-drop-cap{float:left;text-align:center;line-height:1;font-size:50px}.elementor-widget-text-editor .elementor-drop-cap-letter{display:inline-block}<\/style>\t\t\t\t<p>25 de noviembre de 2024<\/p><p>Chile, reconocido mundialmente por la calidad de sus cielos y como hogar de los telescopios m\u00e1s avanzados del planeta, ser\u00e1 sede del Primer Congreso de Divulgaci\u00f3n Astron\u00f3mica que se llevar\u00e1 a cabo entre el 27 y 29 de noviembre en la Sede Puerto Montt de la Universidad Austral de Chile. Este evento pionero tiene como objetivo reunir a los principales comunicadores de astronom\u00eda del pa\u00eds, desde profesionales hasta aficionados, incluyendo astr\u00f3nomos, periodistas y educadores, para fortalecer la comunicaci\u00f3n de esta fascinante ciencia.<\/p><p>Chile juega un papel clave en la astronom\u00eda a nivel mundial y, para 2030, ser\u00e1 sede de la Asamblea General de la Uni\u00f3n Astron\u00f3mica Internacional, la reuni\u00f3n m\u00e1s importante del mundo en esta disciplina. Este evento refuerza la consolidaci\u00f3n de Chile como un pa\u00eds dedicado a la ciencia. Seg\u00fan el presidente Boric, para esa fecha, el 55% de la observaci\u00f3n astron\u00f3mica global se realizar\u00e1 desde suelo chileno.\u00a0<\/p><p>Este liderazgo cient\u00edfico ha impulsado una notable expansi\u00f3n en la investigaci\u00f3n astron\u00f3mica de vanguardia durante las \u00faltimas d\u00e9cadas. Sin embargo, las iniciativas de divulgaci\u00f3n no han avanzado al mismo ritmo, pese al inmenso potencial de la astronom\u00eda para inspirar y maravillar a p\u00fablicos de todas las edades, especialmente en un momento en que los descubrimientos tecnol\u00f3gicos y el uso de inteligencia artificial est\u00e1n transformando nuestra comprensi\u00f3n del cosmos.<\/p><p>\u201cEste congreso busca responder a esta necesidad, proporcionando un espacio \u00fanico para compartir experiencias, fortalecer redes de colaboraci\u00f3n y fomentar la creaci\u00f3n de nuevos proyectos de comunicaci\u00f3n astron\u00f3mica\u201d, explica la organizadora general de este encuentro, la astr\u00f3noma y divulgadora cient\u00edfica Mar\u00eda Fernanda Dur\u00e1n, del Nodo Chileno de Coordinaci\u00f3n de la Oficina de Divulgaci\u00f3n Astron\u00f3mica de la Uni\u00f3n Astron\u00f3mica Internacional (IAU-NOC Chile).<\/p><p>Este encuentro ser\u00e1 un lugar donde quienes se dedican a comunicar la astronom\u00eda a distintos p\u00fablicos puedan compartir experiencias, comenzar nuevas colaboraciones mientras se fortalecen las ya existentes, y generar espacios donde podamos reflexionar sobre el desarrollo de esta actividad en nuestro pa\u00eds y su futuro.<\/p><p>Un grupo diverso integrado por astr\u00f3nomos, divulgadores y comunicadores estuvo encargado de seleccionar las presentaciones con que postularon m\u00e1s de propuestas y que se tratar\u00e1n en el congreso tales como :<\/p><ul><li>Divulgaci\u00f3n de la astronom\u00eda en Chile hoy<\/li><li>Fuentes de financiamiento<\/li><li>Profesionalizaci\u00f3n de la divulgaci\u00f3n en Chile<\/li><li>Divulgaci\u00f3n en un mundo digital<\/li><li>Astroturismo<\/li><\/ul><p>Un momento destacado en el congreso ser\u00e1 para las expertas invitadas a exponer sobre la profesionalizaci\u00f3n de la Divulgaci\u00f3n en Chile como N\u00e9lida Pohl del Instituto de Ecolog\u00eda y Biodiversidad y coordinadora acad\u00e9mica del Diplomado de Comunicaci\u00f3n de la Ciencia de la U. de Chile y Juan Seguel quien se referir\u00e1 al \u00e1mbito del Astroturismo, Cultura y Patrimonio (@astc_astroengineeria) y quien ha ejercido un nexo hist\u00f3rico entre observatorios, la comunidad de operadores de turismo y astro aficionados en la regi\u00f3n de Coquimbo.<\/p><p>Organizado por el Nodo Chileno de Coordinaci\u00f3n de la Oficina de Divulgaci\u00f3n Astron\u00f3mica de la Uni\u00f3n Astron\u00f3mica Internacional (IAU-NOC Chile), con el respaldo de la Sociedad Chilena de Astronom\u00eda (SOCHIAS) y el financiamiento del Fondo ALMA-ANID, este evento aspira a consolidar una comunidad nacional de divulgaci\u00f3n astron\u00f3mica m\u00e1s conectada y proactiva, contribuyendo as\u00ed a acercar esta ciencia a toda la sociedad chilena.<\/p><p>Revisa la programaci\u00f3n <a href=\"https:\/\/sites.google.com\/view\/congreso-astrodivulgacion\/programa?authuser=0\">aqu\u00ed<\/a><\/p><p>ACTIVIDADES DE DIVULGACI\u00d3N EN LA REGI\u00d3N<\/p><p>Un gran despliegue territorial con actividades de divulgaci\u00f3n cient\u00edfica est\u00e1 programado durante la semana del Congreso. El proyecto de divulgaci\u00f3n astron\u00f3mica inclusiva Dedoscopio del N\u00facleo Milenio TITANS que coordina la astr\u00f3noma Pamela Paredes, organiz\u00f3 un taller manual en la escuela rural colonia El Gato.<\/p><p>Asimismo se contempla una observaci\u00f3n nocturna guiada por Juan Seguel. Mientras tanto, el Dr Cristian Reyes dar\u00e1 en el colegio San Sebasti\u00e1n de Calbuco una charla de matem\u00e1ticas y la profesora Cady Cortez dictar\u00e1 una charla sobre mujeres en ciencia y exoplanetas en el liceo Isidora Zegers de Puerto Montt. Para los adultos mayores, se ha programado un conversatorio sobre arte y astronom\u00eda titulado \u201cUn paseo por lo (des) conocido en la Biblioteca Regional de Puerto Montt, a cargo de la astr\u00f3noma Catalina Zamora del Instituto de F\u00edsica y Astronom\u00eda de la Universidad de Valpara\u00edso. Estas actividades buscan inspirar y acercar el conocimiento cient\u00edfico a diversos p\u00fablicos en la regi\u00f3n.<\/p>\t\t\t\t\t\t<\/div>\n\t\t\t\t<\/div>\n\t\t\t\t\t<\/div>\n\t\t<\/div>\n\t\t\t\t\t\t\t<\/div>\n\t\t<\/section>\n\t\t\t\t\t\t\t<\/div>\n\t\t","protected":false},"excerpt":{"rendered":"<p>Chile, reconocido mundialmente por la calidad de sus cielos y como hogar de los telescopios m\u00e1s avanzados del planeta, ser\u00e1 sede del Primer Congreso de Divulgaci\u00f3n Astron\u00f3mica en Chile que se llevar\u00e1 a cabo entre el 27 y 29 de noviembre en la Sede Puerto Montt de la Universidad Austral de Chile. Este evento pionero tiene como objetivo reunir a los principales comunicadores de astronom\u00eda del pa\u00eds, desde profesionales hasta aficionados, incluyendo astr\u00f3nomos, periodistas y educadores, para fortalecer la comunicaci\u00f3n de esta fascinante ciencia.<\/p>\n","protected":false},"author":6,"featured_media":19996,"comment_status":"closed","ping_status":"open","sticky":false,"template":"","format":"standard","meta":{"footnotes":""},"categories":[163,107],"tags":[138,138,143,143],"class_list":{"0":"post-19984","1":"post","2":"type-post","3":"status-publish","4":"format-standard","5":"has-post-thumbnail","6":"hentry","7":"category-noticias-en","8":"category-uncategorized","9":"tag-astronomia-en","11":"tag-ifa-en"},"_links":{"self":[{"href":"https:\/\/ifa.uv.cl\/en\/wp-json\/wp\/v2\/posts\/19984","targetHints":{"allow":["GET"]}}],"collection":[{"href":"https:\/\/ifa.uv.cl\/en\/wp-json\/wp\/v2\/posts"}],"about":[{"href":"https:\/\/ifa.uv.cl\/en\/wp-json\/wp\/v2\/types\/post"}],"author":[{"embeddable":true,"href":"https:\/\/ifa.uv.cl\/en\/wp-json\/wp\/v2\/users\/6"}],"replies":[{"embeddable":true,"href":"https:\/\/ifa.uv.cl\/en\/wp-json\/wp\/v2\/comments?post=19984"}],"version-history":[{"count":7,"href":"https:\/\/ifa.uv.cl\/en\/wp-json\/wp\/v2\/posts\/19984\/revisions"}],"predecessor-version":[{"id":20001,"href":"https:\/\/ifa.uv.cl\/en\/wp-json\/wp\/v2\/posts\/19984\/revisions\/20001"}],"wp:featuredmedia":[{"embeddable":true,"href":"https:\/\/ifa.uv.cl\/en\/wp-json\/wp\/v2\/media\/19996"}],"wp:attachment":[{"href":"https:\/\/ifa.uv.cl\/en\/wp-json\/wp\/v2\/media?parent=19984"}],"wp:term":[{"taxonomy":"category","embeddable":true,"href":"https:\/\/ifa.uv.cl\/en\/wp-json\/wp\/v2\/categories?post=19984"},{"taxonomy":"post_tag","embeddable":true,"href":"https:\/\/ifa.uv.cl\/en\/wp-json\/wp\/v2\/tags?post=19984"}],"curies":[{"name":"wp","href":"https:\/\/api.w.org\/{rel}","templated":true}]}}