{"id":19819,"date":"2024-11-15T14:41:30","date_gmt":"2024-11-15T17:41:30","guid":{"rendered":"https:\/\/ifa.uv.cl\/?p=19819"},"modified":"2024-11-15T14:58:20","modified_gmt":"2024-11-15T17:58:20","slug":"impactante-despliegue-de-divulgacion-astronomica-del-ifa-uv-en-el-mes-de-la-ciencia","status":"publish","type":"post","link":"https:\/\/ifa.uv.cl\/en\/impactante-despliegue-de-divulgacion-astronomica-del-ifa-uv-en-el-mes-de-la-ciencia\/","title":{"rendered":"Impactante despliegue de divulgaci\u00f3n astron\u00f3mica del IFA-UV en el mes de la Ciencia"},"content":{"rendered":"\t\t<div data-elementor-type=\"wp-post\" data-elementor-id=\"19819\" class=\"elementor elementor-19819\">\n\t\t\t\t\t\t\t\t\t<section class=\"elementor-section elementor-top-section elementor-element elementor-element-7c7f122 elementor-section-boxed elementor-section-height-default elementor-section-height-default qodef-elementor-content-no\" data-id=\"7c7f122\" data-element_type=\"section\">\n\t\t\t\t\t\t<div class=\"elementor-container elementor-column-gap-default\">\n\t\t\t\t\t<div class=\"elementor-column elementor-col-100 elementor-top-column elementor-element elementor-element-aa8a5ae\" data-id=\"aa8a5ae\" data-element_type=\"column\">\n\t\t\t<div class=\"elementor-widget-wrap elementor-element-populated\">\n\t\t\t\t\t\t\t\t<div class=\"elementor-element elementor-element-d3cf318 elementor-widget elementor-widget-text-editor\" data-id=\"d3cf318\" data-element_type=\"widget\" data-widget_type=\"text-editor.default\">\n\t\t\t\t<div class=\"elementor-widget-container\">\n\t\t\t<style>\/*! elementor - v3.6.7 - 03-07-2022 *\/\n.elementor-widget-text-editor.elementor-drop-cap-view-stacked .elementor-drop-cap{background-color:#818a91;color:#fff}.elementor-widget-text-editor.elementor-drop-cap-view-framed .elementor-drop-cap{color:#818a91;border:3px solid;background-color:transparent}.elementor-widget-text-editor:not(.elementor-drop-cap-view-default) .elementor-drop-cap{margin-top:8px}.elementor-widget-text-editor:not(.elementor-drop-cap-view-default) .elementor-drop-cap-letter{width:1em;height:1em}.elementor-widget-text-editor .elementor-drop-cap{float:left;text-align:center;line-height:1;font-size:50px}.elementor-widget-text-editor .elementor-drop-cap-letter{display:inline-block}<\/style>\t\t\t\t<p>15 de noviembre de 2024<\/p><p>Durante el Mes de la Ciencia, el Equipo de difusi\u00f3n del Instituto de F\u00edsica y Astronom\u00eda de la Universidad de Valpara\u00edso despleg\u00f3 a su comunidad de estudiantes e investigadores por diversos colegios de la regi\u00f3n, llevando conocimiento, actividades interactivas y observaciones astron\u00f3micas a cientos de estudiantes de distintos niveles educativos de la regi\u00f3n de Valpara\u00edso.\u00a0<\/p><p><strong>Charlas, talleres y observaciones solares en Puchuncav\u00ed<\/strong><\/p><p>En el Colegio Maitencillo, los estudiantes de postgrado en Astrof\u00edsica Jhon Cer\u00f3n, Diego Ben\u00edtez y Vania Rodr\u00edguez ofrecieron una charla a alumnos de 1\u00b0 y 2\u00b0 medio. Adem\u00e1s, realizaron observaciones del sol utilizando telescopios y sunspotters. Esta actividad fue organizada gracias a la invitaci\u00f3n del exalumno del IFA-UV, Alejandro Villal\u00f3n, ahora docente del establecimiento.\u00a0<\/p><p>\n\t\t<style type=\"text\/css\">\n\t\t\t#gallery-1 {\n\t\t\t\tmargin: auto;\n\t\t\t}\n\t\t\t#gallery-1 .gallery-item {\n\t\t\t\tfloat: left;\n\t\t\t\tmargin-top: 10px;\n\t\t\t\ttext-align: center;\n\t\t\t\twidth: 33%;\n\t\t\t}\n\t\t\t#gallery-1 img {\n\t\t\t\tborder: 2px solid #cfcfcf;\n\t\t\t}\n\t\t\t#gallery-1 .gallery-caption {\n\t\t\t\tmargin-left: 0;\n\t\t\t}\n\t\t\t\/* see gallery_shortcode() in wp-includes\/media.php *\/\n\t\t<\/style>\n\t\t<div id='gallery-1' class='gallery galleryid-19819 gallery-columns-3 gallery-size-medium'><dl class='gallery-item'>\n\t\t\t<dt class='gallery-icon portrait'>\n\t\t\t\t<a href='https:\/\/ifa.uv.cl\/en\/fa5f9f08-d99c-4af4-ae8a-25ff0b170261-2\/'><img loading=\"lazy\" decoding=\"async\" width=\"225\" height=\"300\" src=\"https:\/\/ifa.uv.cl\/wp-content\/uploads\/2024\/11\/fa5f9f08-d99c-4af4-ae8a-25ff0b170261-225x300.jpg\" class=\"attachment-medium size-medium\" alt=\"\" aria-describedby=\"gallery-1-19831\" srcset=\"https:\/\/ifa.uv.cl\/wp-content\/uploads\/2024\/11\/fa5f9f08-d99c-4af4-ae8a-25ff0b170261-225x300.jpg 225w, https:\/\/ifa.uv.cl\/wp-content\/uploads\/2024\/11\/fa5f9f08-d99c-4af4-ae8a-25ff0b170261-768x1024.jpg 768w, https:\/\/ifa.uv.cl\/wp-content\/uploads\/2024\/11\/fa5f9f08-d99c-4af4-ae8a-25ff0b170261-1152x1536.jpg 1152w, https:\/\/ifa.uv.cl\/wp-content\/uploads\/2024\/11\/fa5f9f08-d99c-4af4-ae8a-25ff0b170261.jpg 1200w\" sizes=\"auto, (max-width: 225px) 100vw, 225px\" \/><\/a>\n\t\t\t<\/dt>\n\t\t\t\t<dd class='wp-caption-text gallery-caption' id='gallery-1-19831'>\n\t\t\t\tEquipo estudiantes IFA-UV en feria cient\u00edfica en colegio Juan Rusque\n\t\t\t\t<\/dd><\/dl><dl class='gallery-item'>\n\t\t\t<dt class='gallery-icon portrait'>\n\t\t\t\t<a href='https:\/\/ifa.uv.cl\/en\/b0a742bb-8af1-4bca-99b2-5c548be3b546-2\/'><img loading=\"lazy\" decoding=\"async\" width=\"225\" height=\"300\" src=\"https:\/\/ifa.uv.cl\/wp-content\/uploads\/2024\/11\/b0a742bb-8af1-4bca-99b2-5c548be3b546-225x300.jpg\" class=\"attachment-medium size-medium\" alt=\"\" aria-describedby=\"gallery-1-19829\" srcset=\"https:\/\/ifa.uv.cl\/wp-content\/uploads\/2024\/11\/b0a742bb-8af1-4bca-99b2-5c548be3b546-225x300.jpg 225w, https:\/\/ifa.uv.cl\/wp-content\/uploads\/2024\/11\/b0a742bb-8af1-4bca-99b2-5c548be3b546-769x1024.jpg 769w, https:\/\/ifa.uv.cl\/wp-content\/uploads\/2024\/11\/b0a742bb-8af1-4bca-99b2-5c548be3b546-768x1023.jpg 768w, https:\/\/ifa.uv.cl\/wp-content\/uploads\/2024\/11\/b0a742bb-8af1-4bca-99b2-5c548be3b546-1153x1536.jpg 1153w, https:\/\/ifa.uv.cl\/wp-content\/uploads\/2024\/11\/b0a742bb-8af1-4bca-99b2-5c548be3b546.jpg 1201w\" sizes=\"auto, (max-width: 225px) 100vw, 225px\" \/><\/a>\n\t\t\t<\/dt>\n\t\t\t\t<dd class='wp-caption-text gallery-caption' id='gallery-1-19829'>\n\t\t\t\tEduardo Arancibia\n\t\t\t\t<\/dd><\/dl><dl class='gallery-item'>\n\t\t\t<dt class='gallery-icon portrait'>\n\t\t\t\t<a href='https:\/\/ifa.uv.cl\/en\/408005ec-d6ed-4605-9b8b-b3b6071b27e5-2\/'><img loading=\"lazy\" decoding=\"async\" width=\"225\" height=\"300\" src=\"https:\/\/ifa.uv.cl\/wp-content\/uploads\/2024\/11\/408005ec-d6ed-4605-9b8b-b3b6071b27e5-225x300.jpg\" class=\"attachment-medium size-medium\" alt=\"\" aria-describedby=\"gallery-1-19827\" srcset=\"https:\/\/ifa.uv.cl\/wp-content\/uploads\/2024\/11\/408005ec-d6ed-4605-9b8b-b3b6071b27e5-225x300.jpg 225w, https:\/\/ifa.uv.cl\/wp-content\/uploads\/2024\/11\/408005ec-d6ed-4605-9b8b-b3b6071b27e5-769x1024.jpg 769w, https:\/\/ifa.uv.cl\/wp-content\/uploads\/2024\/11\/408005ec-d6ed-4605-9b8b-b3b6071b27e5-768x1023.jpg 768w, https:\/\/ifa.uv.cl\/wp-content\/uploads\/2024\/11\/408005ec-d6ed-4605-9b8b-b3b6071b27e5-1153x1536.jpg 1153w, https:\/\/ifa.uv.cl\/wp-content\/uploads\/2024\/11\/408005ec-d6ed-4605-9b8b-b3b6071b27e5.jpg 1201w\" sizes=\"auto, (max-width: 225px) 100vw, 225px\" \/><\/a>\n\t\t\t<\/dt>\n\t\t\t\t<dd class='wp-caption-text gallery-caption' id='gallery-1-19827'>\n\t\t\t\tConsuelo \n\t\t\t\t<\/dd><\/dl><br style=\"clear: both\" \/>\n\t\t<\/div>\n<\/p><p><strong>Feria cient\u00edfica en Nogales y El Mel\u00f3n<\/strong><\/p><p>Los colegios Juan Rusque y Santa Isabel recibieron stands informativos sobre astronom\u00eda y talleres pr\u00e1cticos, liderados por estudiantes de postgrado como Consuelo N\u00fa\u00f1ez, Carla Cornil, Eduardo Arancibia y Jos\u00e9 Barr\u00eda. Eduardo destac\u00f3 con una charla para los m\u00e1s peque\u00f1os, enfoc\u00e1ndose en el cielo nocturno, los planetas y las constelaciones, finalizando con actividades manuales para construir su propia constelaci\u00f3n.\u00a0<\/p><p><strong>Realidad virtual y observaciones en Vi\u00f1a del Mar<\/strong><\/p><p>En el Colegio Castilla y Arag\u00f3n, Jhon Cer\u00f3n y Diego G\u00f3mez llevaron lentes de realidad virtual, telescopios y material educativo, cautivando a los estudiantes con una experiencia inmersiva del universo.\u00a0<\/p><div id=\"attachment_19840\" style=\"width: 236px\" class=\"wp-caption alignleft\"><img loading=\"lazy\" decoding=\"async\" aria-describedby=\"caption-attachment-19840\" class=\"wp-image-19840 size-medium\" src=\"https:\/\/ifa.uv.cl\/wp-content\/uploads\/2024\/11\/lentes-226x300.jpg\" alt=\"\" width=\"226\" height=\"300\" srcset=\"https:\/\/ifa.uv.cl\/wp-content\/uploads\/2024\/11\/lentes-226x300.jpg 226w, https:\/\/ifa.uv.cl\/wp-content\/uploads\/2024\/11\/lentes-771x1024.jpg 771w, https:\/\/ifa.uv.cl\/wp-content\/uploads\/2024\/11\/lentes-768x1020.jpg 768w, https:\/\/ifa.uv.cl\/wp-content\/uploads\/2024\/11\/lentes-1157x1536.jpg 1157w, https:\/\/ifa.uv.cl\/wp-content\/uploads\/2024\/11\/lentes-1542x2048.jpg 1542w, https:\/\/ifa.uv.cl\/wp-content\/uploads\/2024\/11\/lentes-scaled.jpg 1928w\" sizes=\"auto, (max-width: 226px) 100vw, 226px\" \/><p id=\"caption-attachment-19840\" class=\"wp-caption-text\">Jhon Cer\u00f3n<\/p><\/div><p><img loading=\"lazy\" decoding=\"async\" class=\"alignnone size-medium wp-image-19838\" src=\"https:\/\/ifa.uv.cl\/wp-content\/uploads\/2024\/11\/IMG_6079-1-300x135.jpg\" alt=\"\" width=\"300\" height=\"135\" srcset=\"https:\/\/ifa.uv.cl\/wp-content\/uploads\/2024\/11\/IMG_6079-1-300x135.jpg 300w, https:\/\/ifa.uv.cl\/wp-content\/uploads\/2024\/11\/IMG_6079-1-1024x461.jpg 1024w, https:\/\/ifa.uv.cl\/wp-content\/uploads\/2024\/11\/IMG_6079-1-768x346.jpg 768w, https:\/\/ifa.uv.cl\/wp-content\/uploads\/2024\/11\/IMG_6079-1-1536x691.jpg 1536w, https:\/\/ifa.uv.cl\/wp-content\/uploads\/2024\/11\/IMG_6079-1.jpg 1600w\" sizes=\"auto, (max-width: 300px) 100vw, 300px\" \/><\/p><p><strong>Un viaje por el cosmos en Quilpu\u00e9<\/strong><\/p><p>En el Colegio Montesol, las estudiantes de postgrado Vania Rodr\u00edguez y Carla Cornil guiaron una jornada que incluy\u00f3 observaci\u00f3n solar y la charla &#8220;Las maravillas del universo&#8221;, donde exploraron desde los paisajes del sistema solar hasta los l\u00edmites del cosmos.\u00a0<\/p><p><img loading=\"lazy\" decoding=\"async\" class=\"alignleft wp-image-19850 size-medium\" src=\"https:\/\/ifa.uv.cl\/wp-content\/uploads\/2024\/11\/465182482_1112210624240805_3751474831939960820_n-300x225.jpg\" alt=\"\" width=\"300\" height=\"225\" srcset=\"https:\/\/ifa.uv.cl\/wp-content\/uploads\/2024\/11\/465182482_1112210624240805_3751474831939960820_n-300x225.jpg 300w, https:\/\/ifa.uv.cl\/wp-content\/uploads\/2024\/11\/465182482_1112210624240805_3751474831939960820_n-1024x768.jpg 1024w, https:\/\/ifa.uv.cl\/wp-content\/uploads\/2024\/11\/465182482_1112210624240805_3751474831939960820_n-768x576.jpg 768w, https:\/\/ifa.uv.cl\/wp-content\/uploads\/2024\/11\/465182482_1112210624240805_3751474831939960820_n-1536x1152.jpg 1536w, https:\/\/ifa.uv.cl\/wp-content\/uploads\/2024\/11\/465182482_1112210624240805_3751474831939960820_n.jpg 2048w\" sizes=\"auto, (max-width: 300px) 100vw, 300px\" \/><\/p><p><strong>Astronom\u00eda para los m\u00e1s peque\u00f1os en La Ligua\u00a0<\/strong><\/p><p>Eduardo Arancibia, estudiante de postgrafo en Astrof\u00edsica llev\u00f3 el universo al Jard\u00edn Infantil &#8220;Abejitas Creadoras de Gotland&#8221; de Fundaci\u00f3n Integra, donde ni\u00f1os y ni\u00f1as aprendieron sobre las constelaciones y crearon sus propias figuras celestes con plastilina y palitos.\u00a0<\/p><p><img loading=\"lazy\" decoding=\"async\" class=\"alignnone size-medium wp-image-19852\" src=\"https:\/\/ifa.uv.cl\/wp-content\/uploads\/2024\/11\/WhatsApp-Image-2024-10-07-at-15.56.13-1-1-300x225.jpeg\" alt=\"\" width=\"300\" height=\"225\" srcset=\"https:\/\/ifa.uv.cl\/wp-content\/uploads\/2024\/11\/WhatsApp-Image-2024-10-07-at-15.56.13-1-1-300x225.jpeg 300w, https:\/\/ifa.uv.cl\/wp-content\/uploads\/2024\/11\/WhatsApp-Image-2024-10-07-at-15.56.13-1-1-1024x768.jpeg 1024w, https:\/\/ifa.uv.cl\/wp-content\/uploads\/2024\/11\/WhatsApp-Image-2024-10-07-at-15.56.13-1-1-768x576.jpeg 768w, https:\/\/ifa.uv.cl\/wp-content\/uploads\/2024\/11\/WhatsApp-Image-2024-10-07-at-15.56.13-1-1.jpeg 1280w\" sizes=\"auto, (max-width: 300px) 100vw, 300px\" \/><\/p><p><strong>Motivaci\u00f3n astron\u00f3mica en Vi\u00f1a del mar<\/strong><\/p><p>El astr\u00f3nomo e investigador postdoctoral Tiago Souza ofreci\u00f3 una charla motivacional en el Liceo Guillermo Rivera, titulada &#8220;Primeros pasos en Astronom\u00eda Observacional&#8221;. Los estudiantes quedaron fascinados al interactuar con un meteorito y aprender sobre instrumentos astron\u00f3micos.\u00a0<\/p><p><img loading=\"lazy\" decoding=\"async\" class=\"alignleft wp-image-19832 size-medium\" src=\"https:\/\/ifa.uv.cl\/wp-content\/uploads\/2024\/11\/IMG_6079-300x135.jpg\" alt=\"\" width=\"300\" height=\"135\" srcset=\"https:\/\/ifa.uv.cl\/wp-content\/uploads\/2024\/11\/IMG_6079-300x135.jpg 300w, https:\/\/ifa.uv.cl\/wp-content\/uploads\/2024\/11\/IMG_6079-1024x461.jpg 1024w, https:\/\/ifa.uv.cl\/wp-content\/uploads\/2024\/11\/IMG_6079-768x346.jpg 768w, https:\/\/ifa.uv.cl\/wp-content\/uploads\/2024\/11\/IMG_6079-1536x691.jpg 1536w, https:\/\/ifa.uv.cl\/wp-content\/uploads\/2024\/11\/IMG_6079.jpg 1600w\" sizes=\"auto, (max-width: 300px) 100vw, 300px\" \/><\/p><p>Adem\u00e1s de las actividades, se entregaron infograf\u00edas y materiales educativos a los participantes interesados, enriqueciendo su experiencia y fomentando la curiosidad cient\u00edfica.\u00a0<\/p><div id=\"attachment_19854\" style=\"width: 247px\" class=\"wp-caption alignleft\"><img loading=\"lazy\" decoding=\"async\" aria-describedby=\"caption-attachment-19854\" class=\"wp-image-19854 size-medium\" src=\"https:\/\/ifa.uv.cl\/wp-content\/uploads\/2024\/11\/7e3cbe70-77f7-4ac7-9427-7eccda46e785-1-237x300.jpg\" alt=\"\" width=\"237\" height=\"300\" srcset=\"https:\/\/ifa.uv.cl\/wp-content\/uploads\/2024\/11\/7e3cbe70-77f7-4ac7-9427-7eccda46e785-1-237x300.jpg 237w, https:\/\/ifa.uv.cl\/wp-content\/uploads\/2024\/11\/7e3cbe70-77f7-4ac7-9427-7eccda46e785-1-809x1024.jpg 809w, https:\/\/ifa.uv.cl\/wp-content\/uploads\/2024\/11\/7e3cbe70-77f7-4ac7-9427-7eccda46e785-1-768x972.jpg 768w, https:\/\/ifa.uv.cl\/wp-content\/uploads\/2024\/11\/7e3cbe70-77f7-4ac7-9427-7eccda46e785-1.jpg 978w\" sizes=\"auto, (max-width: 237px) 100vw, 237px\" \/><p id=\"caption-attachment-19854\" class=\"wp-caption-text\">Publicaci\u00f3n en diario La Estrella de Valpara\u00edso sobre el eclipse<\/p><\/div><p><strong>Curso de observaci\u00f3n astron\u00f3mica en la Facultad de Ciencias en Playa Ancha<\/strong><\/p><p>Otra de las concurridas actividades es el curso denominado \u201cAcerc\u00e1ndose al Universo en Vivo\u201d que se ha realizado este segundo semestre y ha estado dirigido a personas sin conocimientos previos en ciencias y astronom\u00eda que tambi\u00e9n incluye observaciones p\u00fablicas mensuales en las fechas cerca de la luna creciente.<\/p><p><img loading=\"lazy\" decoding=\"async\" class=\"alignleft wp-image-19888 size-medium\" src=\"https:\/\/ifa.uv.cl\/wp-content\/uploads\/2024\/11\/IMG_6522-2-225x300.jpg\" alt=\"\" width=\"225\" height=\"300\" srcset=\"https:\/\/ifa.uv.cl\/wp-content\/uploads\/2024\/11\/IMG_6522-2-225x300.jpg 225w, https:\/\/ifa.uv.cl\/wp-content\/uploads\/2024\/11\/IMG_6522-2-768x1024.jpg 768w, https:\/\/ifa.uv.cl\/wp-content\/uploads\/2024\/11\/IMG_6522-2-1152x1536.jpg 1152w, https:\/\/ifa.uv.cl\/wp-content\/uploads\/2024\/11\/IMG_6522-2-1536x2048.jpg 1536w, https:\/\/ifa.uv.cl\/wp-content\/uploads\/2024\/11\/IMG_6522-2-scaled.jpg 1920w\" sizes=\"auto, (max-width: 225px) 100vw, 225px\" \/><\/p><p>Gracias a todas estas actividades, el IFA-UV reafirma su compromiso con la divulgaci\u00f3n cient\u00edfica, acercando el universo a estudiantes de todos los niveles y fomentando futuras generaciones de cient\u00edficos y cient\u00edficas.\u00a0<\/p>\t\t\t\t\t\t<\/div>\n\t\t\t\t<\/div>\n\t\t\t\t\t<\/div>\n\t\t<\/div>\n\t\t\t\t\t\t\t<\/div>\n\t\t<\/section>\n\t\t\t\t\t\t\t<\/div>\n\t\t","protected":false},"excerpt":{"rendered":"<p>Durante el Mes de la Ciencia, el Instituto de F\u00edsica y Astronom\u00eda de la Universidad de Valpara\u00edso despleg\u00f3 a su comunidad de estudiantes e investigadores por diversos colegios de la regi\u00f3n, llevando conocimiento, actividades interactivas y observaciones astron\u00f3micas a cientos de estudiantes de distintos establecimientos educativos de la V regi\u00f3n de Valpara\u00edso.<\/p>\n","protected":false},"author":6,"featured_media":19817,"comment_status":"closed","ping_status":"open","sticky":false,"template":"","format":"standard","meta":{"footnotes":""},"categories":[163,107],"tags":[138,143],"class_list":["post-19819","post","type-post","status-publish","format-standard","has-post-thumbnail","hentry","category-noticias-en","category-uncategorized","tag-astronomia-en","tag-ifa-en"],"_links":{"self":[{"href":"https:\/\/ifa.uv.cl\/en\/wp-json\/wp\/v2\/posts\/19819","targetHints":{"allow":["GET"]}}],"collection":[{"href":"https:\/\/ifa.uv.cl\/en\/wp-json\/wp\/v2\/posts"}],"about":[{"href":"https:\/\/ifa.uv.cl\/en\/wp-json\/wp\/v2\/types\/post"}],"author":[{"embeddable":true,"href":"https:\/\/ifa.uv.cl\/en\/wp-json\/wp\/v2\/users\/6"}],"replies":[{"embeddable":true,"href":"https:\/\/ifa.uv.cl\/en\/wp-json\/wp\/v2\/comments?post=19819"}],"version-history":[{"count":24,"href":"https:\/\/ifa.uv.cl\/en\/wp-json\/wp\/v2\/posts\/19819\/revisions"}],"predecessor-version":[{"id":19900,"href":"https:\/\/ifa.uv.cl\/en\/wp-json\/wp\/v2\/posts\/19819\/revisions\/19900"}],"wp:featuredmedia":[{"embeddable":true,"href":"https:\/\/ifa.uv.cl\/en\/wp-json\/wp\/v2\/media\/19817"}],"wp:attachment":[{"href":"https:\/\/ifa.uv.cl\/en\/wp-json\/wp\/v2\/media?parent=19819"}],"wp:term":[{"taxonomy":"category","embeddable":true,"href":"https:\/\/ifa.uv.cl\/en\/wp-json\/wp\/v2\/categories?post=19819"},{"taxonomy":"post_tag","embeddable":true,"href":"https:\/\/ifa.uv.cl\/en\/wp-json\/wp\/v2\/tags?post=19819"}],"curies":[{"name":"wp","href":"https:\/\/api.w.org\/{rel}","templated":true}]}}