{"id":19051,"date":"2024-09-23T13:12:59","date_gmt":"2024-09-23T16:12:59","guid":{"rendered":"https:\/\/ifa.uv.cl\/?p=19051"},"modified":"2024-09-24T11:14:37","modified_gmt":"2024-09-24T14:14:37","slug":"dictan-charla-sobre-los-binoculares-galacticos","status":"publish","type":"post","link":"https:\/\/ifa.uv.cl\/en\/dictan-charla-sobre-los-binoculares-galacticos\/","title":{"rendered":"Dictan charla sobre los binoculares gal\u00e1cticos"},"content":{"rendered":"\t\t<div data-elementor-type=\"wp-post\" data-elementor-id=\"19051\" class=\"elementor elementor-19051\">\n\t\t\t\t\t\t\t\t\t<section class=\"elementor-section elementor-top-section elementor-element elementor-element-7c7f122 elementor-section-boxed elementor-section-height-default elementor-section-height-default qodef-elementor-content-no\" data-id=\"7c7f122\" data-element_type=\"section\">\n\t\t\t\t\t\t<div class=\"elementor-container elementor-column-gap-default\">\n\t\t\t\t\t<div class=\"elementor-column elementor-col-100 elementor-top-column elementor-element elementor-element-aa8a5ae\" data-id=\"aa8a5ae\" data-element_type=\"column\">\n\t\t\t<div class=\"elementor-widget-wrap elementor-element-populated\">\n\t\t\t\t\t\t\t\t<div class=\"elementor-element elementor-element-d3cf318 elementor-widget elementor-widget-text-editor\" data-id=\"d3cf318\" data-element_type=\"widget\" data-widget_type=\"text-editor.default\">\n\t\t\t\t<div class=\"elementor-widget-container\">\n\t\t\t<style>\/*! elementor - v3.6.7 - 03-07-2022 *\/\n.elementor-widget-text-editor.elementor-drop-cap-view-stacked .elementor-drop-cap{background-color:#818a91;color:#fff}.elementor-widget-text-editor.elementor-drop-cap-view-framed .elementor-drop-cap{color:#818a91;border:3px solid;background-color:transparent}.elementor-widget-text-editor:not(.elementor-drop-cap-view-default) .elementor-drop-cap{margin-top:8px}.elementor-widget-text-editor:not(.elementor-drop-cap-view-default) .elementor-drop-cap-letter{width:1em;height:1em}.elementor-widget-text-editor .elementor-drop-cap{float:left;text-align:center;line-height:1;font-size:50px}.elementor-widget-text-editor .elementor-drop-cap-letter{display:inline-block}<\/style>\t\t\t\t<p>23 de Septiembre 2024<\/p><div class=\"mceTemp\">\u00a0<\/div><p>\u00a0<\/p><p><span style=\"font-weight: 400;\">Ana Esteban Gutierrez, investigadora en Astrof\u00edsica del Instituto de F\u00edsica y Astronom\u00eda de la Universidad de Valpara\u00edso, <\/span><span style=\"font-weight: 400;\">impartir\u00e1<\/span><span style=\"font-weight: 400;\">\u00a0la charla <\/span><span style=\"font-weight: 400;\">titulada:<\/span><span style=\"font-weight: 400;\"> &#8220;Siguiendo los pasos de la luz y la gravedad: Lentes en el Espacio&#8221; en el marco del ciclo de charlas p\u00fablicas de astronom\u00eda el pr\u00f3ximo 7 de octubre a las 18 horas en la Sala Ruben Dar\u00edo del Centro de Extensi\u00f3n de la UV ubicado en Av. Err\u00e1zuriz 1108.\u00a0<\/span><\/p><p>\u00a0<\/p><p><span style=\"font-weight: 400;\">Durante la charla, Ana nos llevar\u00e1 en un viaje que sigue el recorrido de la luz desde una galaxia lejana y nos mostrar\u00e1 c\u00f3mo la gravedad puede cambiar su trayectoria<\/span><span style=\"font-weight: 400;\"> para finalmente modificar la imagen que nos llega de dicha galaxia a nuestros telescopios<\/span><span style=\"font-weight: 400;\">. Este fen\u00f3meno, conocido como lente gravitatoria, funciona como una \u201clupa natural\u201d o \u201cbinoculares gal\u00e1cticos\u201d que nos permiten ver objetos muy distantes del espacio y descubrir m\u00e1s acerca de ellos.<\/span><\/p><p>\u00a0<\/p><p><span style=\"font-weight: 400;\">Gracias a este fen\u00f3meno, los astrof\u00edsicos pueden estudiar la<\/span><span style=\"font-weight: 400;\"> estructura de la<\/span><span style=\"font-weight: 400;\">s galaxias, entender c\u00f3mo est\u00e1n formadas <\/span><span style=\"font-weight: 400;\">e<\/span><span style=\"font-weight: 400;\"> investigar el papel de la misteriosa energ\u00eda oscura, que influye en la evoluci\u00f3n del universo. Adem\u00e1s, al final de la charla, Ana propondr\u00e1 algunos experimentos simples que cualquiera podr\u00e1 hacer en casa para entender mejor este concepto.<\/span><\/p><div id=\"attachment_14937\" style=\"width: 244px\" class=\"wp-caption alignleft\"><img loading=\"lazy\" decoding=\"async\" aria-describedby=\"caption-attachment-14937\" class=\"wp-image-14937 size-medium\" src=\"https:\/\/ifa.uv.cl\/wp-content\/uploads\/2023\/07\/Ana-Esteban-234x300.jpg\" alt=\"\" width=\"234\" height=\"300\" srcset=\"https:\/\/ifa.uv.cl\/wp-content\/uploads\/2023\/07\/Ana-Esteban-234x300.jpg 234w, https:\/\/ifa.uv.cl\/wp-content\/uploads\/2023\/07\/Ana-Esteban-799x1024.jpg 799w, https:\/\/ifa.uv.cl\/wp-content\/uploads\/2023\/07\/Ana-Esteban-768x985.jpg 768w, https:\/\/ifa.uv.cl\/wp-content\/uploads\/2023\/07\/Ana-Esteban-1198x1536.jpg 1198w, https:\/\/ifa.uv.cl\/wp-content\/uploads\/2023\/07\/Ana-Esteban-1597x2048.jpg 1597w, https:\/\/ifa.uv.cl\/wp-content\/uploads\/2023\/07\/Ana-Esteban-scaled.jpg 1997w\" sizes=\"auto, (max-width: 234px) 100vw, 234px\" \/><p id=\"caption-attachment-14937\" class=\"wp-caption-text\">Ana Esteban Gutierrez, Investigadora Postdoctoral<\/p><\/div><p><span style=\"font-weight: 400;\">Ana Esteban Guti\u00e9rrez es Doctora en Astrof\u00edsica por la Universidad de La Laguna y el Instituto de Astrof\u00edsica de Canarias (Tenerife, Espa\u00f1a \u2013 2022). Su tesis fue dirigida por el Prof. Evencio Mediavilla con el objetivo de aplicar el efecto microlente en cu\u00e1sares al campo de la Cosmolog\u00eda. Actualmente realiza su postdoctorado bajo la supervisi\u00f3n de la Prof. Ver\u00f3nica Motta del IFA &#8211; UV financiada por un proyecto Fondecyt de Agencia Nacional de Investigaci\u00f3n y Desarrollo (ANID) para el per\u00edodo 2023-2026.<\/span><\/p><p>\u00a0<\/p><p><span style=\"font-weight: 400;\">Finalmente, cabe recordar que ese lunes 7 de octubre podr\u00e1n escuchar una entrevista en profundidad a la astrof\u00edsica a las 11:30 horas en el programa Caf\u00e9 Negro que conduce Ren\u00e9 Cevasco en Radio Valent\u00edn Letelier 97.3 FM<\/span><\/p>\t\t\t\t\t\t<\/div>\n\t\t\t\t<\/div>\n\t\t\t\t\t<\/div>\n\t\t<\/div>\n\t\t\t\t\t\t\t<\/div>\n\t\t<\/section>\n\t\t\t\t\t\t\t<\/div>\n\t\t","protected":false},"excerpt":{"rendered":"<p>Ana Esteban Gutierrez, investigadora en Astrof\u00edsica del Instituto de F\u00edsica y Astronom\u00eda de la Universidad de Valpara\u00edso, impartir\u00e1 la charla titulada: &#8220;Siguiendo los pasos de la luz y la gravedad: Lentes en el Espacio&#8221; en el marco del ciclo de charlas p\u00fablicas de astronom\u00eda el pr\u00f3ximo 7 de octubre a las 18 horas en la Sala Ruben Dar\u00edo del Centro de Extensi\u00f3n de la UV ubicado en Av. Err\u00e1zuriz 1108. <\/p>\n","protected":false},"author":6,"featured_media":19050,"comment_status":"closed","ping_status":"open","sticky":false,"template":"","format":"standard","meta":{"footnotes":""},"categories":[163,107],"tags":[138,138,143,143],"class_list":{"0":"post-19051","1":"post","2":"type-post","3":"status-publish","4":"format-standard","5":"has-post-thumbnail","6":"hentry","7":"category-noticias-en","8":"category-uncategorized","9":"tag-astronomia-en","11":"tag-ifa-en"},"_links":{"self":[{"href":"https:\/\/ifa.uv.cl\/en\/wp-json\/wp\/v2\/posts\/19051","targetHints":{"allow":["GET"]}}],"collection":[{"href":"https:\/\/ifa.uv.cl\/en\/wp-json\/wp\/v2\/posts"}],"about":[{"href":"https:\/\/ifa.uv.cl\/en\/wp-json\/wp\/v2\/types\/post"}],"author":[{"embeddable":true,"href":"https:\/\/ifa.uv.cl\/en\/wp-json\/wp\/v2\/users\/6"}],"replies":[{"embeddable":true,"href":"https:\/\/ifa.uv.cl\/en\/wp-json\/wp\/v2\/comments?post=19051"}],"version-history":[{"count":10,"href":"https:\/\/ifa.uv.cl\/en\/wp-json\/wp\/v2\/posts\/19051\/revisions"}],"predecessor-version":[{"id":19070,"href":"https:\/\/ifa.uv.cl\/en\/wp-json\/wp\/v2\/posts\/19051\/revisions\/19070"}],"wp:featuredmedia":[{"embeddable":true,"href":"https:\/\/ifa.uv.cl\/en\/wp-json\/wp\/v2\/media\/19050"}],"wp:attachment":[{"href":"https:\/\/ifa.uv.cl\/en\/wp-json\/wp\/v2\/media?parent=19051"}],"wp:term":[{"taxonomy":"category","embeddable":true,"href":"https:\/\/ifa.uv.cl\/en\/wp-json\/wp\/v2\/categories?post=19051"},{"taxonomy":"post_tag","embeddable":true,"href":"https:\/\/ifa.uv.cl\/en\/wp-json\/wp\/v2\/tags?post=19051"}],"curies":[{"name":"wp","href":"https:\/\/api.w.org\/{rel}","templated":true}]}}