{"id":18915,"date":"2024-09-27T11:44:14","date_gmt":"2024-09-27T14:44:14","guid":{"rendered":"https:\/\/ifa.uv.cl\/?p=18915"},"modified":"2024-09-27T11:44:15","modified_gmt":"2024-09-27T14:44:15","slug":"primer-nucleo-milenio-con-cientificos-chilenos-liderara-estudio-sobre-las-galaxias","status":"publish","type":"post","link":"https:\/\/ifa.uv.cl\/en\/primer-nucleo-milenio-con-cientificos-chilenos-liderara-estudio-sobre-las-galaxias\/","title":{"rendered":"Primer N\u00facleo Milenio enfocado en la formaci\u00f3n y evoluci\u00f3n de las galaxias"},"content":{"rendered":"\t\t<div data-elementor-type=\"wp-post\" data-elementor-id=\"18915\" class=\"elementor elementor-18915\">\n\t\t\t\t\t\t\t\t\t<section class=\"elementor-section elementor-top-section elementor-element elementor-element-7c7f122 elementor-section-boxed elementor-section-height-default elementor-section-height-default qodef-elementor-content-no\" data-id=\"7c7f122\" data-element_type=\"section\">\n\t\t\t\t\t\t<div class=\"elementor-container elementor-column-gap-default\">\n\t\t\t\t\t<div class=\"elementor-column elementor-col-100 elementor-top-column elementor-element elementor-element-aa8a5ae\" data-id=\"aa8a5ae\" data-element_type=\"column\">\n\t\t\t<div class=\"elementor-widget-wrap elementor-element-populated\">\n\t\t\t\t\t\t\t\t<div class=\"elementor-element elementor-element-d3cf318 elementor-widget elementor-widget-text-editor\" data-id=\"d3cf318\" data-element_type=\"widget\" data-widget_type=\"text-editor.default\">\n\t\t\t\t<div class=\"elementor-widget-container\">\n\t\t\t<style>\/*! elementor - v3.6.7 - 03-07-2022 *\/\n.elementor-widget-text-editor.elementor-drop-cap-view-stacked .elementor-drop-cap{background-color:#818a91;color:#fff}.elementor-widget-text-editor.elementor-drop-cap-view-framed .elementor-drop-cap{color:#818a91;border:3px solid;background-color:transparent}.elementor-widget-text-editor:not(.elementor-drop-cap-view-default) .elementor-drop-cap{margin-top:8px}.elementor-widget-text-editor:not(.elementor-drop-cap-view-default) .elementor-drop-cap-letter{width:1em;height:1em}.elementor-widget-text-editor .elementor-drop-cap{float:left;text-align:center;line-height:1;font-size:50px}.elementor-widget-text-editor .elementor-drop-cap-letter{display:inline-block}<\/style>\t\t\t\t<p>5 de Septiembre 2024<\/p><p>\u00a0<\/p><p><span style=\"font-weight: 400;\">El astr\u00f3nomo y director del Instituto de F\u00edsica y Astronom\u00eda de la Universidad de Valpara\u00edso, Dr. Eduardo Ibar se adjudic\u00f3 como investigador principal un N\u00facleo Milenio de Galaxias (MINGAL), que investigar\u00e1 la evoluci\u00f3n de las galaxias usando datos astron\u00f3micos de \u00faltima generaci\u00f3n, combinados con herramientas de inteligencia artificial y simulaciones c\u00f3smicas.<\/span><\/p><p><span style=\"font-weight: 400;\">Con un enfoque colaborativo este N\u00facleo Milenio de Galaxias (MINGAL) estar\u00e1 dedicado de forma multidisciplinaria a entender los mecanismos f\u00edsicos que regulan la evoluci\u00f3n de las galaxias, desde el Universo temprano hasta el presente.\u00a0<\/span><\/p><p><span style=\"font-weight: 400;\">\u201cComo cient\u00edfico de la Universidad de Valpara\u00edso participo con los colegas Rodrigo Herrera-Camus y Guillermo Cabrera de la Universidad de Concepci\u00f3n; Dra. Yara Jaff\u00e9 y Rory Smith de la Universidad Federico Santa Mar\u00eda; Manuel Aravena de la Universidad Diego Portales y Lucia Guaita de la\u00a0 Universidad Andr\u00e9s Bello, con quienes desarrollaremos este proyecto de alto alcance cient\u00edfico enfocado en dos principales directrices, el estudio de las propiedades internas de galaxias a distintas distancias cosmol\u00f3gicas y, por otro lado, el efecto que tiene el entorno en la evoluci\u00f3n de \u00e9stas. Ambas l\u00edneas innovar\u00e1n utilizando tecnolog\u00edas avanzadas de inteligencia artificial\u201d, anunci\u00f3 Eduardo Ibar.<\/span><\/p><p><span style=\"font-weight: 400;\">Con el fin de atraer talento joven y fortalecer la investigaci\u00f3n, los recursos en su gran mayor\u00eda se destinar\u00e1n a investigadores iniciales, en particular investigadores postdoctorales, estudiantes de pregrado, mag\u00edster y doctorado, que sean parte de las instituciones patrocinantes y que reforzar\u00e1n las l\u00edneas de investigaci\u00f3n del proyecto. Se realizar\u00e1n talleres cient\u00edficos y actividades de divulgaci\u00f3n para la comunidad con el fin de promover la comprensi\u00f3n del Universo distante.\u00a0<\/span><\/p><p><b>El papel clave de los Telescopios chilenos<\/b><span style=\"font-weight: 400;\">\u00a0<\/span><\/p><p><span style=\"font-weight: 400;\">El Dr. Ibar tambi\u00e9n destac\u00f3 la importancia de los futuros telescopios en construcci\u00f3n en el desierto de Atacama para el desarrollo del proyecto. Actualmente contamos con el aporte de ALMA, que permite estudiar el medio interestelar de galaxias que existieron hace m\u00e1s de 10 mil millones de a\u00f1os. Estos datos tambi\u00e9n se complementar\u00e1n con observaciones del Very Large Telescope (VLT) y el telescopio espacial James Webb (JWST).<\/span><\/p><p><span style=\"font-weight: 400;\">El aporte, en particular, <\/span><span style=\"font-weight: 400;\">del Instituto de F\u00edsica y Astronom\u00eda de la Universidad de Valpara\u00edso que liderar\u00e1 el investigador, abarcar\u00e1 con estas observaciones una mayor comprensi\u00f3n de c\u00f3mo es que se formaban las estrellas en el pasado, por qu\u00e9 procesos f\u00edsicos pasaban estas galaxias y c\u00f3mo fu\u00e9 que estas se unieron en el tiempo para formar galaxias masivas como en la que nosotros habitamos, la V\u00eda L\u00e1ctea.<\/span><\/p><p><strong>Inteligencia artificial y origen de las galaxias\u00a0<\/strong><\/p><p><span style=\"font-weight: 400;\">El uso de la inteligencia artificial ser\u00e1 crucial para analizar los datos que se recoger\u00e1n con estos instrumentos. Es por ello que este<\/span><span style=\"font-weight: 400;\"> nuevo centro de investigaci\u00f3n, de m\u00e1xima excelencia y primero en su tipo en Chile, que inicialmente tendr\u00e1 una duraci\u00f3n de tres a\u00f1os con posibilidad de extensi\u00f3n, espera tener un impacto significativo en la comprensi\u00f3n del origen de las galaxias y en la comunidad cient\u00edfica internacional<\/span><span style=\"font-weight: 400;\">. El equipo espera iniciar formalmente sus investigaciones dentro de los pr\u00f3ximos meses con la expectativa que los resultados arrojen luz sobre el origen y la evoluci\u00f3n de las galaxias en el Universo.\u00a0<\/span><\/p><p>\u00a0<\/p>\t\t\t\t\t\t<\/div>\n\t\t\t\t<\/div>\n\t\t\t\t\t<\/div>\n\t\t<\/div>\n\t\t\t\t\t\t\t<\/div>\n\t\t<\/section>\n\t\t\t\t\t\t\t<\/div>\n\t\t","protected":false},"excerpt":{"rendered":"<p>El astr\u00f3nomo y director del Instituto de F\u00edsica y Astronom\u00eda de la Universidad de Valpara\u00edso, Dr. Eduardo Ibar se adjudic\u00f3 como investigador principal un N\u00facleo Milenio de Galaxias (MINGAL), que investigar\u00e1 la evoluci\u00f3n de las galaxias usando datos astron\u00f3micos de \u00faltima generaci\u00f3n, combinados con herramientas de inteligencia artificial y simulaciones c\u00f3smicas.<\/p>\n","protected":false},"author":6,"featured_media":18845,"comment_status":"closed","ping_status":"open","sticky":false,"template":"","format":"standard","meta":{"footnotes":""},"categories":[163,107],"tags":[138,143],"class_list":["post-18915","post","type-post","status-publish","format-standard","has-post-thumbnail","hentry","category-noticias-en","category-uncategorized","tag-astronomia-en","tag-ifa-en"],"_links":{"self":[{"href":"https:\/\/ifa.uv.cl\/en\/wp-json\/wp\/v2\/posts\/18915","targetHints":{"allow":["GET"]}}],"collection":[{"href":"https:\/\/ifa.uv.cl\/en\/wp-json\/wp\/v2\/posts"}],"about":[{"href":"https:\/\/ifa.uv.cl\/en\/wp-json\/wp\/v2\/types\/post"}],"author":[{"embeddable":true,"href":"https:\/\/ifa.uv.cl\/en\/wp-json\/wp\/v2\/users\/6"}],"replies":[{"embeddable":true,"href":"https:\/\/ifa.uv.cl\/en\/wp-json\/wp\/v2\/comments?post=18915"}],"version-history":[{"count":18,"href":"https:\/\/ifa.uv.cl\/en\/wp-json\/wp\/v2\/posts\/18915\/revisions"}],"predecessor-version":[{"id":18953,"href":"https:\/\/ifa.uv.cl\/en\/wp-json\/wp\/v2\/posts\/18915\/revisions\/18953"}],"wp:featuredmedia":[{"embeddable":true,"href":"https:\/\/ifa.uv.cl\/en\/wp-json\/wp\/v2\/media\/18845"}],"wp:attachment":[{"href":"https:\/\/ifa.uv.cl\/en\/wp-json\/wp\/v2\/media?parent=18915"}],"wp:term":[{"taxonomy":"category","embeddable":true,"href":"https:\/\/ifa.uv.cl\/en\/wp-json\/wp\/v2\/categories?post=18915"},{"taxonomy":"post_tag","embeddable":true,"href":"https:\/\/ifa.uv.cl\/en\/wp-json\/wp\/v2\/tags?post=18915"}],"curies":[{"name":"wp","href":"https:\/\/api.w.org\/{rel}","templated":true}]}}