{"id":18485,"date":"2024-07-29T12:16:20","date_gmt":"2024-07-29T16:16:20","guid":{"rendered":"https:\/\/ifa.uv.cl\/?p=18485"},"modified":"2024-07-29T12:24:40","modified_gmt":"2024-07-29T16:24:40","slug":"activan-red-de-camaras-de-vigilancia-que-detectan-meteoritos-en-chile","status":"publish","type":"post","link":"https:\/\/ifa.uv.cl\/en\/activan-red-de-camaras-de-vigilancia-que-detectan-meteoritos-en-chile\/","title":{"rendered":"Activan red de c\u00e1maras de vigilancia que detectan meteoritos en Chile"},"content":{"rendered":"\t\t<div data-elementor-type=\"wp-post\" data-elementor-id=\"18485\" class=\"elementor elementor-18485\">\n\t\t\t\t\t\t\t\t\t<section class=\"elementor-section elementor-top-section elementor-element elementor-element-7c7f122 elementor-section-boxed elementor-section-height-default elementor-section-height-default qodef-elementor-content-no\" data-id=\"7c7f122\" data-element_type=\"section\">\n\t\t\t\t\t\t<div class=\"elementor-container elementor-column-gap-default\">\n\t\t\t\t\t<div class=\"elementor-column elementor-col-100 elementor-top-column elementor-element elementor-element-aa8a5ae\" data-id=\"aa8a5ae\" data-element_type=\"column\">\n\t\t\t<div class=\"elementor-widget-wrap elementor-element-populated\">\n\t\t\t\t\t\t\t\t<div class=\"elementor-element elementor-element-d3cf318 elementor-widget elementor-widget-text-editor\" data-id=\"d3cf318\" data-element_type=\"widget\" data-widget_type=\"text-editor.default\">\n\t\t\t\t<div class=\"elementor-widget-container\">\n\t\t\t<style>\/*! elementor - v3.6.7 - 03-07-2022 *\/\n.elementor-widget-text-editor.elementor-drop-cap-view-stacked .elementor-drop-cap{background-color:#818a91;color:#fff}.elementor-widget-text-editor.elementor-drop-cap-view-framed .elementor-drop-cap{color:#818a91;border:3px solid;background-color:transparent}.elementor-widget-text-editor:not(.elementor-drop-cap-view-default) .elementor-drop-cap{margin-top:8px}.elementor-widget-text-editor:not(.elementor-drop-cap-view-default) .elementor-drop-cap-letter{width:1em;height:1em}.elementor-widget-text-editor .elementor-drop-cap{float:left;text-align:center;line-height:1;font-size:50px}.elementor-widget-text-editor .elementor-drop-cap-letter{display:inline-block}<\/style>\t\t\t\t<p>29 de julio 2024<\/p><blockquote><p>El Instituto de F\u00edsica y Astronom\u00eda de la Universidad de Valpara\u00edso a trav\u00e9s de la astr\u00f3noma Dra. Maja Vuckovic participa de la red FRIPON que integran cient\u00edficas chilenas y argentinas<\/p><\/blockquote><p>La noche del 10 de julio de 2024, aproximadamente a las 20:30 hora local, las personas que estaban en las alturas de la cordillera de Los Andes entre Santiago y Mendoza, tuvieron la inesperada y rara oportunidad de observar una brillante estrella fugaz (b\u00f3lido) iluminando los cielos oscuros. Esto lo sabemos gracias a la detecci\u00f3n m\u00faltiple confirmada lograda con las c\u00e1maras de la red FRIPON Andino instaladas en Santiago y Mendoza en el instante 2024-07-11 00:36:46 UTC.<\/p><div id=\"attachment_18492\" style=\"width: 160px\" class=\"wp-caption alignleft\"><img loading=\"lazy\" decoding=\"async\" aria-describedby=\"caption-attachment-18492\" class=\"wp-image-18492 size-thumbnail\" src=\"https:\/\/ifa.uv.cl\/wp-content\/uploads\/2024\/07\/Maja-150x150.jpeg\" alt=\"\" width=\"150\" height=\"150\" srcset=\"https:\/\/ifa.uv.cl\/wp-content\/uploads\/2024\/07\/Maja-150x150.jpeg 150w, https:\/\/ifa.uv.cl\/wp-content\/uploads\/2024\/07\/Maja-650x650.jpeg 650w\" sizes=\"auto, (max-width: 150px) 100vw, 150px\" \/><p id=\"caption-attachment-18492\" class=\"wp-caption-text\">Dra. Maja Vuckovic<\/p><\/div><p>\u201cEsta ca\u00edda es la primera de muchas que se estima ser\u00e1n detectadas por la red FRIPON Andino en los pr\u00f3ximos meses y a\u00f1os. El objetivo perseguido es lograr la primera recuperaci\u00f3n de un meteorito reci\u00e9n ca\u00eddo en las zonas cubiertas por la red y continuar esta recolecci\u00f3n de muestras por el mayor tiempo posible. Los restos de material extraterrestre son valiosas muestras pr\u00edstinas del material del cual se form\u00f3 el Sol y los planetas. Su an\u00e1lisis permitir\u00e1 dilucidar los detalles de la formaci\u00f3n y evoluci\u00f3n de nuestro sistema planetario\u201d, comenta la astr\u00f3noma Dra. Maja Vuckovic del IFA-UV.<\/p><p>La red FRIPON es una red mundial de c\u00e1maras \u201cojo de pez\u201d o all-sky, que se dedica a la observaci\u00f3n y trazado de la trayectoria de b\u00f3lidos, con el prop\u00f3sito de estimar cu\u00e1les sobreviven la ca\u00edda atmosf\u00e9rica, acotar la zona de descenso y recuperar los meteoritos sobrevivientes en poco tiempo. Estos datos y los meteoritos recuperados se emplean en el estudio de la distribuci\u00f3n del material en forma de polvo y rocas extraterrestre que existe en el Sistema Solar, y que corresponden a escombros de la formaci\u00f3n del Sol y los planetas.<\/p><p>Detecciones del b\u00f3lido realizadas por las c\u00e1maras FRIPON<\/p><p>El an\u00e1lisis de las im\u00e1genes obtenidas por las c\u00e1maras FRIPON ha permitido establecer que el b\u00f3lido emiti\u00f3 su brillo cuando el cuerpo se encontraba entre los 85 y los 25 km de altura sobre la superficie. La primera velocidad medida fue de 18 km\/s (unos 64,800 km\/h) y debido al roce atmosf\u00e9rico se redujo substancialmente su velocidad a apenas 6 km\/s (21600 km\/h) cuando se termin\u00f3 el fen\u00f3meno luminoso. Esto indicar\u00eda una alta probabilidad de que poco despu\u00e9s el material del meteoro sobrevivi\u00f3 a esta primera parte de su trayectoria y continu\u00f3 su camino final sin emisi\u00f3n de luz (vuelo oscuro) hasta llegar al suelo, convirti\u00e9ndose entonces en un meteorito. Las mediciones de brillo (fotometr\u00eda) del b\u00f3lido, indican que el meteoro alcanz\u00f3 una magnitud absoluta de -9, saturando las c\u00e1maras por un par de segundos de los cinco en total que dur\u00f3 el evento. Como referencia, el brillo de la Luna llena en el cenit en la misma escala (logar\u00edtmica) es de -12.<\/p><p>Estimaciones preliminares indican que el meteorito tendr\u00eda una masa de alrededor de 1 kg y tendr\u00eda un tama\u00f1o del orden de 10 cm. El \u00e1rea de impacto se ubica cerca de la frontera entre Argentina y Chile en la zona de alta monta\u00f1a de la cordillera, lugar de dif\u00edcil acceso que aunado a las condiciones invernales actuales dificulta en gran medida una b\u00fasqueda inmediata. C\u00e1lculos de la \u00f3rbita del meteoroide antes de caer a la Tierra indican que el cuerpo del cual se origin\u00f3 ten\u00eda una \u00f3rbita contenida dentro de la ecl\u00edptica, es decir, coplanar con los planetas del Sistema Solar, y su mayor distancia al Sol (apogeo) fue de unas 4.375 unidades astron\u00f3micas, lo que corresponde a las zonas m\u00e1s externas del cintur\u00f3n principal de asteroides (como referencia la distancia promedio entre el Sol y J\u00fapiter son 5 unidades astron\u00f3micas).<\/p><p>FRIPON Andino<\/p><p>La red FRIPON comenz\u00f3 originalmente en Francia y se extendi\u00f3 por Europa y Canad\u00e1 los primeros a\u00f1os. La necesidad de extender la red hacia el hemisferio sur motiv\u00f3 la expansi\u00f3n de FRIPON a los pa\u00edses andinos, instal\u00e1ndose en 2023 y 2024 las c\u00e1maras en varias localidades de Chile y en Mendoza, Argentina. El n\u00famero creciente de c\u00e1maras de esta red y la colaboraci\u00f3n cient\u00edfica local di\u00f3 origen a FRIPON Andino, como grupo encargado del manejo de la colaboraci\u00f3n en esta parte del planeta.<\/p><p>En la actualidad hay 10 c\u00e1maras operativas y funcionando en las regiones de Antofagasta (2), Atacama (3), Coquimbo (2), Metropolitana (1), Magallanes (1) de Chile y una en la provincia de Mendoza, en Argentina. C\u00e1maras adicionales se esperan instalar tanto en Argentina como en Chile. En un futuro se espera agregar a FRIPON Andino c\u00e1maras similares existentes en Per\u00fa y posiblemente Bolivia.<\/p><p>FRIPON Andino es coordinado en Chile por el Laboratorio Franco-Chileno de Astronom\u00eda (FCLA), con apoyo y aportes del Departamento de Astronom\u00eda de la Universidad de Chile y del Instituto Milenio de Astrof\u00edsica (MAS). Adem\u00e1s, en FRIPON Andino participan los siguientes cient\u00edficos asociados: Millarca Valenzuela (MAS\/UCN), Rene A. Mendez (U. de Chile), Katherine Vieira (UDA), Andres Jordan (MAS\/UAI), Christian Nitschelm (UA), Massinissa Hadjara (NIAOT\/U. de Chile), Jos\u00e9 Nilo (ULS), Maja Vuckovic (UV), Hebe Cremades (UM), Myriam Pajuelo (PUCP), Bin Yang (UDP), Alexandre Corgne (UACh), Carlos Francile (OAFA Cesco), S\u00e9bastien Bouquillon (LFCA\/UChile), Fran\u00e7ois Colas (PSL), Emmanuel Jehin (U. de Li\u00e8ge), Alain Klotz (IRAP), Pierre Bourget (ESO) &amp; Pierre Vernazza (LAM).<\/p><p>M\u00e1s detalles<\/p><p>Detalles adicionales pueden ser revisados en los siguiente enlaces:<br \/><a href=\"https:\/\/www.fcla.cl\/fripon-andino\">https:\/\/www.fcla.cl\/fripon-andino<\/a><br \/><a href=\"https:\/\/fireball.fripon.org\/displaymultiple.php?id=22924\">https:\/\/fireball.fripon.org\/displaymultiple.php?id=22924<\/a><\/p><p>\n\t\t<style type=\"text\/css\">\n\t\t\t#gallery-1 {\n\t\t\t\tmargin: auto;\n\t\t\t}\n\t\t\t#gallery-1 .gallery-item {\n\t\t\t\tfloat: left;\n\t\t\t\tmargin-top: 10px;\n\t\t\t\ttext-align: center;\n\t\t\t\twidth: 33%;\n\t\t\t}\n\t\t\t#gallery-1 img {\n\t\t\t\tborder: 2px solid #cfcfcf;\n\t\t\t}\n\t\t\t#gallery-1 .gallery-caption {\n\t\t\t\tmargin-left: 0;\n\t\t\t}\n\t\t\t\/* see gallery_shortcode() in wp-includes\/media.php *\/\n\t\t<\/style>\n\t\t<div id='gallery-1' class='gallery galleryid-18485 gallery-columns-3 gallery-size-large'><dl class='gallery-item'>\n\t\t\t<dt class='gallery-icon landscape'>\n\t\t\t\t<a href='https:\/\/ifa.uv.cl\/en\/meteoritos-en-mendoza-2\/'><img loading=\"lazy\" decoding=\"async\" width=\"470\" height=\"352\" src=\"https:\/\/ifa.uv.cl\/wp-content\/uploads\/2024\/07\/meteoritos-en-mendoza.png\" class=\"attachment-large size-large\" alt=\"\" aria-describedby=\"gallery-1-18497\" srcset=\"https:\/\/ifa.uv.cl\/wp-content\/uploads\/2024\/07\/meteoritos-en-mendoza.png 470w, https:\/\/ifa.uv.cl\/wp-content\/uploads\/2024\/07\/meteoritos-en-mendoza-300x225.png 300w\" sizes=\"auto, (max-width: 470px) 100vw, 470px\" \/><\/a>\n\t\t\t<\/dt>\n\t\t\t\t<dd class='wp-caption-text gallery-caption' id='gallery-1-18497'>\n\t\t\t\tChile\n\t\t\t\t<\/dd><\/dl><dl class='gallery-item'>\n\t\t\t<dt class='gallery-icon landscape'>\n\t\t\t\t<a href='https:\/\/ifa.uv.cl\/en\/activan-red-de-camaras-de-vigilancia-que-detectan-meteoritos-en-chile\/meteorito-2\/'><img loading=\"lazy\" decoding=\"async\" width=\"470\" height=\"352\" src=\"https:\/\/ifa.uv.cl\/wp-content\/uploads\/2024\/07\/meteorito.png\" class=\"attachment-large size-large\" alt=\"\" aria-describedby=\"gallery-1-18487\" srcset=\"https:\/\/ifa.uv.cl\/wp-content\/uploads\/2024\/07\/meteorito.png 470w, https:\/\/ifa.uv.cl\/wp-content\/uploads\/2024\/07\/meteorito-300x225.png 300w\" sizes=\"auto, (max-width: 470px) 100vw, 470px\" \/><\/a>\n\t\t\t<\/dt>\n\t\t\t\t<dd class='wp-caption-text gallery-caption' id='gallery-1-18487'>\n\t\t\t\tArgentina\n\t\t\t\t<\/dd><\/dl>\n\t\t\t<br style='clear: both' \/>\n\t\t<\/div>\n<\/p><p>Im\u00e1genes del paso del b\u00f3lido del 10-07-2024 en la c\u00e1mara FRIPON Santiago (izquierda) y en la c\u00e1mara FRIPON Mendoza (derecha). Fuente: FRIPON.<\/p><p><img loading=\"lazy\" decoding=\"async\" class=\"alignnone size-medium wp-image-18490\" src=\"https:\/\/ifa.uv.cl\/wp-content\/uploads\/2024\/07\/curva-de-luz-300x225.png\" alt=\"\" width=\"300\" height=\"225\" srcset=\"https:\/\/ifa.uv.cl\/wp-content\/uploads\/2024\/07\/curva-de-luz-300x225.png 300w, https:\/\/ifa.uv.cl\/wp-content\/uploads\/2024\/07\/curva-de-luz.png 647w\" sizes=\"auto, (max-width: 300px) 100vw, 300px\" \/><\/p><p>Curva de luz del b\u00f3lido observador por las c\u00e1maras FRIPON en Santiago de Chile (CLRM01) y Mendoza (ARMZ01) que son parte de FRIPON-ANDINO (https:\/\/www.fcla.cl\/fripon-andino). Fuente: FRIPON.<\/p><p><img loading=\"lazy\" decoding=\"async\" class=\"alignnone wp-image-18494 size-medium\" src=\"https:\/\/ifa.uv.cl\/wp-content\/uploads\/2024\/07\/mapameteoritos-300x180.png\" alt=\"\" width=\"300\" height=\"180\" srcset=\"https:\/\/ifa.uv.cl\/wp-content\/uploads\/2024\/07\/mapameteoritos-300x180.png 300w, https:\/\/ifa.uv.cl\/wp-content\/uploads\/2024\/07\/mapameteoritos-768x460.png 768w, https:\/\/ifa.uv.cl\/wp-content\/uploads\/2024\/07\/mapameteoritos.png 941w\" sizes=\"auto, (max-width: 300px) 100vw, 300px\" \/><\/p><p>Mapa del b\u00f3lido observado el 10 de julio de 2024 por las c\u00e1maras de la red FRIPON-ANDINO. Cr\u00e9ditos: Google Earth y FRIPON.<\/p>\t\t\t\t\t\t<\/div>\n\t\t\t\t<\/div>\n\t\t\t\t\t<\/div>\n\t\t<\/div>\n\t\t\t\t\t\t\t<\/div>\n\t\t<\/section>\n\t\t\t\t\t\t\t<\/div>\n\t\t","protected":false},"excerpt":{"rendered":"<p>La red FRIPON que integra la astr\u00f3noma Dra. Maja Vuckovic del IFA-UV es una red mundial de c\u00e1maras \u201cojo de pez\u201d o all-sky, que se dedica a la observaci\u00f3n y trazado de la trayectoria de b\u00f3lidos, con el prop\u00f3sito de estimar cu\u00e1les sobreviven la ca\u00edda atmosf\u00e9rica, acotar la zona de descenso y recuperar los meteoritos sobrevivientes en poco tiempo.<\/p>\n","protected":false},"author":6,"featured_media":18487,"comment_status":"closed","ping_status":"open","sticky":false,"template":"","format":"standard","meta":{"footnotes":""},"categories":[163,107],"tags":[138,138,143,143],"class_list":{"0":"post-18485","1":"post","2":"type-post","3":"status-publish","4":"format-standard","5":"has-post-thumbnail","6":"hentry","7":"category-noticias-en","8":"category-uncategorized","9":"tag-astronomia-en","11":"tag-ifa-en"},"_links":{"self":[{"href":"https:\/\/ifa.uv.cl\/en\/wp-json\/wp\/v2\/posts\/18485","targetHints":{"allow":["GET"]}}],"collection":[{"href":"https:\/\/ifa.uv.cl\/en\/wp-json\/wp\/v2\/posts"}],"about":[{"href":"https:\/\/ifa.uv.cl\/en\/wp-json\/wp\/v2\/types\/post"}],"author":[{"embeddable":true,"href":"https:\/\/ifa.uv.cl\/en\/wp-json\/wp\/v2\/users\/6"}],"replies":[{"embeddable":true,"href":"https:\/\/ifa.uv.cl\/en\/wp-json\/wp\/v2\/comments?post=18485"}],"version-history":[{"count":10,"href":"https:\/\/ifa.uv.cl\/en\/wp-json\/wp\/v2\/posts\/18485\/revisions"}],"predecessor-version":[{"id":18544,"href":"https:\/\/ifa.uv.cl\/en\/wp-json\/wp\/v2\/posts\/18485\/revisions\/18544"}],"wp:featuredmedia":[{"embeddable":true,"href":"https:\/\/ifa.uv.cl\/en\/wp-json\/wp\/v2\/media\/18487"}],"wp:attachment":[{"href":"https:\/\/ifa.uv.cl\/en\/wp-json\/wp\/v2\/media?parent=18485"}],"wp:term":[{"taxonomy":"category","embeddable":true,"href":"https:\/\/ifa.uv.cl\/en\/wp-json\/wp\/v2\/categories?post=18485"},{"taxonomy":"post_tag","embeddable":true,"href":"https:\/\/ifa.uv.cl\/en\/wp-json\/wp\/v2\/tags?post=18485"}],"curies":[{"name":"wp","href":"https:\/\/api.w.org\/{rel}","templated":true}]}}