{"id":16016,"date":"2023-11-10T18:28:09","date_gmt":"2023-11-10T18:28:09","guid":{"rendered":"https:\/\/ifa.uv.cl\/?p=16016"},"modified":"2024-07-12T14:50:31","modified_gmt":"2024-07-12T14:50:31","slug":"hallazgo-de-objeto-no-identificado-en-nuestra-galaxia","status":"publish","type":"post","link":"https:\/\/ifa.uv.cl\/en\/hallazgo-de-objeto-no-identificado-en-nuestra-galaxia\/","title":{"rendered":"Hallazgo de objeto no identificado en nuestra galaxia\u00a0"},"content":{"rendered":"\t\t<div data-elementor-type=\"wp-post\" data-elementor-id=\"16016\" class=\"elementor elementor-16016\">\n\t\t\t\t\t\t\t\t\t<section class=\"elementor-section elementor-top-section elementor-element elementor-element-7c7f122 elementor-section-boxed elementor-section-height-default elementor-section-height-default qodef-elementor-content-no\" data-id=\"7c7f122\" data-element_type=\"section\">\n\t\t\t\t\t\t<div class=\"elementor-container elementor-column-gap-default\">\n\t\t\t\t\t<div class=\"elementor-column elementor-col-100 elementor-top-column elementor-element elementor-element-aa8a5ae\" data-id=\"aa8a5ae\" data-element_type=\"column\">\n\t\t\t<div class=\"elementor-widget-wrap elementor-element-populated\">\n\t\t\t\t\t\t\t\t<div class=\"elementor-element elementor-element-d3cf318 elementor-widget elementor-widget-text-editor\" data-id=\"d3cf318\" data-element_type=\"widget\" data-widget_type=\"text-editor.default\">\n\t\t\t\t<div class=\"elementor-widget-container\">\n\t\t\t<style>\/*! elementor - v3.6.7 - 03-07-2022 *\/\n.elementor-widget-text-editor.elementor-drop-cap-view-stacked .elementor-drop-cap{background-color:#818a91;color:#fff}.elementor-widget-text-editor.elementor-drop-cap-view-framed .elementor-drop-cap{color:#818a91;border:3px solid;background-color:transparent}.elementor-widget-text-editor:not(.elementor-drop-cap-view-default) .elementor-drop-cap{margin-top:8px}.elementor-widget-text-editor:not(.elementor-drop-cap-view-default) .elementor-drop-cap-letter{width:1em;height:1em}.elementor-widget-text-editor .elementor-drop-cap{float:left;text-align:center;line-height:1;font-size:50px}.elementor-widget-text-editor .elementor-drop-cap-letter{display:inline-block}<\/style>\t\t\t\t<p>Este in\u00e9dito descubrimiento de 12 a\u00f1os de observaciones por parte de un equipo internacional de astr\u00f3nomos liderado por Roberto K. Saito de la Universidade Federal de Santa Catarina en Florian\u00f3polis, Brasil y acaba de ser publicado en The Astrophysical Journal Letters.<br \/>Zhen Guo, investigador postdoctoral del Instituto de F\u00edsica y Astronom\u00eda de la Universidad de Valpara\u00edso que es parte de este grupo de investigaci\u00f3n, confirma el descubrimiento de otro objeto \u00fanico en nuestra Galaxia, ya que el cient\u00edfico proporcion\u00f3 un an\u00e1lisis espectrosc\u00f3pico de los datos.<\/p><div id=\"attachment_16053\" style=\"width: 250px\" class=\"wp-caption alignleft\"><img loading=\"lazy\" decoding=\"async\" aria-describedby=\"caption-attachment-16053\" class=\"wp-image-16053 size-medium\" src=\"https:\/\/ifa.uv.cl\/wp-content\/uploads\/2023\/11\/WhatsApp-Image-2023-11-10-at-15.31.13-240x300.jpeg\" alt=\"\" width=\"240\" height=\"300\" srcset=\"https:\/\/ifa.uv.cl\/wp-content\/uploads\/2023\/11\/WhatsApp-Image-2023-11-10-at-15.31.13-240x300.jpeg 240w, https:\/\/ifa.uv.cl\/wp-content\/uploads\/2023\/11\/WhatsApp-Image-2023-11-10-at-15.31.13-819x1024.jpeg 819w, https:\/\/ifa.uv.cl\/wp-content\/uploads\/2023\/11\/WhatsApp-Image-2023-11-10-at-15.31.13-768x960.jpeg 768w, https:\/\/ifa.uv.cl\/wp-content\/uploads\/2023\/11\/WhatsApp-Image-2023-11-10-at-15.31.13-1229x1536.jpeg 1229w, https:\/\/ifa.uv.cl\/wp-content\/uploads\/2023\/11\/WhatsApp-Image-2023-11-10-at-15.31.13.jpeg 1536w\" sizes=\"auto, (max-width: 240px) 100vw, 240px\" \/><p id=\"caption-attachment-16053\" class=\"wp-caption-text\">Zhen Guo, investigador postdoctoral integrante del equipo de investigaci\u00f3n liderado por el Prof. Roberto Saito<\/p><\/div><p>El objeto WIT -12, de las siglas que significan \u201cWhat Is This?\u201d, que representan fen\u00f3menos astron\u00f3micos extremadamente raros, se encuentra en una regi\u00f3n muy oscura en la constelaci\u00f3n del Escorpi\u00f3n, cerca del centro de la V\u00eda L\u00e1ctea. Se trata de una combinaci\u00f3n muy peculiar de una estrella variable con una nebulosa que tambi\u00e9n cambia de brillo. <br \/>El hallazgo fue logrado gracias al survey VVVX, que es un mapeo del plano de la V\u00eda L\u00e1ctea realizado en luz infrarroja con el telescopio VISTA del observatorio ESO Paranal en Chile. Las im\u00e1genes profundas acumuladas por m\u00e1s de 12 a\u00f1os permiten buscar y monitorear estrellas que cambian de brillo en el tiempo. Se han descubierto decenas de miles de esas variables, que se clasifican de acuerdo a sus fluctuaciones de brillo. Sin embargo, cada tanto aparecen objetos variables que no pueden ser explicados f\u00e1cilmente porque no se ajustan a ninguna de las clases conocidas. <br \/>En el survey VVVX ya se encontraron una docena de esos objetos no identificados. Tal es el caso del WIT-12, que fue descubierto en las im\u00e1genes infrarrojas usando una t\u00e9cnica simple que se aplica generalmente para buscar ecos de luz de supernovas. La t\u00e9cnica consiste en hacer im\u00e1genes en colores usando distintas \u00e9pocas de observaci\u00f3n en el mismo filtro. En este caso se usaron las im\u00e1genes compuestas de los a\u00f1os 2010, 2011 y 2012 revelaron una nebulosa que cambia de color, sugiriendo una cierta variabilidad interesante. El seguimiento posterior de la regi\u00f3n revel\u00f3 que hay una estrella roja situada en el centro de esa nebulosa que cambia de brillo peri\u00f3dicamente cada 4 a\u00f1os. <br \/>Observaciones espectrosc\u00f3picas con el telescopio de 4m SOAR en el Cerro Pach\u00f3n en Chile revelaron que esa fuente central es un objeto estelar muy j\u00f3ven que ilumina la nebulosa peri\u00f3dicamente. Pero el misterio no termina ah\u00ed, ya que el estudio que llev\u00f3 tantos a\u00f1os tambi\u00e9n revel\u00f3 que la nebulosa cambia de color, y que una parte var\u00eda de la misma manera que la estrella, mientras que la otra parte lo hace al rev\u00e9s (o sea, cuando la estrella central es m\u00e1s brillante, esa regi\u00f3n de la nebulosa se apaga).<br \/>Este es un fen\u00f3meno desconocido que deja perplejos a los investigadores, de ah\u00ed su clasificaci\u00f3n como objeto WIT, aunque el equipo del VVVX propone un par de explicaciones posibles. Podr\u00eda tratarse de una estrella variable central que produce un eco de luz que se refleja en la parte posterior de la cavidad de la nebulosa que la rodea. Como la nebulosa es tan grande, la luz de la parte m\u00e1s cercana nos llega directamente, o sea que esa parte de la nebulosa aumenta de brillo cuando la estrella es m\u00e1s brillante. <br \/>Por otro lado, la luz que nos llega de la parte m\u00e1s distante se demora m\u00e1s en llegar a nosotros, tanto que la estrella ya ha bajado su brillo. Ese fen\u00f3meno conocido como eco de luz hasta ahora hab\u00eda sido observado en fen\u00f3menos explosivos como las novas y supernovas, pero no en estrellas variables como WIT-12. <br \/>Otra posible explicaci\u00f3n ser\u00eda la presencia de un disco circumestelar doblado que bloquea la luz hacia algunas partes de la nebulosa a medida que rota. Esto puede ser descrito como un \u201canti-faro\u201d, que al girar proyecta sombra hacia una direcci\u00f3n. La soluci\u00f3n final demanda m\u00e1s observaciones y una nueva b\u00fasqueda para tratar de encontrar objetos similares, usando telescopios como el futuro Observatorio Vera C. Rubin que se construye en el norte de Chile.<\/p><p>Integran este equipo:<br \/>Roberto K. Saito, Director de Investigaci\u00f3n del Departamento de F\u00edsica, Universidade Federal de Santa Catarina, Florian\u00f3polis, Brasil<br \/>Dante Minniti, Director del Instituto de Astrofi\u0301sica, Universidad Andres Bello (UNAB) e Investigador principal del Centro de Excelencia en Astrof\u00edsica y Tecnolog\u00edas Afines (CATA), Santiago, Chile<br \/>Bringfried Stecklum, Th\u00fcringer Landessternwarte, Sternwarte, Tautenburg, Germany<br \/>Philip W. Lucas, Centre for Astrophysics, University of Hertfordshire, Hatfield, United Kingdom<br \/>Zhen Guo, Instituto de F\u00edsica y Astronom\u00eda y N\u00facleo Milenio de Formaci\u00f3n Planetaria, Universidad de Valpara\u00edso, Valpara\u00edso, Chile <br \/>Leigh Smith, Institute of Astronomy, Cambridge University, Cambridge, United Kingdom<br \/>Luciano Fraga, Laboratorio Nacional de Astrof\u00edsica, Itajub\u00e1, Brasil<br \/>Felipe Navarete, SOAR Telescope\/NSF&#8217;s NOIRLab, La Serena, Chile<br \/>Juan Carlos Beam\u00edn, Instituto de Astrof\u00edsica, Universidad Andres Bello, Santiago, Chile<br \/>Calum Morris, Centre for Astrophysics, University of Hertfordshire, Hatfield, United Kingdom<\/p><p>Notas al pie: Agradecemos al prof . Dante Minniti de la UNAB su texto.\u00a0<\/p><p>Link a la publicaci\u00f3n <a href=\"https:\/\/arxiv.org\/abs\/2311.01593\"><strong>aqu\u00ed<\/strong><\/a><\/p>\t\t\t\t\t\t<\/div>\n\t\t\t\t<\/div>\n\t\t\t\t\t<\/div>\n\t\t<\/div>\n\t\t\t\t\t\t\t<\/div>\n\t\t<\/section>\n\t\t\t\t\t\t\t<\/div>\n\t\t","protected":false},"excerpt":{"rendered":"<p>Una nebulosa que late al comp\u00e1s de su estrella reci\u00e9n nacida. <\/p>\n<p>Este in\u00e9dito descubrimiento de 12 a\u00f1os de observaciones por parte de un equipo internacional de astr\u00f3nomos liderado por Roberto K. Saito de la Universidade Federal de Santa Catarina en Florian\u00f3polis, Brasil y acaba de ser publicado en The Astrophysical Journal Letters.<br \/>\nZhen Guo, investigador postdoctoral del Instituto de F\u00edsica y Astronom\u00eda de la Universidad de Valpara\u00edso es parte de este grupo de investigaci\u00f3n.<\/p>\n","protected":false},"author":6,"featured_media":16013,"comment_status":"closed","ping_status":"open","sticky":false,"template":"","format":"standard","meta":{"footnotes":""},"categories":[107],"tags":[138,143],"class_list":["post-16016","post","type-post","status-publish","format-standard","has-post-thumbnail","hentry","category-uncategorized","tag-astronomia-en","tag-ifa-en"],"_links":{"self":[{"href":"https:\/\/ifa.uv.cl\/en\/wp-json\/wp\/v2\/posts\/16016","targetHints":{"allow":["GET"]}}],"collection":[{"href":"https:\/\/ifa.uv.cl\/en\/wp-json\/wp\/v2\/posts"}],"about":[{"href":"https:\/\/ifa.uv.cl\/en\/wp-json\/wp\/v2\/types\/post"}],"author":[{"embeddable":true,"href":"https:\/\/ifa.uv.cl\/en\/wp-json\/wp\/v2\/users\/6"}],"replies":[{"embeddable":true,"href":"https:\/\/ifa.uv.cl\/en\/wp-json\/wp\/v2\/comments?post=16016"}],"version-history":[{"count":24,"href":"https:\/\/ifa.uv.cl\/en\/wp-json\/wp\/v2\/posts\/16016\/revisions"}],"predecessor-version":[{"id":16067,"href":"https:\/\/ifa.uv.cl\/en\/wp-json\/wp\/v2\/posts\/16016\/revisions\/16067"}],"wp:featuredmedia":[{"embeddable":true,"href":"https:\/\/ifa.uv.cl\/en\/wp-json\/wp\/v2\/media\/16013"}],"wp:attachment":[{"href":"https:\/\/ifa.uv.cl\/en\/wp-json\/wp\/v2\/media?parent=16016"}],"wp:term":[{"taxonomy":"category","embeddable":true,"href":"https:\/\/ifa.uv.cl\/en\/wp-json\/wp\/v2\/categories?post=16016"},{"taxonomy":"post_tag","embeddable":true,"href":"https:\/\/ifa.uv.cl\/en\/wp-json\/wp\/v2\/tags?post=16016"}],"curies":[{"name":"wp","href":"https:\/\/api.w.org\/{rel}","templated":true}]}}