{"id":15513,"date":"2024-09-10T02:01:00","date_gmt":"2024-09-10T05:01:00","guid":{"rendered":"https:\/\/ifa.uv.cl\/fisica-rock-el-podcast-del-academico-del-ifa-dr-graeme-candlish-disponible-ahora-en-spotify\/"},"modified":"2024-09-10T15:04:38","modified_gmt":"2024-09-10T18:04:38","slug":"fisica-rock-el-podcast-de-los-academicos-del-ifa-dr-graeme-candlish-y-dr-jose-villanueva-disponible-ahora-en-spotify","status":"publish","type":"post","link":"https:\/\/ifa.uv.cl\/en\/fisica-rock-el-podcast-de-los-academicos-del-ifa-dr-graeme-candlish-y-dr-jose-villanueva-disponible-ahora-en-spotify\/","title":{"rendered":"&#8220;F\u00edsica &amp; Rock&#8221;, el podcast de los acad\u00e9micos del IFA Dr. Graeme Candlish y Dr. Jos\u00e9 Villanueva disponible ahora en Spotify"},"content":{"rendered":"\t\t<div data-elementor-type=\"wp-post\" data-elementor-id=\"15513\" class=\"elementor elementor-15513\">\n\t\t\t\t\t\t\t\t\t<section class=\"elementor-section elementor-top-section elementor-element elementor-element-7c7f122 elementor-section-boxed elementor-section-height-default elementor-section-height-default qodef-elementor-content-no\" data-id=\"7c7f122\" data-element_type=\"section\">\n\t\t\t\t\t\t<div class=\"elementor-container elementor-column-gap-default\">\n\t\t\t\t\t<div class=\"elementor-column elementor-col-100 elementor-top-column elementor-element elementor-element-aa8a5ae\" data-id=\"aa8a5ae\" data-element_type=\"column\">\n\t\t\t<div class=\"elementor-widget-wrap elementor-element-populated\">\n\t\t\t\t\t\t\t\t<div class=\"elementor-element elementor-element-d3cf318 elementor-widget elementor-widget-text-editor\" data-id=\"d3cf318\" data-element_type=\"widget\" data-widget_type=\"text-editor.default\">\n\t\t\t\t<div class=\"elementor-widget-container\">\n\t\t\t<style>\/*! elementor - v3.6.7 - 03-07-2022 *\/\n.elementor-widget-text-editor.elementor-drop-cap-view-stacked .elementor-drop-cap{background-color:#818a91;color:#fff}.elementor-widget-text-editor.elementor-drop-cap-view-framed .elementor-drop-cap{color:#818a91;border:3px solid;background-color:transparent}.elementor-widget-text-editor:not(.elementor-drop-cap-view-default) .elementor-drop-cap{margin-top:8px}.elementor-widget-text-editor:not(.elementor-drop-cap-view-default) .elementor-drop-cap-letter{width:1em;height:1em}.elementor-widget-text-editor .elementor-drop-cap{float:left;text-align:center;line-height:1;font-size:50px}.elementor-widget-text-editor .elementor-drop-cap-letter{display:inline-block}<\/style>\t\t\t\t<p>Las c\u00e1psulas radiales &#8220;F\u00edsica &amp; Rock&#8221; ya van en su tercera temporada 2024. Cada semana los f\u00edsicos y acad\u00e9micos del Instituto de F\u00edsica y Astronom\u00eda de la Universidad de Valpara\u00edso, Dr. Graeme Candlish y Dr. Jos\u00e9 Villanueva presentan los m\u00e1s actuales temas de la f\u00edsica con un lenguaje ameno y preparado especialmente para todo p\u00fablico.<\/p><p>El \u00e9xito de estas producciones radiales llev\u00f3 a que el equipo de difusi\u00f3n del IFA creara un canal especial para alojarlas en Spotify y as\u00ed ampliar su alcance.<\/p><p><iframe title=\"Spotify Embed: F\u00edsica &amp; Rock con el Dr. Graeme Candlish\" style=\"border-radius: 12px\" width=\"100%\" height=\"152\" frameborder=\"0\" allowfullscreen allow=\"autoplay; clipboard-write; encrypted-media; fullscreen; picture-in-picture\" loading=\"lazy\" src=\"https:\/\/open.spotify.com\/embed\/show\/65v8gkF6ZBBzJJ0gOiROzP?si=3d82501d782b4935&utm_source=oembed\"><\/iframe><\/p><p><\/p><p>\u00a0<\/p><p>El acad\u00e9mico del IFA nos adentra en las manifestaciones de los fen\u00f3menos en el campo f\u00edsico del cosmos. Se han abordado temas como el recientemente instalado en el espacio Sat\u00e9lite Euclid, la velocidad de la luz, las ondas gravitacionales y sus \u00faltimos descubrimientos, el experimento de astrof\u00edsica IceCube o detector de neutrinos que est\u00e1 ubicado en el Polo Sur, entre otros fascinantes temas que en cada cap\u00edtulo se acompa\u00f1an de un tema de rock especialmente combinado con el contenido de esa versi\u00f3n.<\/p><p><iframe title=\"Spotify Embed: C\u00e1psula 19: &quot;Ondas gravitacionales&quot;\" style=\"border-radius: 12px\" width=\"100%\" height=\"152\" frameborder=\"0\" allowfullscreen allow=\"autoplay; clipboard-write; encrypted-media; fullscreen; picture-in-picture\" loading=\"lazy\" src=\"https:\/\/open.spotify.com\/embed\/episode\/6zgJOXJEdVg9R9URkxgqft?si=806f3c9c9a574596&utm_source=oembed\"><\/iframe><\/p><p>Son s\u00f3lo 4 minutos de una s\u00edntesis que se pueden escuchar ahora en Spotify.<\/p><p>Cada nuevo episodio se estrena los jueves a las 11 de la ma\u00f1ana en el programa Caf\u00e9 Negro que conduce el periodista Eduardo Drouillas en Radio Valent\u00edn Letelier 97.3 FM y se repiten cada martes por <a href=\"https:\/\/uv.cl\/radio\/\"><strong><span style=\"color: #ff6600;\">https:\/\/uv.cl\/radio\/<\/span><\/strong><\/a><\/p><p>Para seguir el programa y sus nuevos episodios se debe <strong><span style=\"color: #ff6600;\"><a style=\"color: #ff6600;\" href=\"https:\/\/open.spotify.com\/show\/65v8gkF6ZBBzJJ0gOiROzP?si=2caaa6ba0fe145b4\">acceder aqu\u00ed.<\/a><\/span><\/strong><\/p>\t\t\t\t\t\t<\/div>\n\t\t\t\t<\/div>\n\t\t\t\t\t<\/div>\n\t\t<\/div>\n\t\t\t\t\t\t\t<\/div>\n\t\t<\/section>\n\t\t\t\t\t\t\t<\/div>\n\t\t","protected":false},"excerpt":{"rendered":"<p>Son s\u00f3lo 4 minutos de breves c\u00e1psulas con temas de la f\u00edsica actual y biograf\u00edas de cient\u00edficos que presentan de forma f\u00e1cil los f\u00edsicos y acad\u00e9micos Dr. Graeme Candlish y Dr. Jos\u00e9 Villanueva (IFA-UV) siempre acompa\u00f1adas de rock alusivo al contenido.<\/p>\n","protected":false},"author":6,"featured_media":18984,"comment_status":"closed","ping_status":"open","sticky":false,"template":"","format":"standard","meta":{"footnotes":""},"categories":[163,107],"tags":[138,138,143,143],"class_list":{"0":"post-15513","1":"post","2":"type-post","3":"status-publish","4":"format-standard","5":"has-post-thumbnail","6":"hentry","7":"category-noticias-en","8":"category-uncategorized","9":"tag-astronomia-en","11":"tag-ifa-en"},"_links":{"self":[{"href":"https:\/\/ifa.uv.cl\/en\/wp-json\/wp\/v2\/posts\/15513","targetHints":{"allow":["GET"]}}],"collection":[{"href":"https:\/\/ifa.uv.cl\/en\/wp-json\/wp\/v2\/posts"}],"about":[{"href":"https:\/\/ifa.uv.cl\/en\/wp-json\/wp\/v2\/types\/post"}],"author":[{"embeddable":true,"href":"https:\/\/ifa.uv.cl\/en\/wp-json\/wp\/v2\/users\/6"}],"replies":[{"embeddable":true,"href":"https:\/\/ifa.uv.cl\/en\/wp-json\/wp\/v2\/comments?post=15513"}],"version-history":[{"count":13,"href":"https:\/\/ifa.uv.cl\/en\/wp-json\/wp\/v2\/posts\/15513\/revisions"}],"predecessor-version":[{"id":19000,"href":"https:\/\/ifa.uv.cl\/en\/wp-json\/wp\/v2\/posts\/15513\/revisions\/19000"}],"wp:featuredmedia":[{"embeddable":true,"href":"https:\/\/ifa.uv.cl\/en\/wp-json\/wp\/v2\/media\/18984"}],"wp:attachment":[{"href":"https:\/\/ifa.uv.cl\/en\/wp-json\/wp\/v2\/media?parent=15513"}],"wp:term":[{"taxonomy":"category","embeddable":true,"href":"https:\/\/ifa.uv.cl\/en\/wp-json\/wp\/v2\/categories?post=15513"},{"taxonomy":"post_tag","embeddable":true,"href":"https:\/\/ifa.uv.cl\/en\/wp-json\/wp\/v2\/tags?post=15513"}],"curies":[{"name":"wp","href":"https:\/\/api.w.org\/{rel}","templated":true}]}}